{"id":30018,"date":"2024-01-27T12:03:48","date_gmt":"2024-01-27T18:03:48","guid":{"rendered":"https:\/\/politicosaldesnudo.com.mx\/?p=30018"},"modified":"2024-01-27T12:03:48","modified_gmt":"2024-01-27T18:03:48","slug":"niegan-alerta-por-covid-en-veracruz","status":"publish","type":"post","link":"https:\/\/politicosaldesnudo.com.mx\/index.php\/2024\/01\/27\/niegan-alerta-por-covid-en-veracruz\/","title":{"rendered":"Niegan alerta por Covid, en Veracruz"},"content":{"rendered":"<p><span style=\"font-size: 14pt;\">Xalapa.- En Veracruz no hay una alerta por Covid y sus variantes, asegur\u00f3 la titular de la Secretar\u00eda de Salud de Veracruz, Guadalupe D\u00edaz del Castillo Flores, quien afirm\u00f3 que en lo que va del mes de enero no se tienen reportadas muertes por este padecimiento, aunque s\u00ed se culmin\u00f3 el 2023 con 3 muertes por covid.<\/span><\/p>\n<p><span style=\"font-size: 14pt;\">En entrevista, la funcionaria estatal tambi\u00e9n rechaz\u00f3 que haya una alerta por ocupaci\u00f3n hospitalaria en el Hospital Regional de Coatzacoalcos, pues solo se hizo un reforzamiento de las medidas que d\u00eda a d\u00eda se tienen que llevar al interior de los hospitales.<\/span><\/p>\n<p><span style=\"font-size: 14pt;\">En ese sentido, la tambi\u00e9n directora de los Servicios de Salud de Veracruz (SESVER) se\u00f1al\u00f3 que en el caso de Covid-19 los datos son p\u00fablicos y se mantiene dentro de los par\u00e1metros normales.<\/span><\/p>\n<p><span style=\"font-size: 14pt;\">\u201cCovid como se conoce, los datos son p\u00fablicos, se encuentra dentro de los par\u00e1metros, no nos gusta decir de control, al ser una pandemia de reciente creaci\u00f3n, no sabemos cu\u00e1l es su temporalidad, puede tener cambios en cualquier momento, sin embargo lo que buscamos con la vacunaci\u00f3n que es eliminar los casos graves y las muertes se est\u00e1 logrando, se ha logrado, este a\u00f1o llevamos 0 defunciones\u201d.<\/span><\/p>\n<p><span style=\"font-size: 14pt;\">No as\u00ed, dijo, el mes de diciembre que se registraron 3 muertes, pero nada comparado con la \u00e9poca de la pandemia.<\/span><\/p>\n<p><span style=\"font-size: 14pt;\">Asimismo, hizo un llamado a la poblaci\u00f3n para que acuda a los centros de salud, donde hay vacuna disponible contra Covid, pero tambi\u00e9n para otras enfermedades respiratorias invernales, como influenza y neumococo.<\/span><\/p>\n<p><span style=\"font-size: 14pt;\">USO DE CUBREBOCAS, A DECISI\u00d3N DE CADA PERSONA<\/span><\/p>\n<p><span style=\"font-size: 14pt;\">Por otra parte, cuestionada en torno al uso de cubrebocas en las escuelas, dijo que se recomienda cuando una persona tiene s\u00edntomas de enfermedades respiratorias, a fin de evitar el ausentismo escolar.<\/span><\/p>\n<p><span style=\"font-size: 14pt;\">\u201cPara todas las personas que tienen s\u00edntomas, hacemos llamado a los ni\u00f1os, ni\u00f1as, adolescentes, adultos, que est\u00e1n en lugares cerrados que usen el cubrebocas\u201d.<\/span><\/p>\n","protected":false},"excerpt":{"rendered":"<p>Xalapa.- En Veracruz no hay una alerta por Covid y sus variantes, asegur\u00f3 la titular de la Secretar\u00eda de Salud<\/p>\n","protected":false},"author":4,"featured_media":30019,"comment_status":"closed","ping_status":"closed","sticky":false,"template":"","format":"standard","meta":{"colormag_page_container_layout":"default_layout","colormag_page_sidebar_layout":"default_layout","_jetpack_memberships_contains_paid_content":false,"footnotes":"","jetpack_publicize_message":"","jetpack_publicize_feature_enabled":true,"jetpack_social_post_already_shared":false,"jetpack_social_options":{"image_generator_settings":{"template":"highway","default_image_id":0,"font":"","enabled":false},"version":2}},"categories":[30],"tags":[],"class_list":["post-30018","post","type-post","status-publish","format-standard","has-post-thumbnail","hentry","category-estados"],"jetpack_publicize_connections":[],"jetpack_featured_media_url":"https:\/\/i0.wp.com\/politicosaldesnudo.com.mx\/wp-content\/uploads\/2024\/01\/8c-5.jpg?fit=1600%2C900&ssl=1","jetpack-related-posts":[],"jetpack_sharing_enabled":true,"_links":{"self":[{"href":"https:\/\/politicosaldesnudo.com.mx\/index.php\/wp-json\/wp\/v2\/posts\/30018","targetHints":{"allow":["GET"]}}],"collection":[{"href":"https:\/\/politicosaldesnudo.com.mx\/index.php\/wp-json\/wp\/v2\/posts"}],"about":[{"href":"https:\/\/politicosaldesnudo.com.mx\/index.php\/wp-json\/wp\/v2\/types\/post"}],"author":[{"embeddable":true,"href":"https:\/\/politicosaldesnudo.com.mx\/index.php\/wp-json\/wp\/v2\/users\/4"}],"replies":[{"embeddable":true,"href":"https:\/\/politicosaldesnudo.com.mx\/index.php\/wp-json\/wp\/v2\/comments?post=30018"}],"version-history":[{"count":0,"href":"https:\/\/politicosaldesnudo.com.mx\/index.php\/wp-json\/wp\/v2\/posts\/30018\/revisions"}],"wp:featuredmedia":[{"embeddable":true,"href":"https:\/\/politicosaldesnudo.com.mx\/index.php\/wp-json\/wp\/v2\/media\/30019"}],"wp:attachment":[{"href":"https:\/\/politicosaldesnudo.com.mx\/index.php\/wp-json\/wp\/v2\/media?parent=30018"}],"wp:term":[{"taxonomy":"category","embeddable":true,"href":"https:\/\/politicosaldesnudo.com.mx\/index.php\/wp-json\/wp\/v2\/categories?post=30018"},{"taxonomy":"post_tag","embeddable":true,"href":"https:\/\/politicosaldesnudo.com.mx\/index.php\/wp-json\/wp\/v2\/tags?post=30018"}],"curies":[{"name":"wp","href":"https:\/\/api.w.org\/{rel}","templated":true}]}}