{"id":30091,"date":"2024-01-29T09:40:16","date_gmt":"2024-01-29T15:40:16","guid":{"rendered":"https:\/\/politicosaldesnudo.com.mx\/?p=30091"},"modified":"2024-01-29T09:40:16","modified_gmt":"2024-01-29T15:40:16","slug":"preparan-plaza-de-la-amistad","status":"publish","type":"post","link":"https:\/\/politicosaldesnudo.com.mx\/index.php\/2024\/01\/29\/preparan-plaza-de-la-amistad\/","title":{"rendered":"Preparan Plaza  de la Amistad"},"content":{"rendered":"<p><span style=\"font-size: 14pt;\">Tuxpan.- Ya est\u00e1n abiertas las inscripciones para todos aquellos comerciantes que deseen participar y exponer sus productos en la ya tradicional Plaza de la Amistad, que se desarrolla a un costado de la Presidencia Municipal.<\/span><\/p>\n<p><span style=\"font-size: 14pt;\">El regidor quinto Juan G\u00f3mez, comisionado en Comercio, adelant\u00f3 que la plaza se instalar\u00e1 los d\u00edas 12, 13 y 14 de febrero a un costado del palacio, mientras que, en la plaza c\u00edvica, se instalar\u00e1n todos los Artesanos que buscan tambi\u00e9n un espacio para comercializar sus productos.<\/span><\/p>\n<p><span style=\"font-size: 14pt;\">El tianguis contar\u00e1 con alrededor de 50 vendedores locales que ofrecer\u00e1n productos alusivos al D\u00eda del Amor y la Amistad, como flores, chocolates, peluches, joyas, ropa y art\u00edculos de decoraci\u00f3n.<\/span><\/p>\n<p><span style=\"font-size: 14pt;\">Mencion\u00f3 que al igual que el a\u00f1o pasado, la direcci\u00f3n de comercio se har\u00e1 cargo de la inscripci\u00f3n de los interesados, adem\u00e1s de la recaudaci\u00f3n de los cobros, que ser\u00e1n m\u00ednimos, puesto que el objetivo es apoyar al comercio local y a los emprendedores.<\/span><\/p>\n<p><span style=\"font-size: 14pt;\">Coment\u00f3 que cualquier ciudadano que desee exponer sus productos durante esos d\u00edas, acuda a la regidur\u00eda a solicitar mayores informes o a la direcci\u00f3n, puesto que todos contar\u00e1n con el apoyo del gobierno, que encabeza el alcalde Jos\u00e9 Manuel Pozos Castro.<\/span><\/p>\n","protected":false},"excerpt":{"rendered":"<p>Tuxpan.- Ya est\u00e1n abiertas las inscripciones para todos aquellos comerciantes que deseen participar y exponer sus productos en la ya<\/p>\n","protected":false},"author":4,"featured_media":30092,"comment_status":"closed","ping_status":"closed","sticky":false,"template":"","format":"standard","meta":{"colormag_page_container_layout":"default_layout","colormag_page_sidebar_layout":"default_layout","_jetpack_memberships_contains_paid_content":false,"footnotes":"","jetpack_publicize_message":"","jetpack_publicize_feature_enabled":true,"jetpack_social_post_already_shared":false,"jetpack_social_options":{"image_generator_settings":{"template":"highway","default_image_id":0,"font":"","enabled":false},"version":2}},"categories":[1082],"tags":[],"class_list":["post-30091","post","type-post","status-publish","format-standard","has-post-thumbnail","hentry","category-tuxpan"],"jetpack_publicize_connections":[],"jetpack_featured_media_url":"https:\/\/i0.wp.com\/politicosaldesnudo.com.mx\/wp-content\/uploads\/2024\/01\/5a-8.jpg?fit=800%2C600&ssl=1","jetpack-related-posts":[],"jetpack_sharing_enabled":true,"_links":{"self":[{"href":"https:\/\/politicosaldesnudo.com.mx\/index.php\/wp-json\/wp\/v2\/posts\/30091","targetHints":{"allow":["GET"]}}],"collection":[{"href":"https:\/\/politicosaldesnudo.com.mx\/index.php\/wp-json\/wp\/v2\/posts"}],"about":[{"href":"https:\/\/politicosaldesnudo.com.mx\/index.php\/wp-json\/wp\/v2\/types\/post"}],"author":[{"embeddable":true,"href":"https:\/\/politicosaldesnudo.com.mx\/index.php\/wp-json\/wp\/v2\/users\/4"}],"replies":[{"embeddable":true,"href":"https:\/\/politicosaldesnudo.com.mx\/index.php\/wp-json\/wp\/v2\/comments?post=30091"}],"version-history":[{"count":0,"href":"https:\/\/politicosaldesnudo.com.mx\/index.php\/wp-json\/wp\/v2\/posts\/30091\/revisions"}],"wp:featuredmedia":[{"embeddable":true,"href":"https:\/\/politicosaldesnudo.com.mx\/index.php\/wp-json\/wp\/v2\/media\/30092"}],"wp:attachment":[{"href":"https:\/\/politicosaldesnudo.com.mx\/index.php\/wp-json\/wp\/v2\/media?parent=30091"}],"wp:term":[{"taxonomy":"category","embeddable":true,"href":"https:\/\/politicosaldesnudo.com.mx\/index.php\/wp-json\/wp\/v2\/categories?post=30091"},{"taxonomy":"post_tag","embeddable":true,"href":"https:\/\/politicosaldesnudo.com.mx\/index.php\/wp-json\/wp\/v2\/tags?post=30091"}],"curies":[{"name":"wp","href":"https:\/\/api.w.org\/{rel}","templated":true}]}}