{"id":30188,"date":"2024-01-30T08:48:28","date_gmt":"2024-01-30T14:48:28","guid":{"rendered":"https:\/\/politicosaldesnudo.com.mx\/?p=30188"},"modified":"2024-01-30T08:48:28","modified_gmt":"2024-01-30T14:48:28","slug":"puede-comenzar-produccion-de-la-vacuna-patria-el-15-de-febrero-cofepris","status":"publish","type":"post","link":"https:\/\/politicosaldesnudo.com.mx\/index.php\/2024\/01\/30\/puede-comenzar-produccion-de-la-vacuna-patria-el-15-de-febrero-cofepris\/","title":{"rendered":"Puede comenzar producci\u00f3n de la vacuna Patria el 15 de febrero: Cofepris"},"content":{"rendered":"<p><span style=\"font-size: 14pt;\">La vacuna Patria \u2014desarrollada por cient\u00edficos mexicanos\u2014 podr\u00eda comenzar a fabricarse el 15 de febrero, pues avanza hacia su autorizaci\u00f3n definitiva, confirm\u00f3 el titular de la Comisi\u00f3n Federal para la Protecci\u00f3n contra Riesgos Sanitarios (Cofepris), Alejandro Svarch P\u00e9rez.<\/span><\/p>\n<p><span style=\"font-size: 14pt;\">En la ma\u00f1anera presidencial de este viernes, el funcionario se\u00f1al\u00f3 a pregunta expresa que se prev\u00e9 una producci\u00f3n de entre 1.7 y 2.5 millones de dosis en los tres primeros meses por parte de Avi-Mex.<\/span><\/p>\n<p><span style=\"font-size: 14pt;\">Ante el presidente Andr\u00e9s Manuel L\u00f3pez Obrador, Svarch P\u00e9rez asever\u00f3 que esta vacuna no s\u00f3lo es un producto cient\u00edfico de alta calidad, seguridad y eficacia, sino que la investigaci\u00f3n cl\u00ednica se realiz\u00f3 bajo los m\u00e1s altos est\u00e1ndares de calidad en el mundo.<\/span><\/p>\n<p><span style=\"font-size: 14pt;\">Record\u00f3 que el viernes pasado el pues el pasado viernes el Comit\u00e9 de Mol\u00e9culas Nuevas (CMN) de la Cofepris concluy\u00f3 por unanimidad que se trata de un biol\u00f3gico seguro y eficaz como refuerzo para prevenir el contagio y las secuelas del contagio por el virus SARS-CoV-2, causante de covid-19.<\/span><\/p>\n<p><span style=\"font-size: 14pt;\">Tambi\u00e9n se determin\u00f3 que este biol\u00f3gico nacional es eficaz para evitar las consecuencias del virus en las personas mayores de 18 a\u00f1os y con comorbilidades comunes en nuestro pa\u00eds como hipertensi\u00f3n, obesidad y diabetes.<\/span><\/p>\n<p><span style=\"font-size: 14pt;\">Asimismo, mostr\u00f3 efectividad equivalente a la de otros biol\u00f3gicos que ya se aplican entre la poblaci\u00f3n y protege a la poblaci\u00f3n frente a las variantes que actualmente circulan en el pa\u00eds, por lo que los mexicanos \u00abpodemos estar tranquilos que tenemos un biol\u00f3gico eficaz\u201d, apunt\u00f3.<\/span><\/p>\n<p><span style=\"font-size: 14pt;\">Dijo que con base en estos argumentos, los expertos del Comit\u00e9 dieron una opini\u00f3n favorable de forma un\u00e1nime. \u201cLa opini\u00f3n positiva de este comit\u00e9 confirmado por especialistas con alta trayectoria y solidez cient\u00edfica constituye un paso crucial para la autorizaci\u00f3n definitiva por parte de Cofepris\u201d.<\/span><\/p>\n<p><span style=\"font-size: 14pt;\">Agreg\u00f3: \u201cSin duda el desarrollo de Patria ejemplifica las capacidades que tiene el gobierno de M\u00e9xico para articular soluciones en materia sanitaria que recupere nuestra soberan\u00eda en materia de producci\u00f3n de vacunas, este aprendizaje nos invita a continuar con otro tipo de desarrollos que abonen a que nuestro pa\u00eds vuelva a distinguirse por sus capacidades de fabricaci\u00f3n de medicamentos y vacunas\u201d.<\/span><\/p>\n","protected":false},"excerpt":{"rendered":"<p>La vacuna Patria \u2014desarrollada por cient\u00edficos mexicanos\u2014 podr\u00eda comenzar a fabricarse el 15 de febrero, pues avanza hacia su autorizaci\u00f3n<\/p>\n","protected":false},"author":4,"featured_media":30189,"comment_status":"closed","ping_status":"closed","sticky":false,"template":"","format":"standard","meta":{"colormag_page_container_layout":"default_layout","colormag_page_sidebar_layout":"default_layout","_jetpack_memberships_contains_paid_content":false,"footnotes":"","jetpack_publicize_message":"","jetpack_publicize_feature_enabled":true,"jetpack_social_post_already_shared":false,"jetpack_social_options":{"image_generator_settings":{"template":"highway","default_image_id":0,"font":"","enabled":false},"version":2}},"categories":[33],"tags":[],"class_list":["post-30188","post","type-post","status-publish","format-standard","has-post-thumbnail","hentry","category-nacional"],"jetpack_publicize_connections":[],"jetpack_featured_media_url":"https:\/\/i0.wp.com\/politicosaldesnudo.com.mx\/wp-content\/uploads\/2024\/01\/puede-comenzar-produccion-de-la-vacuna-patria-el-15-de-febrero-cofepris-5676html-patriajpg-159html-b1758c4b-7922-4631-942c-ee0d315793b6.webp?fit=870%2C653&ssl=1","jetpack-related-posts":[],"jetpack_sharing_enabled":true,"_links":{"self":[{"href":"https:\/\/politicosaldesnudo.com.mx\/index.php\/wp-json\/wp\/v2\/posts\/30188","targetHints":{"allow":["GET"]}}],"collection":[{"href":"https:\/\/politicosaldesnudo.com.mx\/index.php\/wp-json\/wp\/v2\/posts"}],"about":[{"href":"https:\/\/politicosaldesnudo.com.mx\/index.php\/wp-json\/wp\/v2\/types\/post"}],"author":[{"embeddable":true,"href":"https:\/\/politicosaldesnudo.com.mx\/index.php\/wp-json\/wp\/v2\/users\/4"}],"replies":[{"embeddable":true,"href":"https:\/\/politicosaldesnudo.com.mx\/index.php\/wp-json\/wp\/v2\/comments?post=30188"}],"version-history":[{"count":0,"href":"https:\/\/politicosaldesnudo.com.mx\/index.php\/wp-json\/wp\/v2\/posts\/30188\/revisions"}],"wp:featuredmedia":[{"embeddable":true,"href":"https:\/\/politicosaldesnudo.com.mx\/index.php\/wp-json\/wp\/v2\/media\/30189"}],"wp:attachment":[{"href":"https:\/\/politicosaldesnudo.com.mx\/index.php\/wp-json\/wp\/v2\/media?parent=30188"}],"wp:term":[{"taxonomy":"category","embeddable":true,"href":"https:\/\/politicosaldesnudo.com.mx\/index.php\/wp-json\/wp\/v2\/categories?post=30188"},{"taxonomy":"post_tag","embeddable":true,"href":"https:\/\/politicosaldesnudo.com.mx\/index.php\/wp-json\/wp\/v2\/tags?post=30188"}],"curies":[{"name":"wp","href":"https:\/\/api.w.org\/{rel}","templated":true}]}}