{"id":30213,"date":"2024-01-30T09:29:40","date_gmt":"2024-01-30T15:29:40","guid":{"rendered":"https:\/\/politicosaldesnudo.com.mx\/?p=30213"},"modified":"2024-01-30T09:29:40","modified_gmt":"2024-01-30T15:29:40","slug":"un-descomunal-fracaso","status":"publish","type":"post","link":"https:\/\/politicosaldesnudo.com.mx\/index.php\/2024\/01\/30\/un-descomunal-fracaso\/","title":{"rendered":"Un descomunal fracaso"},"content":{"rendered":"<p><strong><span style=\"font-size: 14pt;\">Por Aurelio Contreras Moreno<\/span><\/strong><\/p>\n<p><span style=\"font-size: 14pt;\">Junto con el supuesto \u201cfin\u201d de la corrupci\u00f3n, que no ha pasado de ser pura ret\u00f3rica demag\u00f3gica, la violencia y la inseguridad representan el mayor de los fracasos del sexenio de Andr\u00e9s Manuel L\u00f3pez Obrador.<\/span><\/p>\n<p><span style=\"font-size: 14pt;\">La violencia que asuela a pr\u00e1cticamente todo el pa\u00eds ha alcanzado niveles insoportables, por m\u00e1s que el presidente intente \u201cmarear\u201d a quienes lo cuestionan y enga\u00f1ar a quienes le creen sus \u201cotros datos\u201d.<\/span><\/p>\n<p><span style=\"font-size: 14pt;\">Durante lo que va del agonizante sexenio obradorista se han registrado m\u00e1s de 160 mil asesinatos dolosos en el pa\u00eds. La sola cifra, sin tener que compararla con nada, es brutal, evidencia de una tragedia gigantesca para la que el gobierno no tuvo nunca una estrategia real.<\/span><\/p>\n<p><span style=\"font-size: 14pt;\">La idea de \u201catacar el problema de ra\u00edz\u201d atendiendo las causas de la delincuencia como la pobreza o la ausencia de oportunidades de desarrollo, sonar\u00eda bien y hasta podr\u00eda haber dado alg\u00fan resultado si el gobierno hubiese instrumentado una verdadera pol\u00edtica p\u00fablica para elevar la calidad de vida de la poblaci\u00f3n. En cambio, lo \u00fanico que hizo fue implementar programas clientelares, repartir dinero p\u00fablico con el \u00fanico fin de ganar elecciones comprando voluntades y consciencias. El resultado est\u00e1 a la vista.<\/span><\/p>\n<p><span style=\"font-size: 14pt;\">Negado a aceptar la realidad y cerrado por completo ante la m\u00ednima cr\u00edtica \u2013la autocr\u00edtica no existe en su imaginario-, L\u00f3pez Obrador intenta evadir la responsabilidad ante el desastre provocado por una estrategia que ha dejado crecer sin control la violencia de los grupos delincuenciales, a pesar de \u2013o quiz\u00e1s, gracias a- la militarizaci\u00f3n total de la seguridad p\u00fablica. Y de todas las \u00e1reas estrat\u00e9gicas de la administraci\u00f3n p\u00fablica.<\/span><\/p>\n<p><span style=\"font-size: 14pt;\">No hay d\u00eda que no se reporten actos de violencia sangrienta en el territorio nacional. Nada m\u00e1s en el estado de Veracruz, el s\u00e1bado asesinaron a mansalva a un dirigente partidista en el municipio de Cuitl\u00e1huac, el domingo aparecieron dos mujeres asesinadas en Perote y el lunes se dio a conocer el hallazgo en Tuxpan de bolsas con restos humanos desmembrados, que podr\u00edan llegar a ser de hasta 15 personas seg\u00fan ha trascendido.<\/span><\/p>\n<p><span style=\"font-size: 14pt;\">Y cada vez m\u00e1s se normaliza vivir de esa manera. El horror deja de escandalizar o de llamar la atenci\u00f3n. Se ha vuelto parte de una brutal cotidianidad en extensas franjas del pa\u00eds.<\/span><\/p>\n<p><span style=\"font-size: 14pt;\">De mantenerse la violencia a este mismo ritmo, el sexenio de L\u00f3pez Obrador podr\u00eda concluir con unas 190 mil personas asesinadas. Ya es, aunque lo niegue, el m\u00e1s sangriento de la historia reciente del pa\u00eds. Superior en letalidad a los de Felipe Calder\u00f3n y Enrique Pe\u00f1a Nieto. No hay manera de esconder la tragedia. Aunque el presidente salga con bufonadas como que la principal causa de muerte en M\u00e9xico son los infartos.<\/span><\/p>\n<p><span style=\"font-size: 14pt;\">Y es por esa raz\u00f3n que, as\u00ed como sucedi\u00f3 en el sexenio de Calder\u00f3n \u2013su odiada N\u00e9mesis-, la gente est\u00e1 defendi\u00e9ndose por su cuenta, como puede, de los criminales, ante la absoluta inoperancia \u2013por incapacidad o por complicidad- de las fuerzas del orden, de las autoridades encargadas de \u201cvelar\u201d por la integridad de la poblaci\u00f3n.<\/span><\/p>\n<p><span style=\"font-size: 14pt;\">La semana pasada, se difundieron im\u00e1genes de ni\u00f1os que participan en un grupo de autodefensas en el estado de Guerrero, en una poblaci\u00f3n nahua de nombre Ayahualtempa. Veinte menores de edad de entre 12 y 17 a\u00f1os, ni\u00f1os y ni\u00f1as que recibieron adiestramiento para manejar armas.<\/span><\/p>\n<p><span style=\"font-size: 14pt;\">Y as\u00ed aparecen, armados con fusiles, dispuestos a enfrentar con fuego a los delincuentes que los roban, los secuestran y los matan sin que haya autoridad de cualquier nivel que los defienda.<\/span><\/p>\n<p><span style=\"font-size: 14pt;\">No hay imagen m\u00e1s elocuente del descomunal fracaso del obradorato.<\/span><\/p>\n<p><img data-recalc-dims=\"1\" loading=\"lazy\" decoding=\"async\" class=\"aligncenter size-full wp-image-30071\" src=\"https:\/\/i0.wp.com\/politicosaldesnudo.com.mx\/wp-content\/uploads\/2024\/01\/FIRMA-EDITORIAL-PD-5.jpg?resize=800%2C98&#038;ssl=1\" alt=\"\" width=\"800\" height=\"98\" srcset=\"https:\/\/i0.wp.com\/politicosaldesnudo.com.mx\/wp-content\/uploads\/2024\/01\/FIRMA-EDITORIAL-PD-5.jpg?w=1024&amp;ssl=1 1024w, https:\/\/i0.wp.com\/politicosaldesnudo.com.mx\/wp-content\/uploads\/2024\/01\/FIRMA-EDITORIAL-PD-5.jpg?resize=300%2C37&amp;ssl=1 300w, https:\/\/i0.wp.com\/politicosaldesnudo.com.mx\/wp-content\/uploads\/2024\/01\/FIRMA-EDITORIAL-PD-5.jpg?resize=768%2C94&amp;ssl=1 768w\" sizes=\"auto, (max-width: 800px) 100vw, 800px\" \/><\/p>\n","protected":false},"excerpt":{"rendered":"<p>Por Aurelio Contreras Moreno Junto con el supuesto \u201cfin\u201d de la corrupci\u00f3n, que no ha pasado de ser pura ret\u00f3rica<\/p>\n","protected":false},"author":4,"featured_media":4397,"comment_status":"closed","ping_status":"closed","sticky":false,"template":"","format":"standard","meta":{"colormag_page_container_layout":"default_layout","colormag_page_sidebar_layout":"default_layout","_jetpack_memberships_contains_paid_content":false,"footnotes":"","jetpack_publicize_message":"","jetpack_publicize_feature_enabled":true,"jetpack_social_post_already_shared":false,"jetpack_social_options":{"image_generator_settings":{"template":"highway","default_image_id":0,"font":"","enabled":false},"version":2}},"categories":[26],"tags":[],"class_list":["post-30213","post","type-post","status-publish","format-standard","has-post-thumbnail","hentry","category-columnistas"],"jetpack_publicize_connections":[],"jetpack_featured_media_url":"https:\/\/i0.wp.com\/politicosaldesnudo.com.mx\/wp-content\/uploads\/2022\/04\/AURELIO-CONTRERAS-MORENO-1.png?fit=1816%2C1016&ssl=1","jetpack-related-posts":[],"jetpack_sharing_enabled":true,"_links":{"self":[{"href":"https:\/\/politicosaldesnudo.com.mx\/index.php\/wp-json\/wp\/v2\/posts\/30213","targetHints":{"allow":["GET"]}}],"collection":[{"href":"https:\/\/politicosaldesnudo.com.mx\/index.php\/wp-json\/wp\/v2\/posts"}],"about":[{"href":"https:\/\/politicosaldesnudo.com.mx\/index.php\/wp-json\/wp\/v2\/types\/post"}],"author":[{"embeddable":true,"href":"https:\/\/politicosaldesnudo.com.mx\/index.php\/wp-json\/wp\/v2\/users\/4"}],"replies":[{"embeddable":true,"href":"https:\/\/politicosaldesnudo.com.mx\/index.php\/wp-json\/wp\/v2\/comments?post=30213"}],"version-history":[{"count":0,"href":"https:\/\/politicosaldesnudo.com.mx\/index.php\/wp-json\/wp\/v2\/posts\/30213\/revisions"}],"wp:featuredmedia":[{"embeddable":true,"href":"https:\/\/politicosaldesnudo.com.mx\/index.php\/wp-json\/wp\/v2\/media\/4397"}],"wp:attachment":[{"href":"https:\/\/politicosaldesnudo.com.mx\/index.php\/wp-json\/wp\/v2\/media?parent=30213"}],"wp:term":[{"taxonomy":"category","embeddable":true,"href":"https:\/\/politicosaldesnudo.com.mx\/index.php\/wp-json\/wp\/v2\/categories?post=30213"},{"taxonomy":"post_tag","embeddable":true,"href":"https:\/\/politicosaldesnudo.com.mx\/index.php\/wp-json\/wp\/v2\/tags?post=30213"}],"curies":[{"name":"wp","href":"https:\/\/api.w.org\/{rel}","templated":true}]}}