{"id":30216,"date":"2024-01-30T09:31:55","date_gmt":"2024-01-30T15:31:55","guid":{"rendered":"https:\/\/politicosaldesnudo.com.mx\/?p=30216"},"modified":"2024-01-30T09:31:55","modified_gmt":"2024-01-30T15:31:55","slug":"urge-tener-justicia-en-veracruz","status":"publish","type":"post","link":"https:\/\/politicosaldesnudo.com.mx\/index.php\/2024\/01\/30\/urge-tener-justicia-en-veracruz\/","title":{"rendered":"Urge tener justicia en Veracruz"},"content":{"rendered":"<p><span style=\"font-size: 14pt;\"><strong>Por: Luis Ram\u00edrez Baqueiro<\/strong><\/span><\/p>\n<p><span style=\"font-size: 14pt;\"><em>\u201cEs mejor sufrir una injusticia que cometerla.\u201d \u2013 S\u00f3crates.<\/em><\/span><\/p>\n<p><span style=\"font-size: 14pt;\"><strong>\u00a0<\/strong><strong>Inmersos en plena campa\u00f1a electoral sucesoria por la gubernatura de Veracruz, la crisis de gobernabilidad, pero especialmente de impartici\u00f3n de justicia que enfrenta la entidad es realmente grave.<\/strong><\/span><\/p>\n<p><span style=\"font-size: 14pt;\"><strong>Por m\u00e1s cifras maquilladas que den a conocer las autoridades a cargo de la Fiscal\u00eda General del Estado (FGE), en los hechos, los actos de violencia ocurridos el pasado fin de semana en la entidad, obligan a depurar y llamar a cuentas a sus responsables.<\/strong><\/span><\/p>\n<p><span style=\"font-size: 14pt;\"><strong>Es sabido que, en M\u00e9xico, la impartici\u00f3n de justicia de la mano de los procesos de investigaci\u00f3n judicial, no son, ni nunca han sido los m\u00e1s pulcros del mundo, lej\u00edsimos estamos de la implementaci\u00f3n de las medidas m\u00e1s modernas utilizadas a nivel global para ello.<\/strong><\/span><\/p>\n<p><span style=\"font-size: 14pt;\"><strong>El jurista Tom\u00e1s Mundo Arriasa ha sido uno de los m\u00e1s f\u00e9rreos inquisidores respecto al tema, pues la elaboraci\u00f3n de carpetas de investigaci\u00f3n se practican en Veracruz, como panadero elaborando bolillos, en masa, y sin conocimientos t\u00e9cnicos del debido proceso judicial.<\/strong><\/span><\/p>\n<p><span style=\"font-size: 14pt;\"><strong>As\u00ed Veracruz pudiera erigirse como una de las entidades del pa\u00eds con el mayor n\u00famero de violaciones flagrantes al debido proceso y a los derechos humanos de los imputados, pues aqu\u00ed es delito, hasta revirar los ojos a un elemento de cualquier cuerpo de seguridad.<\/strong><\/span><\/p>\n<p><span style=\"font-size: 14pt;\"><strong>La crisis constitucional provocada por la p\u00e9sima asesor\u00eda de un ex secretario de Gobierno y su actual Fiscal General, Ver\u00f3nica Hern\u00e1ndez Giand\u00e1ns llev\u00f3 al Congreso Estatal a elevar las sanciones del delito de ultrajes a la autoridad, con lo que el actual r\u00e9gimen encarcel\u00f3 a todos los que a su consideraci\u00f3n eran los principales rivales pol\u00edticos en su momento.<\/strong><\/span><\/p>\n<p><span style=\"font-size: 14pt;\"><strong>\u201cPara diciembre de 2021 ya hab\u00edan sido encarcelados Rogelio Franco Cast\u00e1n, dirigente del PRD; Tito Delf\u00edn Cano, candidato a la dirigencia estatal del PAN, cercano Miguel \u00c1ngel Yunes, por una denuncia de fraude de 2012; Omar Ram\u00edrez Fuentes, emecista, alcalde electo de Cazones, para ser investigado por asesinato; Gregorio G\u00f3mez Mart\u00ednez, candidato del PRD a la alcald\u00eda de Tihuatl\u00e1n; Azucena Rodr\u00edguez, exdiputada perredista, por el presunto homicidio de sus esposo; Ram\u00f3n Ort\u00edz, de Fuerza por M\u00e9xico, por delitos contra la salud; Yoli Garc\u00eda, ex comisionada del Instituto Veracruzano de Acceso a la Informaci\u00f3n\u201d, ha referido una investigaci\u00f3n period\u00edstica a cargo de Esteban David Rodr\u00edguez del portal Eme Equis.\u00a0<a href=\"https:\/\/www.m-x.com.mx\/al-dia\/te-pareces-tanto-a-mi-las-historias-de-giadans-y-winckler-en-veracruz\">https:\/\/www.m-x.com.mx\/al-dia\/te-pareces-tanto-a-mi-las-historias-de-giadans-y-winckler-en-veracruz<\/a><\/strong><\/span><\/p>\n<p><span style=\"font-size: 14pt;\"><strong>La m\u00e1s reciente aparici\u00f3n de dos mujeres en Perote, ejecutadas, violentadas y lanzadas a las calles del municipio.\u00a0<a href=\"https:\/\/www.avcnoticias.com.mx\/noticias-veracruz\/justicia\/350872\/localizan-cuerpos-sin-vida-de-dos-mujeres-en-perote.html\">https:\/\/www.avcnoticias.com.mx\/noticias-veracruz\/justicia\/350872\/localizan-cuerpos-sin-vida-de-dos-mujeres-en-perote.html<\/a><\/strong><\/span><\/p>\n<p><span style=\"font-size: 14pt;\"><strong>As\u00ed como la aparici\u00f3n de dos veh\u00edculos con restos humanos en Tuxpan, por el motivo que quiera y mande, es un asunto que debe llamar a la revisi\u00f3n, pues de esos y muchos actos m\u00e1s de violencia, la FGE ha realizado acciones para simular como que se investiga, pero sin consumar verdaderas detenciones.\u00a0<a href=\"https:\/\/ventanaver.mx\/principal\/reportan-aparicion-de-al-menos-15-cuerpos-en-puente-de-tuxpan\/\">https:\/\/ventanaver.mx\/principal\/reportan-aparicion-de-al-menos-15-cuerpos-en-puente-de-tuxpan\/<\/a><\/strong><\/span><\/p>\n<p><span style=\"font-size: 14pt;\"><strong>La estrategia de descalificaci\u00f3n de confrontas entre grupos del crimen organizado, es el modus operandi de dichos actos; con el consabido posicionamiento del actual Gobernador, Cuitl\u00e1huac Garc\u00eda Jim\u00e9nez, que se\u00f1alando la secrec\u00eda de las investigaciones solo lanza consignas como \u201caqu\u00ed no se permitir\u00e1n las vendettas entre grupos del crimen organizado\u201d o \u201caplicaremos la justicia caiga, quien caiga\u201d, pero lamentablemente los resultados han sido nulos.\u00a0<a href=\"https:\/\/ventanaver.mx\/principal\/desplieja-gobierno-del-estado-operativo-para-reforzar-seguridad-en-tuxpan-buscan-responsables-de-la-violencia\/\">https:\/\/ventanaver.mx\/principal\/desplieja-gobierno-del-estado-operativo-para-reforzar-seguridad-en-tuxpan-buscan-responsables-de-la-violencia\/<\/a><\/strong><\/span><\/p>\n<p><span style=\"font-size: 14pt;\"><strong>Y por m\u00e1s que se diga que los delitos han disminuido, los casos de delitos de alto impacto van al alza.<\/strong><\/span><\/p>\n<p><span style=\"font-size: 14pt;\"><strong>Urge que la actual precandidata al Gobierno de Veracruz, Roc\u00edo Nahle Garc\u00eda comience a evaluar la urgente necesidad de comenzar a investigar y en su caso sancionar y remover a quien es y ser\u00e1 uno de los peores lastres del actual gobierno.<\/strong><\/span><\/p>\n<p><span style=\"font-size: 14pt;\"><strong>Que no se le olvide, quien es y que antecedentes tiene la actual titular de la FGE, quien para nada ha sido su aliada en el proceso en pos de alcanzar la gubernatura de Veracruz, que, por el contrario, no escatimo recurso alguno para dejarla fuera de la contienda electoral. Los se\u00f1alamientos y datos han estado ah\u00ed, siempre a la mano,\u00a0<a href=\"https:\/\/politica.expansion.mx\/estados\/2020\/01\/21\/la-encargada-de-la-fiscalia-de-veracruz-es-prima-de-supuesta-lider-de-los-zetas\">https:\/\/politica.expansion.mx\/estados\/2020\/01\/21\/la-encargada-de-la-fiscalia-de-veracruz-es-prima-de-supuesta-lider-de-los-zetas<\/a><\/strong><\/span><\/p>\n<p><span style=\"font-size: 14pt;\"><strong>Inclusive, esta acci\u00f3n debiera ser valorada por el candidato de la oposici\u00f3n Pepe Yunes pues ahora que el actual r\u00e9gimen cuenta con mayor\u00eda en el Congreso, podr\u00eda ejecutar la remoci\u00f3n sin mayores dificultades, garantizando as\u00ed para Veracruz y sus habitantes un Fiscal verdaderamente aut\u00f3nomo.<\/strong><\/span><\/p>\n<p><span style=\"font-size: 14pt;\"><strong>\u00a1Urge tener justicia en Veracruz! O usted \u00bfqu\u00e9 opina?<\/strong><\/span><\/p>\n<p><span style=\"font-size: 14pt;\"><strong>\u00a0<\/strong><strong>Al <\/strong><strong>tiempo.<\/strong><\/span><\/p>\n<p><img data-recalc-dims=\"1\" loading=\"lazy\" decoding=\"async\" class=\"aligncenter size-full wp-image-30071\" src=\"https:\/\/i0.wp.com\/politicosaldesnudo.com.mx\/wp-content\/uploads\/2024\/01\/FIRMA-EDITORIAL-PD-5.jpg?resize=800%2C98&#038;ssl=1\" alt=\"\" width=\"800\" height=\"98\" srcset=\"https:\/\/i0.wp.com\/politicosaldesnudo.com.mx\/wp-content\/uploads\/2024\/01\/FIRMA-EDITORIAL-PD-5.jpg?w=1024&amp;ssl=1 1024w, https:\/\/i0.wp.com\/politicosaldesnudo.com.mx\/wp-content\/uploads\/2024\/01\/FIRMA-EDITORIAL-PD-5.jpg?resize=300%2C37&amp;ssl=1 300w, https:\/\/i0.wp.com\/politicosaldesnudo.com.mx\/wp-content\/uploads\/2024\/01\/FIRMA-EDITORIAL-PD-5.jpg?resize=768%2C94&amp;ssl=1 768w\" sizes=\"auto, (max-width: 800px) 100vw, 800px\" \/><\/p>\n","protected":false},"excerpt":{"rendered":"<p>Por: Luis Ram\u00edrez Baqueiro \u201cEs mejor sufrir una injusticia que cometerla.\u201d \u2013 S\u00f3crates. \u00a0Inmersos en plena campa\u00f1a electoral sucesoria por<\/p>\n","protected":false},"author":4,"featured_media":4390,"comment_status":"closed","ping_status":"closed","sticky":false,"template":"","format":"standard","meta":{"colormag_page_container_layout":"default_layout","colormag_page_sidebar_layout":"default_layout","_jetpack_memberships_contains_paid_content":false,"footnotes":"","jetpack_publicize_message":"","jetpack_publicize_feature_enabled":true,"jetpack_social_post_already_shared":false,"jetpack_social_options":{"image_generator_settings":{"template":"highway","default_image_id":0,"font":"","enabled":false},"version":2}},"categories":[26],"tags":[],"class_list":["post-30216","post","type-post","status-publish","format-standard","has-post-thumbnail","hentry","category-columnistas"],"jetpack_publicize_connections":[],"jetpack_featured_media_url":"https:\/\/i0.wp.com\/politicosaldesnudo.com.mx\/wp-content\/uploads\/2022\/04\/LUIS-RAMI%CC%81REZ-BAQUEIRO.png?fit=1816%2C1016&ssl=1","jetpack-related-posts":[],"jetpack_sharing_enabled":true,"_links":{"self":[{"href":"https:\/\/politicosaldesnudo.com.mx\/index.php\/wp-json\/wp\/v2\/posts\/30216","targetHints":{"allow":["GET"]}}],"collection":[{"href":"https:\/\/politicosaldesnudo.com.mx\/index.php\/wp-json\/wp\/v2\/posts"}],"about":[{"href":"https:\/\/politicosaldesnudo.com.mx\/index.php\/wp-json\/wp\/v2\/types\/post"}],"author":[{"embeddable":true,"href":"https:\/\/politicosaldesnudo.com.mx\/index.php\/wp-json\/wp\/v2\/users\/4"}],"replies":[{"embeddable":true,"href":"https:\/\/politicosaldesnudo.com.mx\/index.php\/wp-json\/wp\/v2\/comments?post=30216"}],"version-history":[{"count":0,"href":"https:\/\/politicosaldesnudo.com.mx\/index.php\/wp-json\/wp\/v2\/posts\/30216\/revisions"}],"wp:featuredmedia":[{"embeddable":true,"href":"https:\/\/politicosaldesnudo.com.mx\/index.php\/wp-json\/wp\/v2\/media\/4390"}],"wp:attachment":[{"href":"https:\/\/politicosaldesnudo.com.mx\/index.php\/wp-json\/wp\/v2\/media?parent=30216"}],"wp:term":[{"taxonomy":"category","embeddable":true,"href":"https:\/\/politicosaldesnudo.com.mx\/index.php\/wp-json\/wp\/v2\/categories?post=30216"},{"taxonomy":"post_tag","embeddable":true,"href":"https:\/\/politicosaldesnudo.com.mx\/index.php\/wp-json\/wp\/v2\/tags?post=30216"}],"curies":[{"name":"wp","href":"https:\/\/api.w.org\/{rel}","templated":true}]}}