{"id":30312,"date":"2024-02-01T08:24:12","date_gmt":"2024-02-01T14:24:12","guid":{"rendered":"https:\/\/politicosaldesnudo.com.mx\/?p=30312"},"modified":"2024-02-01T08:24:12","modified_gmt":"2024-02-01T14:24:12","slug":"setsuv-lanza-advertencia","status":"publish","type":"post","link":"https:\/\/politicosaldesnudo.com.mx\/index.php\/2024\/02\/01\/setsuv-lanza-advertencia\/","title":{"rendered":"SETSUV lanza advertencia"},"content":{"rendered":"<p><span style=\"font-size: 14pt;\">Tuxpan.- En bajos del Palacio Municipal se presentaron a manifestarse nuevamente integrantes del Sindicato Estatal de Trabajadores en Servicio de la Universidad Veracruzana (S.E.T.S.U.V) pertenecientes a la Facultad de Contadur\u00eda y la Facultad de Ciencias Biol\u00f3gicas y Agropecuarias<\/span><\/p>\n<p><span style=\"font-size: 14pt;\">\u00abSi no nos dan una soluci\u00f3n favorable a nuestras exigencias para el 1 de febrero, vamos a estallar a huelga el d\u00eda 2\u00bb, as\u00ed lo explicaron los trabajadores manifestantes del personal t\u00e9cnico y administrativo.<\/span><\/p>\n<p><span style=\"font-size: 14pt;\">Esto con el fin de dar a conocer sus molestias respecto a la falta de aumento salarial justo, que no han recibido desde hace a\u00f1os, por lo que continuar\u00e1n manifest\u00e1ndose con la esperanza de que les den una soluci\u00f3n lo m\u00e1s pronto posible.<\/span><\/p>\n<p><span style=\"font-size: 14pt;\">Hay que recordar que estas protestan est\u00e1n ocurriendo desde la semana pasada en todo el estado, ya que es una petici\u00f3n que los participantes de la protesta llevan solicitando desde hace tiempo, un salario digno y justo para todos.<\/span><\/p>\n<p><span style=\"font-size: 14pt;\">Los trabajadores exigen un aumento salarial del 20 por ciento, ello debido a que, los salarios que reciben est\u00e1n muy por debajo del salario m\u00ednimo, y si llegaban a darles un aumento solo es del 3%.<\/span><\/p>\n<p><span style=\"font-size: 14pt;\">Asimismo, declararon que ya est\u00e1n en las \u00faltimas advertencias, y aseguran que si para este jueves no les han dado ninguna soluci\u00f3n que sea conveniente para todos, el d\u00eda 2 de febrero en punto de las 7 de la ma\u00f1ana va a estallar una huelga en todas las facultades de la UV de la entidad.<\/span><\/p>\n","protected":false},"excerpt":{"rendered":"<p>Tuxpan.- En bajos del Palacio Municipal se presentaron a manifestarse nuevamente integrantes del Sindicato Estatal de Trabajadores en Servicio de<\/p>\n","protected":false},"author":4,"featured_media":30313,"comment_status":"closed","ping_status":"closed","sticky":false,"template":"","format":"standard","meta":{"colormag_page_container_layout":"default_layout","colormag_page_sidebar_layout":"default_layout","_jetpack_memberships_contains_paid_content":false,"footnotes":"","jetpack_publicize_message":"","jetpack_publicize_feature_enabled":true,"jetpack_social_post_already_shared":false,"jetpack_social_options":{"image_generator_settings":{"template":"highway","default_image_id":0,"font":"","enabled":false},"version":2}},"categories":[1082],"tags":[],"class_list":["post-30312","post","type-post","status-publish","format-standard","has-post-thumbnail","hentry","category-tuxpan"],"jetpack_publicize_connections":[],"jetpack_featured_media_url":"https:\/\/i0.wp.com\/politicosaldesnudo.com.mx\/wp-content\/uploads\/2024\/02\/5a1.jpg?fit=1600%2C1004&ssl=1","jetpack-related-posts":[],"jetpack_sharing_enabled":true,"_links":{"self":[{"href":"https:\/\/politicosaldesnudo.com.mx\/index.php\/wp-json\/wp\/v2\/posts\/30312","targetHints":{"allow":["GET"]}}],"collection":[{"href":"https:\/\/politicosaldesnudo.com.mx\/index.php\/wp-json\/wp\/v2\/posts"}],"about":[{"href":"https:\/\/politicosaldesnudo.com.mx\/index.php\/wp-json\/wp\/v2\/types\/post"}],"author":[{"embeddable":true,"href":"https:\/\/politicosaldesnudo.com.mx\/index.php\/wp-json\/wp\/v2\/users\/4"}],"replies":[{"embeddable":true,"href":"https:\/\/politicosaldesnudo.com.mx\/index.php\/wp-json\/wp\/v2\/comments?post=30312"}],"version-history":[{"count":0,"href":"https:\/\/politicosaldesnudo.com.mx\/index.php\/wp-json\/wp\/v2\/posts\/30312\/revisions"}],"wp:featuredmedia":[{"embeddable":true,"href":"https:\/\/politicosaldesnudo.com.mx\/index.php\/wp-json\/wp\/v2\/media\/30313"}],"wp:attachment":[{"href":"https:\/\/politicosaldesnudo.com.mx\/index.php\/wp-json\/wp\/v2\/media?parent=30312"}],"wp:term":[{"taxonomy":"category","embeddable":true,"href":"https:\/\/politicosaldesnudo.com.mx\/index.php\/wp-json\/wp\/v2\/categories?post=30312"},{"taxonomy":"post_tag","embeddable":true,"href":"https:\/\/politicosaldesnudo.com.mx\/index.php\/wp-json\/wp\/v2\/tags?post=30312"}],"curies":[{"name":"wp","href":"https:\/\/api.w.org\/{rel}","templated":true}]}}