{"id":30315,"date":"2024-02-01T08:25:45","date_gmt":"2024-02-01T14:25:45","guid":{"rendered":"https:\/\/politicosaldesnudo.com.mx\/?p=30315"},"modified":"2024-02-01T08:25:45","modified_gmt":"2024-02-01T14:25:45","slug":"locatarios-se-preparan-para-la-sequia","status":"publish","type":"post","link":"https:\/\/politicosaldesnudo.com.mx\/index.php\/2024\/02\/01\/locatarios-se-preparan-para-la-sequia\/","title":{"rendered":"Locatarios se preparan para la sequ\u00eda"},"content":{"rendered":"<p><span style=\"font-size: 14pt;\">TUXPAN.- Integrantes de la directiva del mercado municipal Enrique Rodr\u00edguez Cano, buscan tener pronto una reuni\u00f3 con el alcalde Jos\u00e9 Manuel Pozos Castro, con el fin de abordar diversos temas para trabajar durante este 2024.<\/span><\/p>\n<p><span style=\"font-size: 14pt;\">Al respecto Guillermo Hern\u00e1ndez, quien es parte de dicha directiva, se\u00f1al\u00f3 qu\u00e9, ya se est\u00e1n girando oficios tambi\u00e9n a diversas direcciones como Comercio, Salud, Seguridad P\u00fablica, entre otras, yanque existen asuntos en los que se requiere de su apoyo en dicho centro de abastos.<\/span><\/p>\n<p><span style=\"font-size: 14pt;\">Explic\u00f3 que una de las cosas de suma importancia es el tema del agua, pues se espera una sequ\u00eda igual o m\u00e1s fuerte que la del a\u00f1o pasado, y debido a que no quieren enfrentar los problemas del desabasto, buscan dialogar con autoridades locales y de la CAEV, para que exista un compromiso para dar el servicio a los locatarios.<\/span><\/p>\n<p><span style=\"font-size: 14pt;\">En este sentido, puntualiz\u00f3 qu\u00e9, en 2023 enfrentaron severos problemas, pues en pleno periodo vacacional de Semana Santa, los locatarios no ten\u00edan agua, indispensable para la zona de carnicer\u00edas y restaurantes, ya que en esa \u00e9poca reciben un buen n\u00famero de visitantes.<\/span><\/p>\n<p><span style=\"font-size: 14pt;\">Por lo anterior no quieren que eso se repita este a\u00f1o y buscan dialogar para establecer acuerdos con anticipaci\u00f3n, sin embargo, hasta estos momentos no tienen una fecha para ser atendidos y escuchados por las autoridades competentes.<\/span><\/p>\n<p><span style=\"font-size: 14pt;\">Guillermo Hern\u00e1ndez, agreg\u00f3 que otros temas son el materia de salud,\u00a0 y seguridad, ya que eso tambi\u00e9n es importante para los comerciantes y quienes visitan el inmueble,\u00a0 adem\u00e1s de otras cuestiones que tienen que ver con trabajos de mejoras y rehabilitaci\u00f3n del mercado municipal.<\/span><\/p>\n","protected":false},"excerpt":{"rendered":"<p>TUXPAN.- Integrantes de la directiva del mercado municipal Enrique Rodr\u00edguez Cano, buscan tener pronto una reuni\u00f3 con el alcalde Jos\u00e9<\/p>\n","protected":false},"author":4,"featured_media":30316,"comment_status":"closed","ping_status":"closed","sticky":false,"template":"","format":"standard","meta":{"colormag_page_container_layout":"default_layout","colormag_page_sidebar_layout":"default_layout","_jetpack_memberships_contains_paid_content":false,"footnotes":"","jetpack_publicize_message":"","jetpack_publicize_feature_enabled":true,"jetpack_social_post_already_shared":false,"jetpack_social_options":{"image_generator_settings":{"template":"highway","default_image_id":0,"font":"","enabled":false},"version":2}},"categories":[1082],"tags":[],"class_list":["post-30315","post","type-post","status-publish","format-standard","has-post-thumbnail","hentry","category-tuxpan"],"jetpack_publicize_connections":[],"jetpack_featured_media_url":"https:\/\/i0.wp.com\/politicosaldesnudo.com.mx\/wp-content\/uploads\/2024\/02\/4b.jpg?fit=1280%2C960&ssl=1","jetpack-related-posts":[],"jetpack_sharing_enabled":true,"_links":{"self":[{"href":"https:\/\/politicosaldesnudo.com.mx\/index.php\/wp-json\/wp\/v2\/posts\/30315","targetHints":{"allow":["GET"]}}],"collection":[{"href":"https:\/\/politicosaldesnudo.com.mx\/index.php\/wp-json\/wp\/v2\/posts"}],"about":[{"href":"https:\/\/politicosaldesnudo.com.mx\/index.php\/wp-json\/wp\/v2\/types\/post"}],"author":[{"embeddable":true,"href":"https:\/\/politicosaldesnudo.com.mx\/index.php\/wp-json\/wp\/v2\/users\/4"}],"replies":[{"embeddable":true,"href":"https:\/\/politicosaldesnudo.com.mx\/index.php\/wp-json\/wp\/v2\/comments?post=30315"}],"version-history":[{"count":0,"href":"https:\/\/politicosaldesnudo.com.mx\/index.php\/wp-json\/wp\/v2\/posts\/30315\/revisions"}],"wp:featuredmedia":[{"embeddable":true,"href":"https:\/\/politicosaldesnudo.com.mx\/index.php\/wp-json\/wp\/v2\/media\/30316"}],"wp:attachment":[{"href":"https:\/\/politicosaldesnudo.com.mx\/index.php\/wp-json\/wp\/v2\/media?parent=30315"}],"wp:term":[{"taxonomy":"category","embeddable":true,"href":"https:\/\/politicosaldesnudo.com.mx\/index.php\/wp-json\/wp\/v2\/categories?post=30315"},{"taxonomy":"post_tag","embeddable":true,"href":"https:\/\/politicosaldesnudo.com.mx\/index.php\/wp-json\/wp\/v2\/tags?post=30315"}],"curies":[{"name":"wp","href":"https:\/\/api.w.org\/{rel}","templated":true}]}}