{"id":30319,"date":"2024-02-01T08:27:02","date_gmt":"2024-02-01T14:27:02","guid":{"rendered":"https:\/\/politicosaldesnudo.com.mx\/?p=30319"},"modified":"2024-02-01T08:27:02","modified_gmt":"2024-02-01T14:27:02","slug":"maestros-exigen-pagos","status":"publish","type":"post","link":"https:\/\/politicosaldesnudo.com.mx\/index.php\/2024\/02\/01\/maestros-exigen-pagos\/","title":{"rendered":"Maestros exigen pagos"},"content":{"rendered":"<p><span style=\"font-size: 14pt;\">Tuxpan.- Maestros de Tuxpan se quejan por la falta de pago por parte del gobierno del estado, espec\u00edficamente la Secretar\u00eda de Finanzas y Planeaci\u00f3n, pues aseguran que desde el pasado 15 no recibieron su correspondiente salario al igual que en esta quincena de 31 de enero, por ello solicitaban a las autoridades una respuesta oportuna a esta falta.<\/span><\/p>\n<p><span style=\"font-size: 14pt;\">Un documento firmado por los sindicatos OTISEV, SETMAN, STENV, SITEM, SIETSEV, entre otros, fue enviado a medios de comunicaci\u00f3n y autoridades estatales exigiendo el pago de sus quincenas laboradas como lo estipula la ley.<\/span><\/p>\n<p><span style=\"font-size: 14pt;\">La Coalici\u00f3n de Sindicatos del Magisterio de Veracruz; COSIMAV, hizo el llamado urgente y aseguraron que, si no hay pago este mi\u00e9rcoles fin de mes, ninguno de sus agremiados se presentar\u00e1 a laborar por el incumplimiento del gobierno.<\/span><\/p>\n<p><span style=\"font-size: 14pt;\">En la convocatoria que se lanz\u00f3 este mi\u00e9rcoles 31 de enero,\u00a0inclu\u00eda presentarse a trabajar, pero no dar clases; tomar la secretar\u00eda de Educaci\u00f3n de Veracruz desde las cinco de la ma\u00f1ana y no liberar hasta no recibir su\u00a0pago\u00a0de la\u00a0quincena, en esta ciudad, desde temprana hora colocaron pancartas en las afueras de las instituciones educativas en donde laboran y continuaron con sus actividades normales.<\/span><\/p>\n<p><span style=\"font-size: 14pt;\">Mientras tanto los integrantes del sindicato\u00a0estatal de Trabajadores del Magisterio en\u00a0Veracruz\u00a0(SETMAV), plante\u00f3 que la falta de pago el d\u00eda 30 de enero afectaba gravemente a miles de trabajadores y sus familias; y constituye una flagrante violaci\u00f3n a sus derechos humanos y laborales, por lo que exigieron el pago inmediato, adem\u00e1s de que en quincenas por venir sean a tiempo.<\/span><\/p>\n<p><span style=\"font-size: 14pt;\">M\u00e1s tarde se tuvo conocimiento que los pagos empezaron a caer alrededor de las cuatro y cinco de la tarde, por lo que el d\u00eda de hoy las clases se retomar\u00e1n de manera normal, espero no tener que recurrir a estas advertencias en pr\u00f3ximas quincenas.<\/span><\/p>\n","protected":false},"excerpt":{"rendered":"<p>Tuxpan.- Maestros de Tuxpan se quejan por la falta de pago por parte del gobierno del estado, espec\u00edficamente la Secretar\u00eda<\/p>\n","protected":false},"author":4,"featured_media":30320,"comment_status":"closed","ping_status":"closed","sticky":false,"template":"","format":"standard","meta":{"colormag_page_container_layout":"default_layout","colormag_page_sidebar_layout":"default_layout","_jetpack_memberships_contains_paid_content":false,"footnotes":"","jetpack_publicize_message":"","jetpack_publicize_feature_enabled":true,"jetpack_social_post_already_shared":false,"jetpack_social_options":{"image_generator_settings":{"template":"highway","default_image_id":0,"font":"","enabled":false},"version":2}},"categories":[1082],"tags":[],"class_list":["post-30319","post","type-post","status-publish","format-standard","has-post-thumbnail","hentry","category-tuxpan"],"jetpack_publicize_connections":[],"jetpack_featured_media_url":"https:\/\/i0.wp.com\/politicosaldesnudo.com.mx\/wp-content\/uploads\/2024\/02\/4a.jpg?fit=1600%2C738&ssl=1","jetpack-related-posts":[],"jetpack_sharing_enabled":true,"_links":{"self":[{"href":"https:\/\/politicosaldesnudo.com.mx\/index.php\/wp-json\/wp\/v2\/posts\/30319","targetHints":{"allow":["GET"]}}],"collection":[{"href":"https:\/\/politicosaldesnudo.com.mx\/index.php\/wp-json\/wp\/v2\/posts"}],"about":[{"href":"https:\/\/politicosaldesnudo.com.mx\/index.php\/wp-json\/wp\/v2\/types\/post"}],"author":[{"embeddable":true,"href":"https:\/\/politicosaldesnudo.com.mx\/index.php\/wp-json\/wp\/v2\/users\/4"}],"replies":[{"embeddable":true,"href":"https:\/\/politicosaldesnudo.com.mx\/index.php\/wp-json\/wp\/v2\/comments?post=30319"}],"version-history":[{"count":0,"href":"https:\/\/politicosaldesnudo.com.mx\/index.php\/wp-json\/wp\/v2\/posts\/30319\/revisions"}],"wp:featuredmedia":[{"embeddable":true,"href":"https:\/\/politicosaldesnudo.com.mx\/index.php\/wp-json\/wp\/v2\/media\/30320"}],"wp:attachment":[{"href":"https:\/\/politicosaldesnudo.com.mx\/index.php\/wp-json\/wp\/v2\/media?parent=30319"}],"wp:term":[{"taxonomy":"category","embeddable":true,"href":"https:\/\/politicosaldesnudo.com.mx\/index.php\/wp-json\/wp\/v2\/categories?post=30319"},{"taxonomy":"post_tag","embeddable":true,"href":"https:\/\/politicosaldesnudo.com.mx\/index.php\/wp-json\/wp\/v2\/tags?post=30319"}],"curies":[{"name":"wp","href":"https:\/\/api.w.org\/{rel}","templated":true}]}}