{"id":30483,"date":"2024-02-03T18:00:22","date_gmt":"2024-02-04T00:00:22","guid":{"rendered":"https:\/\/politicosaldesnudo.com.mx\/?p=30483"},"modified":"2024-02-03T18:00:22","modified_gmt":"2024-02-04T00:00:22","slug":"precios-mundiales-de-los-alimentos-tocan-minimo-en-enero-en-casi-3-anos","status":"publish","type":"post","link":"https:\/\/politicosaldesnudo.com.mx\/index.php\/2024\/02\/03\/precios-mundiales-de-los-alimentos-tocan-minimo-en-enero-en-casi-3-anos\/","title":{"rendered":"Precios mundiales de los alimentos tocan m\u00ednimo en enero en casi 3 a\u00f1os"},"content":{"rendered":"<p><span style=\"font-size: 14pt;\">Al comenzar 2024, el \u00edndice de precios de los alimentos de la Organizaci\u00f3n de las Naciones Unidas para la Alimentaci\u00f3n y la Agricultura (FAO) se ubic\u00f3 en 118 puntos, nivel que marc\u00f3 un nuevo m\u00ednimo desde febrero de 2021, seg\u00fan revelan datos del organismo internacional.<\/span><\/p>\n<p><span style=\"font-size: 14pt;\">En enero la medici\u00f3n mostr\u00f3 un descenso de 1.0 por ciento respecto a diciembre de 2023, debido a que los precios de los cereales y la carne descendieron, pese al encarecimiento del az\u00facar.<\/span><\/p>\n<p><span style=\"font-size: 14pt;\">La organizaci\u00f3n destac\u00f3 que el \u00edndice que muestra la variaci\u00f3n mensual de los precios internacionales de una canasta de productos alimenticios a nivel global, observ\u00f3 un retroceso de 10.4 por ciento frente al primer mes de 2023 o 13.7 puntos.<\/span><\/p>\n<p><span style=\"font-size: 14pt;\">Janneth Quiroz Zamora, directora de An\u00e1lisis de Grupo Financiero Monex, destac\u00f3 en su cuenta de la red social X, que el nivel alcanzado en enero marcan \u201cun nuevo m\u00ednimo desde febrero de 2021, pues \u201clos precios de los cereales cayeron 2.2 por ciento hasta m\u00ednimos de diciembre de 2020, ya que los precios mundiales de exportaci\u00f3n del trigo disminuyeron, en medio de una fuerte competencia entre exportadores y llegada de suministros reci\u00e9n cosechados a los pa\u00edses del hemisferio sur\u201d.<\/span><\/p>\n<p><span style=\"font-size: 14pt;\">De acuerdo con la FAO, los precios del ma\u00edz para la exportaci\u00f3n disminuyeron bruscamente respecto del mes anterior, como consecuencia de la mejora de las condiciones de los cultivos y el inicio de la cosecha en la Argentina, as\u00ed como a ra\u00edz de la mayor oferta en los Estados\u00a0Unidos tras una revisi\u00f3n al alza de las estimaciones de su producci\u00f3n.\u00a0<\/span><\/p>\n<p><span style=\"font-size: 14pt;\">En contraste, el \u00edndice de precios para todos los tipos de arroz aument\u00f3\u00a01.2\u00a0por ciento en el primer mes del a\u00f1o, en particular, por el encarecimiento causado por el dinamismo de los env\u00edos de esta semilla de Pakist\u00e1n y Tailandia.<\/span><\/p>\n<p><span style=\"font-size: 14pt;\">La FAO destac\u00f3 que la medici\u00f3n de los precios del az\u00facar promedi\u00f3 135.3\u00a0puntos, dato que se tradujo en un avance de 0.8\u00a0por ciento mensual y 15.9\u00a0por ciento frente al nivel reportado a inicios de 2023.<\/span><\/p>\n<p><span style=\"font-size: 14pt;\">El encarecimiento del az\u00facar se debe a la preocupaci\u00f3n por menor lluvia en Brasil, lo cual afectar\u00eda los\u00a0cultivos de ca\u00f1a de az\u00facar que se recoger\u00e1n en abril, as\u00ed como el comienzo\u00a0lento de la nueva campa\u00f1a y perspectivas desfavorables sobre la producci\u00f3n en\u00a0la India y Tailandia, dos\u00a0de los principales pa\u00edses productores.<\/span><\/p>\n<p><span style=\"font-size: 14pt;\">Los precios de los aceites vegetales observaron en enero un promedio de\u00a0122.5\u00a0puntos, que se tradujo en un aumento de 0.1\u00a0por ciento respecto de diciembre. Pese a ello, se ubic\u00f3 12.8 por ciento por debajo del primer mes de\u00a02023.<\/span><\/p>\n<p><span style=\"font-size: 14pt;\">El \u00edndice de precios de los productos l\u00e1cteos se ubic\u00f3 en 118.9\u00a0puntos, nivel que pr\u00e1cticamente no present\u00f3 variaciones respecto al observado en diciembre de 2023, aunque se contrajo 17.8 por ciento frente al dato de enero del a\u00f1o pasado.<\/span><\/p>\n<p><span style=\"font-size: 14pt;\">La medici\u00f3n del costo de la carne en enero promedi\u00f3 109.8\u00a0puntos, es decir, 1.4\u00a0por ciento menos que en diciembre, lo que representa su s\u00e9ptimo\u00a0descenso mensual consecutivo y una disminuci\u00f3n de 1.2\u00a0por ciento respecto del valor correspondiente del a\u00f1o pasado.<\/span><\/p>\n","protected":false},"excerpt":{"rendered":"<p>Al comenzar 2024, el \u00edndice de precios de los alimentos de la Organizaci\u00f3n de las Naciones Unidas para la Alimentaci\u00f3n<\/p>\n","protected":false},"author":4,"featured_media":30484,"comment_status":"closed","ping_status":"closed","sticky":false,"template":"","format":"standard","meta":{"colormag_page_container_layout":"default_layout","colormag_page_sidebar_layout":"default_layout","_jetpack_memberships_contains_paid_content":false,"footnotes":"","jetpack_publicize_message":"","jetpack_publicize_feature_enabled":true,"jetpack_social_post_already_shared":false,"jetpack_social_options":{"image_generator_settings":{"template":"highway","default_image_id":0,"font":"","enabled":false},"version":2}},"categories":[2050],"tags":[],"class_list":["post-30483","post","type-post","status-publish","format-standard","has-post-thumbnail","hentry","category-economia"],"jetpack_publicize_connections":[],"jetpack_featured_media_url":"https:\/\/i0.wp.com\/politicosaldesnudo.com.mx\/wp-content\/uploads\/2024\/02\/PRE.webp?fit=1024%2C682&ssl=1","jetpack-related-posts":[],"jetpack_sharing_enabled":true,"_links":{"self":[{"href":"https:\/\/politicosaldesnudo.com.mx\/index.php\/wp-json\/wp\/v2\/posts\/30483","targetHints":{"allow":["GET"]}}],"collection":[{"href":"https:\/\/politicosaldesnudo.com.mx\/index.php\/wp-json\/wp\/v2\/posts"}],"about":[{"href":"https:\/\/politicosaldesnudo.com.mx\/index.php\/wp-json\/wp\/v2\/types\/post"}],"author":[{"embeddable":true,"href":"https:\/\/politicosaldesnudo.com.mx\/index.php\/wp-json\/wp\/v2\/users\/4"}],"replies":[{"embeddable":true,"href":"https:\/\/politicosaldesnudo.com.mx\/index.php\/wp-json\/wp\/v2\/comments?post=30483"}],"version-history":[{"count":0,"href":"https:\/\/politicosaldesnudo.com.mx\/index.php\/wp-json\/wp\/v2\/posts\/30483\/revisions"}],"wp:featuredmedia":[{"embeddable":true,"href":"https:\/\/politicosaldesnudo.com.mx\/index.php\/wp-json\/wp\/v2\/media\/30484"}],"wp:attachment":[{"href":"https:\/\/politicosaldesnudo.com.mx\/index.php\/wp-json\/wp\/v2\/media?parent=30483"}],"wp:term":[{"taxonomy":"category","embeddable":true,"href":"https:\/\/politicosaldesnudo.com.mx\/index.php\/wp-json\/wp\/v2\/categories?post=30483"},{"taxonomy":"post_tag","embeddable":true,"href":"https:\/\/politicosaldesnudo.com.mx\/index.php\/wp-json\/wp\/v2\/tags?post=30483"}],"curies":[{"name":"wp","href":"https:\/\/api.w.org\/{rel}","templated":true}]}}