{"id":30497,"date":"2024-02-03T18:26:44","date_gmt":"2024-02-04T00:26:44","guid":{"rendered":"https:\/\/politicosaldesnudo.com.mx\/?p=30497"},"modified":"2024-02-03T18:26:44","modified_gmt":"2024-02-04T00:26:44","slug":"campesinos-afines-a-evo-morales-bloquean-rutas-en-bolivia","status":"publish","type":"post","link":"https:\/\/politicosaldesnudo.com.mx\/index.php\/2024\/02\/03\/campesinos-afines-a-evo-morales-bloquean-rutas-en-bolivia\/","title":{"rendered":"Campesinos afines a Evo Morales bloquean rutas en Bolivia"},"content":{"rendered":"<p class=\"western\"><span style=\"font-size: 14pt;\">Campesinos afines al ex presidente Evo Morales mantuvieron este s\u00e1bado los cortes de ruta en puntos importantes al centro de Bolivia, a pesar de que se anunci\u00f3 un acuerdo y que su dirigencia pidi\u00f3 una pausa hasta el lunes, en tanto la Asamblea Nacional busca resolver la crisis judicial que los motiv\u00f3.<\/span><\/p>\n<p class=\"western\"><span style=\"font-size: 14pt;\">Bajo el acuerdo, la C\u00e1mara de Diputados debe tratar el proyecto de ley para convocar elecciones y un d\u00eda despu\u00e9s lo debe hacer el Senado para su posterior sanci\u00f3n. Sin embargo, los dirigentes decidieron no dar una pausa hasta que se tenga la \u201cley aprobada en mano\u201d, porque hay mucha desconfianza, inform\u00f3 el s\u00e1bado el dirigente Humberto Claros.<\/span><\/p>\n<p class=\"western\"><span style=\"font-size: 14pt;\">La ciudad central de Cochabamba ha estado aislada por los cortes de ruta desde el 22 de enero pasado.<\/span><\/p>\n<p class=\"western\"><span style=\"font-size: 14pt;\">\u201cSe han levantado los bloqueos excepto en Cochabamba, no es sencillo socializar los acuerdos\u201d, dijo Morales a la radio Panamericana. Adem\u00e1s, dijo esperar que los dirigentes y los manifestantes entiendan el acuerdo y levanten los bloqueos, tal como los legisladores de su corriente levantaron la huelga de hambre que iniciaron el lunes.<\/span><\/p>\n<p class=\"western\"><span style=\"font-size: 14pt;\">\u201cEste cuarto intermedio es por humanidad\u201d, dijo en conferencia de prensa el dirigente campesino, Ponciano Santos. A\u00f1adi\u00f3 que el lunes arribar\u00e1 un grupo de manifestantes a La Paz para hacer una \u201cvigilia\u201d ante el Congreso.<\/span><\/p>\n<p class=\"western\"><span style=\"font-size: 14pt;\">El viernes, la Comisi\u00f3n Interamericana de Derechos Humanos (CIDH) exhort\u00f3 a la Asamblea Legislativa a resolver la crisis judicial, que se profundiz\u00f3 ante la falta de consenso en el Congreso para reemplazar a los magistrados judiciales que deb\u00edan dejar sus cargos a finales de a\u00f1o.<\/span><\/p>\n<p class=\"western\"><span style=\"font-size: 14pt;\">El Tribunal Constitucional boliviano hab\u00eda dispuesto a mediados de diciembre, a falta de elecciones en el Poder Judicial, que las autoridades vigentes fueran renovadas en sus cargos. La decisi\u00f3n fue cuestionada por los seguidores de Morales, ya que esos magistrados fueron los que anularon la reelecci\u00f3n indefinida, lo que afecta la intenci\u00f3n del exmandatario de candidatizarse en 2025.<\/span><\/p>\n<p class=\"western\"><span style=\"font-size: 14pt;\">En tanto, en Caracollo, a unos 100 kil\u00f3metros al sur de Bolivia, la ruta que conecta con Oruro, la sede del mayor carnaval andino de Bolivia, trabajadores municipales dejaron expedita la v\u00eda para que se realice el festival de bandas el s\u00e1bado, con el que se da inicio al carnaval en la regi\u00f3n andina de Bolivia.<\/span><\/p>\n<p class=\"western\"><span style=\"font-size: 14pt;\">Jimena Choque, dirigente de mujeres campesinas en la localidad de Caracollo, cont\u00f3 a The Associated Press que en ese punto en la v\u00edspera se registraron choques con la polic\u00eda, que dejaron m\u00e1s de 30 agentes lesionados, seg\u00fan el gobierno. Mientras que Choque denunci\u00f3 que varias mujeres resultaron heridas en el despeje de la ruta los pasados d\u00edas.<\/span><\/p>\n<p class=\"western\"><span style=\"font-size: 14pt;\">De acuerdo con el gobierno, en los 12 d\u00edas de protestas, cuatro personas han perdido la vida por los bloqueos, que han ocasionado p\u00e9rdidas de m\u00e1s 800 millones de d\u00f3lares.<\/span><\/p>\n","protected":false},"excerpt":{"rendered":"<p>Campesinos afines al ex presidente Evo Morales mantuvieron este s\u00e1bado los cortes de ruta en puntos importantes al centro de<\/p>\n","protected":false},"author":4,"featured_media":30498,"comment_status":"closed","ping_status":"closed","sticky":false,"template":"","format":"standard","meta":{"colormag_page_container_layout":"default_layout","colormag_page_sidebar_layout":"default_layout","_jetpack_memberships_contains_paid_content":false,"footnotes":"","jetpack_publicize_message":"","jetpack_publicize_feature_enabled":true,"jetpack_social_post_already_shared":false,"jetpack_social_options":{"image_generator_settings":{"template":"highway","default_image_id":0,"font":"","enabled":false},"version":2}},"categories":[28],"tags":[],"class_list":["post-30497","post","type-post","status-publish","format-standard","has-post-thumbnail","hentry","category-internacional"],"jetpack_publicize_connections":[],"jetpack_featured_media_url":"https:\/\/i0.wp.com\/politicosaldesnudo.com.mx\/wp-content\/uploads\/2024\/02\/CA.webp?fit=1023%2C659&ssl=1","jetpack-related-posts":[],"jetpack_sharing_enabled":true,"_links":{"self":[{"href":"https:\/\/politicosaldesnudo.com.mx\/index.php\/wp-json\/wp\/v2\/posts\/30497","targetHints":{"allow":["GET"]}}],"collection":[{"href":"https:\/\/politicosaldesnudo.com.mx\/index.php\/wp-json\/wp\/v2\/posts"}],"about":[{"href":"https:\/\/politicosaldesnudo.com.mx\/index.php\/wp-json\/wp\/v2\/types\/post"}],"author":[{"embeddable":true,"href":"https:\/\/politicosaldesnudo.com.mx\/index.php\/wp-json\/wp\/v2\/users\/4"}],"replies":[{"embeddable":true,"href":"https:\/\/politicosaldesnudo.com.mx\/index.php\/wp-json\/wp\/v2\/comments?post=30497"}],"version-history":[{"count":0,"href":"https:\/\/politicosaldesnudo.com.mx\/index.php\/wp-json\/wp\/v2\/posts\/30497\/revisions"}],"wp:featuredmedia":[{"embeddable":true,"href":"https:\/\/politicosaldesnudo.com.mx\/index.php\/wp-json\/wp\/v2\/media\/30498"}],"wp:attachment":[{"href":"https:\/\/politicosaldesnudo.com.mx\/index.php\/wp-json\/wp\/v2\/media?parent=30497"}],"wp:term":[{"taxonomy":"category","embeddable":true,"href":"https:\/\/politicosaldesnudo.com.mx\/index.php\/wp-json\/wp\/v2\/categories?post=30497"},{"taxonomy":"post_tag","embeddable":true,"href":"https:\/\/politicosaldesnudo.com.mx\/index.php\/wp-json\/wp\/v2\/tags?post=30497"}],"curies":[{"name":"wp","href":"https:\/\/api.w.org\/{rel}","templated":true}]}}