{"id":30615,"date":"2024-02-05T12:06:38","date_gmt":"2024-02-05T18:06:38","guid":{"rendered":"https:\/\/politicosaldesnudo.com.mx\/?p=30615"},"modified":"2024-02-05T12:06:38","modified_gmt":"2024-02-05T18:06:38","slug":"piden-obispos-a-milei-apoyos-alimenticios-previo-a-audiencia-con-el-papa","status":"publish","type":"post","link":"https:\/\/politicosaldesnudo.com.mx\/index.php\/2024\/02\/05\/piden-obispos-a-milei-apoyos-alimenticios-previo-a-audiencia-con-el-papa\/","title":{"rendered":"Piden obispos a Milei apoyos alimenticios, previo a audiencia con el Papa"},"content":{"rendered":"<p><span style=\"font-size: 14pt;\">Los obispos argentinos le reclamaron el lunes al gobierno del ultraliberal Javier Milei intensificar \u201csin dilaci\u00f3n\u201d la asistencia alimentaria para los pobres frente al flagelo de la inflaci\u00f3n, en coincidencia con una protesta de comedores comunitarios por la demora en la entrega de alimentos y a pocos d\u00edas del primer encuentro del mandatario con su compatriota papa Francisco.<\/span><\/p>\n<p><span style=\"font-size: 14pt;\">\u201cEn nuestra patria nadie deber\u00eda pasar hambre, ya que es una tierra bendita de pan. Sin embargo, hoy a cientos de miles de familias se les hace cada vez m\u00e1s dif\u00edcil alimentarse bien\u201d, lament\u00f3 la Conferencia Episcopal Argentina.<\/span><\/p>\n<p><span style=\"font-size: 14pt;\">Argentina report\u00f3 en diciembre una inflaci\u00f3n mensual de 25.5% desde el 12.8% del mes anterior, una aceleraci\u00f3n que los economistas atribuyeron a las pol\u00edticas de desregulaci\u00f3n de los precios, sumadas a la devaluaci\u00f3n de m\u00e1s de 50% que aplic\u00f3 Milei tras asumir el 10 de diciembre.<\/span><\/p>\n<p><span style=\"font-size: 14pt;\">El pa\u00eds sudamericano cerr\u00f3 2023 con una variaci\u00f3n interanual de 211.4%, la peor medici\u00f3n desde 1991.<\/span><\/p>\n<p><span style=\"font-size: 14pt;\">Con una pobreza de 40% \u201ctodos los espacios de cuidado que dan de comer, todos los comedores comunitarios, de parroquias, iglesias evang\u00e9licas y de movimientos populares deben recibir ayuda sin dilaci\u00f3n\u201d, reclamaron los obispos. \u201cEs necesario anticiparse para que esta situaci\u00f3n no profundice la crisis alimentaria\u201d.<\/span><\/p>\n<p><span style=\"font-size: 14pt;\">El pronunciamiento de los obispos coincidi\u00f3 con una demora de las autoridades nacionales en la entrega de alimentos a comedores comunitarios que vienen denunciando las organizaciones sociales desde hace varias semanas.<\/span><\/p>\n<p><span style=\"font-size: 14pt;\">Este lunes voluntarios de comedores, la mayor\u00eda identificados con organizaciones sociales pero tambi\u00e9n cientos de mujeres con ni\u00f1os, formaron una hilera de varias cuadras frente a una dependencia del Ministerio de Capital Humano para denunciar una emergencia alimentaria.<\/span><\/p>\n<p><span style=\"font-size: 14pt;\">\u201cNo se puede ajustar con el hambre del pueblo\u201d y \u201cEl hambre no espera\u201d eran algunos de los carteles que sosten\u00edan los manifestantes.<\/span><\/p>\n<p><span style=\"font-size: 14pt;\">\u201cSinceramente, no hay nada para comer\u201d, se quej\u00f3 Griselda R\u00edos, de 22 a\u00f1os, quien ten\u00eda en brazos a su hija Alba de seis meses. La mujer cont\u00f3 que no puede trabajar porque debe cuidar a su beba y que el salario de su esposo carpintero no alcanza para garantizar la subsistencia de la familia.<\/span><\/p>\n<p><span style=\"font-size: 14pt;\">\u201cMi beb\u00e9 est\u00e1 empezando a comer, plata no hay, est\u00e1 todo caro. Es chiquita, no sabe si hay o no hay (comida). Espero que la ministra (Sandra Pettovello) nos atienda\u201d, reclam\u00f3 la mujer.<\/span><\/p>\n<p><span style=\"font-size: 14pt;\">El gobierno de Milei se ha propuesto desplazar a las organizaciones sociales que identifica con la izquierda o con el anterior gobierno peronista de Alberto Fern\u00e1ndez (2019-2023) como intermediarios e instaurar un sistema de asistencia directa a los sectores vulnerables.<\/span><\/p>\n<p><span style=\"font-size: 14pt;\">Como parte de este plan, el gobierno no entregar\u00e1 m\u00e1s alimentos sino que brindar\u00e1 ayuda monetaria a los comedores.<\/span><\/p>\n<p><span style=\"font-size: 14pt;\">\u201cYo no cit\u00e9 a la gente para que est\u00e9 bajo el sol, los convocaron los dirigentes\u201d, denunci\u00f3 la ministra Pettovello en un comunicado, apuntando contra las organizaciones sociales. \u201cFueron los dirigentes que usan a la gente y la hacen hacer cola (fila) bajo el sol. No los voy a recibir\u201d.<\/span><\/p>\n<p><span style=\"font-size: 14pt;\">Las advertencias de los obispos y la queja de los comedores comunitarios ocurren pocos d\u00edas antes de que el presidente Milei sea recibido por el papa Francisco el pr\u00f3ximo lunes en el Vaticano, en la primera audiencia oficial tras las pol\u00e9micas declaraciones del mandatario ultraderechista contra el sumo pont\u00edfice durante la campa\u00f1a electoral.<\/span><\/p>\n<p><span style=\"font-size: 14pt;\">Milei hab\u00eda tildado a Francisco de \u201crepresentante del maligno en la Tierra\u201d cuando unos dos a\u00f1os atr\u00e1s fue entrevistado en un programa televisivo y luego cuestion\u00f3 su supuesta afinidad por el comunismo y \u201cdictadores sangrientos\u201d de Latinoam\u00e9rica en declaraciones realizadas durante la carrera por la presidencia.<\/span><\/p>\n<p><span style=\"font-size: 14pt;\">En uno de los debates en la televisi\u00f3n antes de los comicios, Milei pidi\u00f3 disculpas por los improperios que profiri\u00f3 contra el pont\u00edfice.<\/span><\/p>\n<p><span style=\"font-size: 14pt;\">Francisco, que nunca replic\u00f3 p\u00fablicamente esos agravios, se comunic\u00f3 telef\u00f3nicamente con Milei para felicitarlo por triunfo en el balotaje de noviembre.<\/span><\/p>\n","protected":false},"excerpt":{"rendered":"<p>Los obispos argentinos le reclamaron el lunes al gobierno del ultraliberal Javier Milei intensificar \u201csin dilaci\u00f3n\u201d la asistencia alimentaria para<\/p>\n","protected":false},"author":4,"featured_media":30617,"comment_status":"closed","ping_status":"closed","sticky":false,"template":"","format":"standard","meta":{"colormag_page_container_layout":"default_layout","colormag_page_sidebar_layout":"default_layout","_jetpack_memberships_contains_paid_content":false,"footnotes":"","jetpack_publicize_message":"","jetpack_publicize_feature_enabled":true,"jetpack_social_post_already_shared":false,"jetpack_social_options":{"image_generator_settings":{"template":"highway","default_image_id":0,"font":"","enabled":false},"version":2}},"categories":[28],"tags":[],"class_list":["post-30615","post","type-post","status-publish","format-standard","has-post-thumbnail","hentry","category-internacional"],"jetpack_publicize_connections":[],"jetpack_featured_media_url":"https:\/\/i0.wp.com\/politicosaldesnudo.com.mx\/wp-content\/uploads\/2024\/02\/9b37327e4f554508afa2b3489257261b-1.jpg?fit=1732%2C1155&ssl=1","jetpack-related-posts":[],"jetpack_sharing_enabled":true,"_links":{"self":[{"href":"https:\/\/politicosaldesnudo.com.mx\/index.php\/wp-json\/wp\/v2\/posts\/30615","targetHints":{"allow":["GET"]}}],"collection":[{"href":"https:\/\/politicosaldesnudo.com.mx\/index.php\/wp-json\/wp\/v2\/posts"}],"about":[{"href":"https:\/\/politicosaldesnudo.com.mx\/index.php\/wp-json\/wp\/v2\/types\/post"}],"author":[{"embeddable":true,"href":"https:\/\/politicosaldesnudo.com.mx\/index.php\/wp-json\/wp\/v2\/users\/4"}],"replies":[{"embeddable":true,"href":"https:\/\/politicosaldesnudo.com.mx\/index.php\/wp-json\/wp\/v2\/comments?post=30615"}],"version-history":[{"count":0,"href":"https:\/\/politicosaldesnudo.com.mx\/index.php\/wp-json\/wp\/v2\/posts\/30615\/revisions"}],"wp:featuredmedia":[{"embeddable":true,"href":"https:\/\/politicosaldesnudo.com.mx\/index.php\/wp-json\/wp\/v2\/media\/30617"}],"wp:attachment":[{"href":"https:\/\/politicosaldesnudo.com.mx\/index.php\/wp-json\/wp\/v2\/media?parent=30615"}],"wp:term":[{"taxonomy":"category","embeddable":true,"href":"https:\/\/politicosaldesnudo.com.mx\/index.php\/wp-json\/wp\/v2\/categories?post=30615"},{"taxonomy":"post_tag","embeddable":true,"href":"https:\/\/politicosaldesnudo.com.mx\/index.php\/wp-json\/wp\/v2\/tags?post=30615"}],"curies":[{"name":"wp","href":"https:\/\/api.w.org\/{rel}","templated":true}]}}