{"id":30621,"date":"2024-02-05T23:34:24","date_gmt":"2024-02-06T05:34:24","guid":{"rendered":"https:\/\/politicosaldesnudo.com.mx\/?p=30621"},"modified":"2024-02-05T23:34:24","modified_gmt":"2024-02-06T05:34:24","slug":"el-deporte-y-la-politica","status":"publish","type":"post","link":"https:\/\/politicosaldesnudo.com.mx\/index.php\/2024\/02\/05\/el-deporte-y-la-politica\/","title":{"rendered":"El deporte y la pol\u00edtica"},"content":{"rendered":"<p><span style=\"font-size: 14pt;\"><strong>Por: Luis Ram\u00edrez Baqueiro<\/strong><\/span><\/p>\n<p><span style=\"font-size: 14pt;\"><em>\u201cDonde reina el amor, sobran las leyes.\u201d \u2013 Plat\u00f3n.<\/em><\/span><\/p>\n<p><span style=\"font-size: 14pt;\"><strong>\u00a0<\/strong><strong>La pol\u00edtica mexicana ha estado acompa\u00f1ada del deporte a lo largo de su historia.<\/strong><\/span><\/p>\n<p><span style=\"font-size: 14pt;\"><strong>Se dice que el General Porfirio D\u00edaz acostumbraba salir a cabalgar y hacer ejercicios de calistenia en el famoso Desierto de los Leones, a donde acompa\u00f1ado del s\u00e9quito de Guardias Presidenciales \u2013denominados Dragones- emulando la guardia del K\u00e1iser Guillermo II de Alemania, se ejercitaba mientras, de vez en vez, cortejaba o seduc\u00eda alguna linda damita de la sociedad del cierre del siglo XIX.<\/strong><\/span><\/p>\n<p><span style=\"font-size: 14pt;\"><strong>M\u00e1s recientemente, otros importantes pol\u00edticos mexicanos han tenido afinidad por la pr\u00e1ctica deportiva, quiz\u00e1 los m\u00e1s recordados pudieran ser, Luis Echeverr\u00eda \u00c1lvarez, quien lleg\u00f3 a traer \u201cyoguis\u201d de la India por la pr\u00e1ctica de la \u201cyoga\u201d como mecanismo de autorregulaci\u00f3n f\u00edsica y mental.<\/strong><\/span><\/p>\n<p><span style=\"font-size: 14pt;\"><strong>Pero m\u00e1s all\u00e1, fue Echeverr\u00eda \u00c1lvarez el creador del Premio Nacional del Deporte, que es la m\u00e1xima distinci\u00f3n que un deportista mexicano de la categor\u00eda amateur, paral\u00edmpico o profesional puede recibir por parte del Gobierno Federal. <a href=\"https:\/\/www.milenio.com\/deportes\/mas-aficion\/indeporte-premio-nacional-de-deportes-decretos-luis-echeverria\">https:\/\/www.milenio.com\/deportes\/mas-aficion\/indeporte-premio-nacional-de-deportes-decretos-luis-echeverria<\/a><\/strong><\/span><\/p>\n<p><span style=\"font-size: 14pt;\"><strong>Este galard\u00f3n se ha otorgado desde 1975, gracias a un decreto presidencial realizado por \u00e9l, fue el 16 de junio de ese a\u00f1o, cuando con el prop\u00f3sito de promover la pr\u00e1ctica del deporte y estimular la sana disposici\u00f3n an\u00edmica a la competencia leal, se otorg\u00f3 por primera vez este galard\u00f3n.<\/strong><\/span><\/p>\n<p><span style=\"font-size: 14pt;\"><strong>Otro ex presidente amante del deporte y quien fuera considerado como el \u00faltimo gran Tlatoani, Jos\u00e9 L\u00f3pez Portillo fue uno de los que dio promoci\u00f3n al deporte, \u00e9l era extraordinario jinete, practicaba las suertes charras; gran nadador, atleta consumado, practicaba calistenia, esgrima, pesas \u2013as\u00ed qued\u00f3 plasmado en un documental que la Televisi\u00f3n de Espa\u00f1a le realizar\u00e1 y del cual anexo liga-. <a href=\"https:\/\/www.rtve.es\/play\/videos\/documentales-color\/perfil-presidente\/2888894\/\">https:\/\/www.rtve.es\/play\/videos\/documentales-color\/perfil-presidente\/2888894\/<\/a><\/strong><\/span><\/p>\n<p><span style=\"font-size: 14pt;\"><strong>Carlos Salinas de Gortari, fue otro ex presidente de M\u00e9xico amante del deporte, el m\u00e1s acostumbrado a la pr\u00e1ctica deportiva resultado de su paso por las universidades norteamericanas \u2013fue egresado de Harvard- ten\u00eda por costumbre realizar todas las ma\u00f1anas una carrera promedio a los 5, 7 o 10 km-.<\/strong><\/span><\/p>\n<p><span style=\"font-size: 14pt;\"><strong>As\u00ed Ernesto Zedillo Ponce de Le\u00f3n fue otro quien tambi\u00e9n formado en universidades norteamericanas \u2013Yale- para ser precisos era amante del trote y del ciclismo de monta\u00f1a, el cual practicaba fervientemente por territorio veracruzano en muchas ocasiones.<\/strong><\/span><\/p>\n<p><span style=\"font-size: 14pt;\"><strong>Veracruz tambi\u00e9n ha tenido sus pol\u00edticos atletas.<\/strong><\/span><\/p>\n<p><span style=\"font-size: 14pt;\"><strong>Ustedes recordar\u00e1n a un Fidel Herrera Beltr\u00e1n, practicando b\u00e9isbol, o a un Javier Duarte batallando con su sobrepeso y yendo a la USBI de Xalapa para realizar pr\u00e1cticas deportivas de cara a los XIV Juegos Centroamericanos y del Caribe con sede en la entidad, Flavino R\u00edos Alvarado, quien mandar\u00e1 la entidad por 48 d\u00edas, es un extraordinario practicante del Golf.<\/strong><\/span><\/p>\n<p><span style=\"font-size: 14pt;\"><strong>Otro que verdaderamente es un gran atleta es el exgobernador Miguel \u00c1ngel Yunes Linares, quien tiene a\u00f1os de practicar la carrera y se da sus escapadas para correr competencias de 5 y 10 km, con tiempos verdaderamente importantes para un hombre de 70 a\u00f1os, cosa que lo mantiene activo y en perfecta condici\u00f3n.<\/strong><\/span><\/p>\n<p><span style=\"font-size: 14pt;\"><strong>M\u00e1s recientemente los Morenos tienen a su deportista pol\u00edtico, en el oriundo de Hueyapan de Ocampo, Juan Javier G\u00f3mez Cazar\u00edn, quien, por salud personal, despu\u00e9s por gusto propio comenz\u00f3 a correr, comenz\u00f3 con 5 km de reto, ahora ya hasta maratones de 42 km 250 metros se revienta este pol\u00edtico. <a href=\"https:\/\/www.facebook.com\/share\/v\/MYNuRsUPvMBJC9H5\/?mibextid=WC7FNe\">https:\/\/www.facebook.com\/share\/v\/MYNuRsUPvMBJC9H5\/?mibextid=WC7FNe<\/a><\/strong><\/span><\/p>\n<p><span style=\"font-size: 14pt;\"><strong>Apenas este domingo en sus redes sociales subi\u00f3 un v\u00eddeo que creo debe ser tomado en consideraci\u00f3n por la gran carga emp\u00e1tica del mensaje, G\u00f3mez Cazar\u00edn y su familia han vivido recientemente una p\u00e9rdida familiar muy dolorosa \u2013Alejandro G\u00f3mez Cazar\u00edn el famoso \u201cGala\u201d- como consecuencia del c\u00e1ncer, ah\u00ed Juan Javier, mostrando su gran calidad humana y sobre todo su empat\u00eda corri\u00f3 por las calles del bulevar de Veracruz y Boca del R\u00edo, una carrera en favor a la lucha del c\u00e1ncer que deb\u00eda realizar en la Ciudad de M\u00e9xico, pero que por motivos profesionales no pudo atender.<\/strong><\/span><\/p>\n<p><span style=\"font-size: 14pt;\"><strong>A pesar de ello, el morenista se calz\u00f3 los tenis, se puso la ropa deportiva y sali\u00f3 a hacer la carrera por amor a su hermano, y por empat\u00eda con quienes padecen de esta terrible enfermedad.<\/strong><\/span><\/p>\n<p><span style=\"font-size: 14pt;\"><strong>Ojal\u00e1 las autoridades en materia de salud de nuestro pa\u00eds, tuvieran la empat\u00eda que \u00e9l muestra, para hacer el mayor de los esfuerzos y dotar de medicamentos a quienes tanto lo necesitan, pues la queja constante contra este gobierno ha sido el desmantelamiento sistem\u00e1tico del Sistema Nacional de Salud, que cada d\u00eda esta ciertamente m\u00e1s alejado del Sistema M\u00e9dico de Dinamarca como tanto prometi\u00f3.<\/strong><\/span><\/p>\n<p><span style=\"font-size: 14pt;\"><strong>O usted \u00bfqu\u00e9 opina?<\/strong><\/span><\/p>\n<p><span style=\"font-size: 14pt;\"><strong>\u00a0<\/strong><strong>Al <\/strong><strong>tiempo.<\/strong><\/span><\/p>\n<p><img data-recalc-dims=\"1\" loading=\"lazy\" decoding=\"async\" class=\"aligncenter size-full wp-image-30522\" src=\"https:\/\/i0.wp.com\/politicosaldesnudo.com.mx\/wp-content\/uploads\/2024\/02\/FIRMA-EDITORIAL-PD.jpg?resize=800%2C98&#038;ssl=1\" alt=\"\" width=\"800\" height=\"98\" srcset=\"https:\/\/i0.wp.com\/politicosaldesnudo.com.mx\/wp-content\/uploads\/2024\/02\/FIRMA-EDITORIAL-PD.jpg?w=1024&amp;ssl=1 1024w, https:\/\/i0.wp.com\/politicosaldesnudo.com.mx\/wp-content\/uploads\/2024\/02\/FIRMA-EDITORIAL-PD.jpg?resize=300%2C37&amp;ssl=1 300w, https:\/\/i0.wp.com\/politicosaldesnudo.com.mx\/wp-content\/uploads\/2024\/02\/FIRMA-EDITORIAL-PD.jpg?resize=768%2C94&amp;ssl=1 768w\" sizes=\"auto, (max-width: 800px) 100vw, 800px\" \/><\/p>\n","protected":false},"excerpt":{"rendered":"<p>Por: Luis Ram\u00edrez Baqueiro \u201cDonde reina el amor, sobran las leyes.\u201d \u2013 Plat\u00f3n. \u00a0La pol\u00edtica mexicana ha estado acompa\u00f1ada del<\/p>\n","protected":false},"author":4,"featured_media":4390,"comment_status":"closed","ping_status":"closed","sticky":false,"template":"","format":"standard","meta":{"colormag_page_container_layout":"default_layout","colormag_page_sidebar_layout":"default_layout","_jetpack_memberships_contains_paid_content":false,"footnotes":"","jetpack_publicize_message":"","jetpack_publicize_feature_enabled":true,"jetpack_social_post_already_shared":false,"jetpack_social_options":{"image_generator_settings":{"template":"highway","default_image_id":0,"font":"","enabled":false},"version":2}},"categories":[26],"tags":[],"class_list":["post-30621","post","type-post","status-publish","format-standard","has-post-thumbnail","hentry","category-columnistas"],"jetpack_publicize_connections":[],"jetpack_featured_media_url":"https:\/\/i0.wp.com\/politicosaldesnudo.com.mx\/wp-content\/uploads\/2022\/04\/LUIS-RAMI%CC%81REZ-BAQUEIRO.png?fit=1816%2C1016&ssl=1","jetpack-related-posts":[],"jetpack_sharing_enabled":true,"_links":{"self":[{"href":"https:\/\/politicosaldesnudo.com.mx\/index.php\/wp-json\/wp\/v2\/posts\/30621","targetHints":{"allow":["GET"]}}],"collection":[{"href":"https:\/\/politicosaldesnudo.com.mx\/index.php\/wp-json\/wp\/v2\/posts"}],"about":[{"href":"https:\/\/politicosaldesnudo.com.mx\/index.php\/wp-json\/wp\/v2\/types\/post"}],"author":[{"embeddable":true,"href":"https:\/\/politicosaldesnudo.com.mx\/index.php\/wp-json\/wp\/v2\/users\/4"}],"replies":[{"embeddable":true,"href":"https:\/\/politicosaldesnudo.com.mx\/index.php\/wp-json\/wp\/v2\/comments?post=30621"}],"version-history":[{"count":0,"href":"https:\/\/politicosaldesnudo.com.mx\/index.php\/wp-json\/wp\/v2\/posts\/30621\/revisions"}],"wp:featuredmedia":[{"embeddable":true,"href":"https:\/\/politicosaldesnudo.com.mx\/index.php\/wp-json\/wp\/v2\/media\/4390"}],"wp:attachment":[{"href":"https:\/\/politicosaldesnudo.com.mx\/index.php\/wp-json\/wp\/v2\/media?parent=30621"}],"wp:term":[{"taxonomy":"category","embeddable":true,"href":"https:\/\/politicosaldesnudo.com.mx\/index.php\/wp-json\/wp\/v2\/categories?post=30621"},{"taxonomy":"post_tag","embeddable":true,"href":"https:\/\/politicosaldesnudo.com.mx\/index.php\/wp-json\/wp\/v2\/tags?post=30621"}],"curies":[{"name":"wp","href":"https:\/\/api.w.org\/{rel}","templated":true}]}}