{"id":30744,"date":"2024-02-07T09:13:34","date_gmt":"2024-02-07T15:13:34","guid":{"rendered":"https:\/\/politicosaldesnudo.com.mx\/?p=30744"},"modified":"2024-02-07T09:13:34","modified_gmt":"2024-02-07T15:13:34","slug":"mexico-menos-vulnerable-si-se-fortalece-a-la-cfe-expertos","status":"publish","type":"post","link":"https:\/\/politicosaldesnudo.com.mx\/index.php\/2024\/02\/07\/mexico-menos-vulnerable-si-se-fortalece-a-la-cfe-expertos\/","title":{"rendered":"M\u00e9xico, menos vulnerable si se fortalece a la CFE: expertos"},"content":{"rendered":"<div class=\"col col1\">\n<p class=\"s-s\"><span style=\"font-size: 14pt;\">Fortalecer a la Comisi\u00f3n Federal de Electricidad (CFE), como busca la reforma constitucional presentada por el presidente Andr\u00e9s Manuel L\u00f3pez Obrador, contribuir\u00eda a reducir la exposici\u00f3n de M\u00e9xico a las vulnerabilidades geopol\u00edticas y a las fluctuaciones en los precios internacionales de la energ\u00eda, indicaron especialistas.<\/span><\/p>\n<p><span style=\"font-size: 14pt;\"><q>Una CFE fuerte contribuir\u00eda a reducir la exposici\u00f3n de nuestro pa\u00eds a las vulnerabilidades geopol\u00edticas<\/q>, indic\u00f3 Arturo Carranza, analista del sector energ\u00e9tico.<\/span><\/p>\n<p><span style=\"font-size: 14pt;\">No obstante, el fortalecimiento no debe darse por la v\u00eda legal a trav\u00e9s de una reforma constitucional.\u00a0<q>Si el objetivo es garantizar el acceso universal a la energ\u00eda el\u00e9ctrica para todos los mexicanos, el gobierno har\u00eda bien en instrumentar, primero, un esquema administrativo dentro de la CFE que le apueste al desarrollo de las habilidades de las y los trabajadores de la empresa<\/q>.<\/span><\/p>\n<p><span style=\"font-size: 14pt;\">Coment\u00f3 que de aprobarse la modificaci\u00f3n al art\u00edculo 25 constitucional, que busca que la CFE deje de ser una empresa productiva del estado y sea una empresa p\u00fablica, el derecho mercantil dejar\u00eda de prevalecer como pilar que sostiene las decisiones corporativas de la empresa y el derecho p\u00fablico regir\u00eda las decisiones que se tomen en la Comisi\u00f3n. De esta forma, por ejemplo, algunas medidas que la CFE est\u00e1 obligada a llevar a cabo actualmente, como la publicaci\u00f3n de un informe anual, podr\u00edan llegar a su fin.<\/span><\/p>\n<p><span style=\"font-size: 14pt;\">Se\u00f1al\u00f3 que con la reforma al art\u00edculo 27 cambiar\u00edan dos aspectos relevantes, pues por un lado, se pondr\u00eda un candado a la posibilidad de que los privados operen las redes el\u00e9ctricas y por otro se permitir\u00eda que la CFE abastezca 54 por ciento de la demanda el\u00e9ctrica nacional y los privados el 46 por ciento restante.<\/span><\/p>\n<p><span style=\"font-size: 14pt;\">Sobre la modificaci\u00f3n del art\u00edculo 28, que busca que la planeaci\u00f3n y el control del sistema el\u00e9ctrico nacional se establecer\u00edan como objetivos espec\u00edficos la seguridad y la autosuficiencia energ\u00e9tica, permitir\u00eda al operador del mercado el\u00e9ctrico mayorista modificar los criterios del despacho de la energ\u00eda el\u00e9ctrica para permitir, por ejemplo, que la energ\u00eda que genera la CFE se suba a las redes el\u00e9ctricas de transmisi\u00f3n antes que la energ\u00eda de los privados.<\/span><\/p>\n<\/div>\n<div class=\"col col2\">\n<p><span style=\"font-size: 14pt;\"><q>Esto, en otras palabras, relegar\u00eda a un segundo plano conceptos como el de la competencia y la libre concurrencia, hoy fundamentales en la operaci\u00f3n del mercado el\u00e9ctrico mayorista<\/q>.<\/span><\/p>\n<p><span style=\"font-size: 14pt;\"><q>La idea no est\u00e1 muy adecuada para los momentos que estamos viviendo, porque el problema es que vas a limitar la transici\u00f3n energ\u00e9tica<\/q>, advirti\u00f3 Ramses Pech, especialista en el sector energ\u00e9tico.<\/span><\/p>\n<p><span style=\"font-size: 14pt;\">Coment\u00f3 que la desaparici\u00f3n de la Comisi\u00f3n Reguladora de Energ\u00eda (CRE) y la Comisi\u00f3n Nacional de Hidrocarburos (CNH), que son parte del consejo de administraci\u00f3n de las empresas estatales, causar\u00eda conflicto de intereses, ya que a la vez tendr\u00edan informaci\u00f3n y decidir\u00edan a quien dan permisos.<\/span><\/p>\n<p><span style=\"font-size: 14pt;\"><q>Desaparecer a los \u00f3rganos reguladores pone en riesgo al mercado, porque podr\u00e1s convertirte en juez y parte entonces.<\/q><\/span><\/p>\n<\/div>\n","protected":false},"excerpt":{"rendered":"<p>Fortalecer a la Comisi\u00f3n Federal de Electricidad (CFE), como busca la reforma constitucional presentada por el presidente Andr\u00e9s Manuel L\u00f3pez<\/p>\n","protected":false},"author":4,"featured_media":30745,"comment_status":"closed","ping_status":"closed","sticky":false,"template":"","format":"standard","meta":{"colormag_page_container_layout":"default_layout","colormag_page_sidebar_layout":"default_layout","_jetpack_memberships_contains_paid_content":false,"footnotes":"","jetpack_publicize_message":"","jetpack_publicize_feature_enabled":true,"jetpack_social_post_already_shared":false,"jetpack_social_options":{"image_generator_settings":{"template":"highway","default_image_id":0,"font":"","enabled":false},"version":2}},"categories":[33],"tags":[],"class_list":["post-30744","post","type-post","status-publish","format-standard","has-post-thumbnail","hentry","category-nacional"],"jetpack_publicize_connections":[],"jetpack_featured_media_url":"https:\/\/i0.wp.com\/politicosaldesnudo.com.mx\/wp-content\/uploads\/2024\/02\/energia_electrica_mexico_01.jpg?fit=750%2C484&ssl=1","jetpack-related-posts":[],"jetpack_sharing_enabled":true,"_links":{"self":[{"href":"https:\/\/politicosaldesnudo.com.mx\/index.php\/wp-json\/wp\/v2\/posts\/30744","targetHints":{"allow":["GET"]}}],"collection":[{"href":"https:\/\/politicosaldesnudo.com.mx\/index.php\/wp-json\/wp\/v2\/posts"}],"about":[{"href":"https:\/\/politicosaldesnudo.com.mx\/index.php\/wp-json\/wp\/v2\/types\/post"}],"author":[{"embeddable":true,"href":"https:\/\/politicosaldesnudo.com.mx\/index.php\/wp-json\/wp\/v2\/users\/4"}],"replies":[{"embeddable":true,"href":"https:\/\/politicosaldesnudo.com.mx\/index.php\/wp-json\/wp\/v2\/comments?post=30744"}],"version-history":[{"count":0,"href":"https:\/\/politicosaldesnudo.com.mx\/index.php\/wp-json\/wp\/v2\/posts\/30744\/revisions"}],"wp:featuredmedia":[{"embeddable":true,"href":"https:\/\/politicosaldesnudo.com.mx\/index.php\/wp-json\/wp\/v2\/media\/30745"}],"wp:attachment":[{"href":"https:\/\/politicosaldesnudo.com.mx\/index.php\/wp-json\/wp\/v2\/media?parent=30744"}],"wp:term":[{"taxonomy":"category","embeddable":true,"href":"https:\/\/politicosaldesnudo.com.mx\/index.php\/wp-json\/wp\/v2\/categories?post=30744"},{"taxonomy":"post_tag","embeddable":true,"href":"https:\/\/politicosaldesnudo.com.mx\/index.php\/wp-json\/wp\/v2\/tags?post=30744"}],"curies":[{"name":"wp","href":"https:\/\/api.w.org\/{rel}","templated":true}]}}