{"id":30866,"date":"2024-02-09T08:19:17","date_gmt":"2024-02-09T14:19:17","guid":{"rendered":"https:\/\/politicosaldesnudo.com.mx\/?p=30866"},"modified":"2024-02-09T08:19:17","modified_gmt":"2024-02-09T14:19:17","slug":"transportistas-exigen-seguridad","status":"publish","type":"post","link":"https:\/\/politicosaldesnudo.com.mx\/index.php\/2024\/02\/09\/transportistas-exigen-seguridad\/","title":{"rendered":"Transportistas exigen seguridad"},"content":{"rendered":"<p><span style=\"font-size: 14pt;\">Tuxpan.- Transportistas Tuxpe\u00f1os adheridos a la Alianza Mexicana de Organizaci\u00f3n de Transportistas; Amotac, se unir\u00e1n al paro nacional que realizar\u00e1 la organizaci\u00f3n para demandar mayor seguridad en carreteras del pa\u00eds, el cual se llevar\u00e1 a cabo el pr\u00f3ximo jueves 15 de febrero a partir de las 8:00 de la ma\u00f1ana parando operaciones y bloqueando principales.<\/span><\/p>\n<p><span style=\"font-size: 14pt;\">Los participantes lamentan todos los problemas que van a ocasionar puesto que aseguran que ser\u00e1 una actividad pac\u00edfica, esperan no afectar a terceras personas, puesto que la protesta es por el incumplimiento de medidas de seguridad y ataques contra operadores del autotransporte de carga.<\/span><\/p>\n<p><span style=\"font-size: 14pt;\">\u00abSon temas que se necesitan tratar y que se han suscitado como son de la Secretar\u00eda de Comunicaciones\u00a0 y Trasportes, la inseguridad que nos aqueja en las v\u00edas de comunicaci\u00f3n de todos los estados de la Rep\u00fablica Mexicana, por eso le pedimos a la Guardia Nacional que haga m\u00e1s operativos, que ponga mayor cuidado en la gente que anda trabajando en las carreteras del pa\u00eds, con el objetivo de que la inseguridad se termine y todos podamos seguir trabajando como lo hab\u00edamos venido haciendo, para evitar m\u00e1s p\u00e9rdidas al sector\u00bb, comentaron.<\/span><\/p>\n<p><span style=\"font-size: 14pt;\">Hicieron el llamado a todos los compa\u00f1eros que viven del transporte a sumarse a esta movilizaci\u00f3n pac\u00edfica, para poder ser escuchados por las autoridades, porque aseguran que es necesario que la Guardia Nacional y todas las autoridades pongan m\u00e1s cuidado a todo lo que pasa en el pa\u00eds.<\/span><\/p>\n<p><span style=\"font-size: 14pt;\">En Tuxpan, ser\u00e1n aproximadamente 200 agremiados entre taxistas, urbanos, trailer, torton, entre otros.<\/span><\/p>\n","protected":false},"excerpt":{"rendered":"<p>Tuxpan.- Transportistas Tuxpe\u00f1os adheridos a la Alianza Mexicana de Organizaci\u00f3n de Transportistas; Amotac, se unir\u00e1n al paro nacional que realizar\u00e1<\/p>\n","protected":false},"author":4,"featured_media":30867,"comment_status":"closed","ping_status":"closed","sticky":false,"template":"","format":"standard","meta":{"colormag_page_container_layout":"default_layout","colormag_page_sidebar_layout":"default_layout","_jetpack_memberships_contains_paid_content":false,"footnotes":"","jetpack_publicize_message":"","jetpack_publicize_feature_enabled":true,"jetpack_social_post_already_shared":false,"jetpack_social_options":{"image_generator_settings":{"template":"highway","default_image_id":0,"font":"","enabled":false},"version":2}},"categories":[1082],"tags":[],"class_list":["post-30866","post","type-post","status-publish","format-standard","has-post-thumbnail","hentry","category-tuxpan"],"jetpack_publicize_connections":[],"jetpack_featured_media_url":"https:\/\/i0.wp.com\/politicosaldesnudo.com.mx\/wp-content\/uploads\/2024\/02\/5a1-2.jpg?fit=800%2C600&ssl=1","jetpack-related-posts":[],"jetpack_sharing_enabled":true,"_links":{"self":[{"href":"https:\/\/politicosaldesnudo.com.mx\/index.php\/wp-json\/wp\/v2\/posts\/30866","targetHints":{"allow":["GET"]}}],"collection":[{"href":"https:\/\/politicosaldesnudo.com.mx\/index.php\/wp-json\/wp\/v2\/posts"}],"about":[{"href":"https:\/\/politicosaldesnudo.com.mx\/index.php\/wp-json\/wp\/v2\/types\/post"}],"author":[{"embeddable":true,"href":"https:\/\/politicosaldesnudo.com.mx\/index.php\/wp-json\/wp\/v2\/users\/4"}],"replies":[{"embeddable":true,"href":"https:\/\/politicosaldesnudo.com.mx\/index.php\/wp-json\/wp\/v2\/comments?post=30866"}],"version-history":[{"count":0,"href":"https:\/\/politicosaldesnudo.com.mx\/index.php\/wp-json\/wp\/v2\/posts\/30866\/revisions"}],"wp:featuredmedia":[{"embeddable":true,"href":"https:\/\/politicosaldesnudo.com.mx\/index.php\/wp-json\/wp\/v2\/media\/30867"}],"wp:attachment":[{"href":"https:\/\/politicosaldesnudo.com.mx\/index.php\/wp-json\/wp\/v2\/media?parent=30866"}],"wp:term":[{"taxonomy":"category","embeddable":true,"href":"https:\/\/politicosaldesnudo.com.mx\/index.php\/wp-json\/wp\/v2\/categories?post=30866"},{"taxonomy":"post_tag","embeddable":true,"href":"https:\/\/politicosaldesnudo.com.mx\/index.php\/wp-json\/wp\/v2\/tags?post=30866"}],"curies":[{"name":"wp","href":"https:\/\/api.w.org\/{rel}","templated":true}]}}