{"id":30875,"date":"2024-02-09T08:25:24","date_gmt":"2024-02-09T14:25:24","guid":{"rendered":"https:\/\/politicosaldesnudo.com.mx\/?p=30875"},"modified":"2024-02-09T08:25:24","modified_gmt":"2024-02-09T14:25:24","slug":"lideres-sindicales-toman-la-sev","status":"publish","type":"post","link":"https:\/\/politicosaldesnudo.com.mx\/index.php\/2024\/02\/09\/lideres-sindicales-toman-la-sev\/","title":{"rendered":"L\u00edderes sindicales toman la SEV"},"content":{"rendered":"<p><span style=\"font-size: 14pt;\">Xalapa.- Un grupo de 16 l\u00edderes sindicales protest\u00f3 y tom\u00f3 las oficinas centrales de la Secretar\u00eda de Educaci\u00f3n de Veracruz (SEV) para denunciar que est\u00e1n detenidos los cambios de adscripci\u00f3n.<\/span><\/p>\n<p><span style=\"font-size: 14pt;\">Se trata de los dirigentes de los sindicatos como el Unificador Magisterial (Suma), Innovaci\u00f3n Sindical al Servicio de los Trabajadores al Servicio de la Educaci\u00f3n (Insiste), Estatal de Trabajadores de la Educaci\u00f3n (SETE) y del Movimiento Magisterial Veracruzano (SSMV), por mencionar algunos.<\/span><\/p>\n<p><span style=\"font-size: 14pt;\">Los quejosos cerraron los accesos de dependencia estatal, ubicada sobre la carretera federal Xalapa-Veracruz, a la altura de la colonia Sahop, donde no se permiti\u00f3 el paso a los trabajadores.<\/span><\/p>\n<p><span style=\"font-size: 14pt;\">De acuerdo con el l\u00edder de Innovaci\u00f3n Sindical al Servicio de los Trabajadores de la Educaci\u00f3n, Jos\u00e9 Luis Moreno Landa, y la secretaria general del Sindicato Unificador Magisterial, Mar\u00eda Minelia C\u00f3rdoba Herrera, no ha habido apertura al di\u00e1logo por parte de las autoridades educativas.<\/span><\/p>\n<p><span style=\"font-size: 14pt;\">\u201cEstamos inconformes 16 sindicatos y el motivo principal es por la falta de atenci\u00f3n que ha tenido la autoridad con todos los compa\u00f1eros. No nos reciben y hemos tratado de entablar una mesa de conversaci\u00f3n con ellos y no nos han dado respuesta\u201d, expres\u00f3 Moreno Landa.<\/span><\/p>\n<p><span style=\"font-size: 14pt;\">Tambi\u00e9n Mar\u00eda Minelia C\u00f3rdoba enfatiz\u00f3 que las autoridades no han mostrado inter\u00e9s por atender las necesidades de las organizaciones sindicales, como los cambios de adscripci\u00f3n por cuestiones de seguridad.<\/span><\/p>\n<p><span style=\"font-size: 14pt;\">\u201cTenemos meses pidiendo cambios de adscripci\u00f3n por inseguridad, son temas muy delicados y no son atendidos\u201d, se\u00f1al\u00f3 la l\u00edder sindical.<\/span><\/p>\n<p><span style=\"font-size: 14pt;\">Los quejosos no est\u00e1n dispuestos a liberar las oficinas centrales de la Secretar\u00eda de Educaci\u00f3n de Veracruz hasta obtener una soluci\u00f3n concreta.<\/span><\/p>\n","protected":false},"excerpt":{"rendered":"<p>Xalapa.- Un grupo de 16 l\u00edderes sindicales protest\u00f3 y tom\u00f3 las oficinas centrales de la Secretar\u00eda de Educaci\u00f3n de Veracruz<\/p>\n","protected":false},"author":4,"featured_media":30876,"comment_status":"closed","ping_status":"closed","sticky":false,"template":"","format":"standard","meta":{"colormag_page_container_layout":"default_layout","colormag_page_sidebar_layout":"default_layout","_jetpack_memberships_contains_paid_content":false,"footnotes":"","jetpack_publicize_message":"","jetpack_publicize_feature_enabled":true,"jetpack_social_post_already_shared":false,"jetpack_social_options":{"image_generator_settings":{"template":"highway","default_image_id":0,"font":"","enabled":false},"version":2}},"categories":[30],"tags":[],"class_list":["post-30875","post","type-post","status-publish","format-standard","has-post-thumbnail","hentry","category-estados"],"jetpack_publicize_connections":[],"jetpack_featured_media_url":"https:\/\/i0.wp.com\/politicosaldesnudo.com.mx\/wp-content\/uploads\/2024\/02\/9b-3.jpg?fit=1280%2C960&ssl=1","jetpack-related-posts":[],"jetpack_sharing_enabled":true,"_links":{"self":[{"href":"https:\/\/politicosaldesnudo.com.mx\/index.php\/wp-json\/wp\/v2\/posts\/30875","targetHints":{"allow":["GET"]}}],"collection":[{"href":"https:\/\/politicosaldesnudo.com.mx\/index.php\/wp-json\/wp\/v2\/posts"}],"about":[{"href":"https:\/\/politicosaldesnudo.com.mx\/index.php\/wp-json\/wp\/v2\/types\/post"}],"author":[{"embeddable":true,"href":"https:\/\/politicosaldesnudo.com.mx\/index.php\/wp-json\/wp\/v2\/users\/4"}],"replies":[{"embeddable":true,"href":"https:\/\/politicosaldesnudo.com.mx\/index.php\/wp-json\/wp\/v2\/comments?post=30875"}],"version-history":[{"count":0,"href":"https:\/\/politicosaldesnudo.com.mx\/index.php\/wp-json\/wp\/v2\/posts\/30875\/revisions"}],"wp:featuredmedia":[{"embeddable":true,"href":"https:\/\/politicosaldesnudo.com.mx\/index.php\/wp-json\/wp\/v2\/media\/30876"}],"wp:attachment":[{"href":"https:\/\/politicosaldesnudo.com.mx\/index.php\/wp-json\/wp\/v2\/media?parent=30875"}],"wp:term":[{"taxonomy":"category","embeddable":true,"href":"https:\/\/politicosaldesnudo.com.mx\/index.php\/wp-json\/wp\/v2\/categories?post=30875"},{"taxonomy":"post_tag","embeddable":true,"href":"https:\/\/politicosaldesnudo.com.mx\/index.php\/wp-json\/wp\/v2\/tags?post=30875"}],"curies":[{"name":"wp","href":"https:\/\/api.w.org\/{rel}","templated":true}]}}