{"id":30893,"date":"2024-02-09T08:34:59","date_gmt":"2024-02-09T14:34:59","guid":{"rendered":"https:\/\/politicosaldesnudo.com.mx\/?p=30893"},"modified":"2024-02-09T08:34:59","modified_gmt":"2024-02-09T14:34:59","slug":"define-morena-formulas-al-senado-para-puebla-zacatecas-y-colima","status":"publish","type":"post","link":"https:\/\/politicosaldesnudo.com.mx\/index.php\/2024\/02\/09\/define-morena-formulas-al-senado-para-puebla-zacatecas-y-colima\/","title":{"rendered":"Define Morena f\u00f3rmulas al Senado para Puebla, Zacatecas y Colima"},"content":{"rendered":"<p><span style=\"font-size: 14pt;\">Morena dio a conocer esta noche las f\u00f3rmulas de la coalici\u00f3n Sigamos haciendo historia al Senado correspondientes a Puebla, Zacatecas y Colima.<\/span><\/p>\n<p><span style=\"font-size: 14pt;\">Por Puebla, el actual coordinador de Morena en la C\u00e1mara de Diputados, Ignacio Mier, y la ex secretaria de Bienestar del estado, Lizeth S\u00e1nchez.<\/span><\/p>\n<p><span style=\"font-size: 14pt;\">En el caso de Zacatecas est\u00e1n la senadora morenista Soledad Lu\u00e9vano; el presidente municipal de Fresnillo, Sa\u00fal Monreal, y se busca la ruta para la relecci\u00f3n de la senadora petista Geovanna Ba\u00f1uelos de la Torre.<\/span><\/p>\n<p><span style=\"font-size: 14pt;\">Finalmente en Colima, Virgilio Mendoza, del PVEM, y qued\u00f3 pendiente la asignaci\u00f3n por parte del Partido del Trabajo.<\/span><\/p>\n<p><span style=\"font-size: 14pt;\">En un comunicado, Morena record\u00f3 que la definici\u00f3n de f\u00f3rmulas se lleva a cabo con base en el proceso de encuestas y valoraci\u00f3n de perfiles.<\/span><\/p>\n<p>&nbsp;<\/p>\n","protected":false},"excerpt":{"rendered":"<p>Morena dio a conocer esta noche las f\u00f3rmulas de la coalici\u00f3n Sigamos haciendo historia al Senado correspondientes a Puebla, Zacatecas<\/p>\n","protected":false},"author":4,"featured_media":30894,"comment_status":"closed","ping_status":"closed","sticky":false,"template":"","format":"standard","meta":{"colormag_page_container_layout":"default_layout","colormag_page_sidebar_layout":"default_layout","_jetpack_memberships_contains_paid_content":false,"footnotes":"","jetpack_publicize_message":"","jetpack_publicize_feature_enabled":true,"jetpack_social_post_already_shared":false,"jetpack_social_options":{"image_generator_settings":{"template":"highway","default_image_id":0,"font":"","enabled":false},"version":2}},"categories":[33],"tags":[],"class_list":["post-30893","post","type-post","status-publish","format-standard","has-post-thumbnail","hentry","category-nacional"],"jetpack_publicize_connections":[],"jetpack_featured_media_url":"https:\/\/i0.wp.com\/politicosaldesnudo.com.mx\/wp-content\/uploads\/2024\/02\/define-morena-formulas-al-senado-para-puebla-zacatecas-y-colima-3282html-mario-delgadojpeg-3903html-2634bbed-dade-4498-912e-f2be65e107c6.jpg?fit=1024%2C682&ssl=1","jetpack-related-posts":[],"jetpack_sharing_enabled":true,"_links":{"self":[{"href":"https:\/\/politicosaldesnudo.com.mx\/index.php\/wp-json\/wp\/v2\/posts\/30893","targetHints":{"allow":["GET"]}}],"collection":[{"href":"https:\/\/politicosaldesnudo.com.mx\/index.php\/wp-json\/wp\/v2\/posts"}],"about":[{"href":"https:\/\/politicosaldesnudo.com.mx\/index.php\/wp-json\/wp\/v2\/types\/post"}],"author":[{"embeddable":true,"href":"https:\/\/politicosaldesnudo.com.mx\/index.php\/wp-json\/wp\/v2\/users\/4"}],"replies":[{"embeddable":true,"href":"https:\/\/politicosaldesnudo.com.mx\/index.php\/wp-json\/wp\/v2\/comments?post=30893"}],"version-history":[{"count":0,"href":"https:\/\/politicosaldesnudo.com.mx\/index.php\/wp-json\/wp\/v2\/posts\/30893\/revisions"}],"wp:featuredmedia":[{"embeddable":true,"href":"https:\/\/politicosaldesnudo.com.mx\/index.php\/wp-json\/wp\/v2\/media\/30894"}],"wp:attachment":[{"href":"https:\/\/politicosaldesnudo.com.mx\/index.php\/wp-json\/wp\/v2\/media?parent=30893"}],"wp:term":[{"taxonomy":"category","embeddable":true,"href":"https:\/\/politicosaldesnudo.com.mx\/index.php\/wp-json\/wp\/v2\/categories?post=30893"},{"taxonomy":"post_tag","embeddable":true,"href":"https:\/\/politicosaldesnudo.com.mx\/index.php\/wp-json\/wp\/v2\/tags?post=30893"}],"curies":[{"name":"wp","href":"https:\/\/api.w.org\/{rel}","templated":true}]}}