{"id":30896,"date":"2024-02-09T08:37:20","date_gmt":"2024-02-09T14:37:20","guid":{"rendered":"https:\/\/politicosaldesnudo.com.mx\/?p=30896"},"modified":"2024-02-09T08:37:20","modified_gmt":"2024-02-09T14:37:20","slug":"entrego-salinas-el-poder-judicial-al-pan-afirma-amlo","status":"publish","type":"post","link":"https:\/\/politicosaldesnudo.com.mx\/index.php\/2024\/02\/09\/entrego-salinas-el-poder-judicial-al-pan-afirma-amlo\/","title":{"rendered":"Entreg\u00f3 Salinas el Poder Judicial al PAN, afirma AMLO"},"content":{"rendered":"<div class=\"col col1\">\n<p class=\"s-s\"><span style=\"font-size: 14pt;\">En una nueva descalificaci\u00f3n a la Judicatura, el presidente Andr\u00e9s Manuel L\u00f3pez Obrador consider\u00f3 ayer que la <q>red de complicidades y componendas<\/q> que prevalece ah\u00ed se enquist\u00f3 desde que en el sexenio de Carlos Salinas <q>se le entreg\u00f3 el Poder Judicial al Partido Acci\u00f3n Nacional<\/q>.<\/span><\/p>\n<p><span style=\"font-size: 14pt;\">Al inicio de ese contubernio se crearon los privilegios, expresados en los elevados salarios de los funcionarios judiciales, as\u00ed como en <q>permitir el nepotismo<\/q>, a\u00f1adi\u00f3.<\/span><\/p>\n<p><span style=\"font-size: 14pt;\">L\u00f3pez Obrador encuadr\u00f3 lo que llam\u00f3 la entrega del Poder Judicial al PAN en una tendencia: <q>toda la pol\u00edtica de privatizaci\u00f3n y las reformas para desaparecer el ejido, reforma el art\u00edculo 27, entrega los bancos, entrega las empresas, entrega las minas y en eso coincide plenamente con el PAN y tambi\u00e9n hacen una alianza pol\u00edtica, mientras a nosotros nos hac\u00edan fraudes<\/q>.<\/span><\/p>\n<p><span style=\"font-size: 14pt;\">Record\u00f3 que la revista <em>Forbes<\/em> ha documentado que fue en el sexenio de Salinas cuando se construyeron las grandes fortunas en M\u00e9xico.<\/span><\/p>\n<p><span style=\"font-size: 14pt;\">Durante su conferencia, dijo que fueron los tiempos en que el panista Diego Fern\u00e1ndez de Cevallos forj\u00f3 su influencia como parte de las componendas PRI-PAN.<\/span><\/p>\n<p><span style=\"font-size: 14pt;\">\u201cTodos los recomendados de los l\u00edderes el PAN entraban al Poder Judicial, m\u00e1s otros recomendados de grupos de intereses creados. El Poder Judicial se convirti\u00f3 en un poder al servicio \u2013como estaba tambi\u00e9n el Ejecutivo, lo mismo, un poder al servicio\u2013 de una minor\u00eda\u201d.<\/span><\/p>\n<p><span style=\"font-size: 14pt;\">Mencion\u00f3 que entonces, para mantener el control de ese poder, <q>maiceaban<\/q> a los funcionarios judiciales a trav\u00e9s de altos salarios, que en la actualidad han alcanzado hasta los 700 mil pesos mensuales para un ministro de la Suprema Corte de Justicia de la Naci\u00f3n.<\/span><\/p>\n<\/div>\n<div class=\"col col2\">\n<p><span style=\"font-size: 14pt;\">Destac\u00f3 que se establecieron v\u00ednculos centrados en la \u201ccompra de lealtades, compra de conciencia. Se pudri\u00f3 el Poder Judicial. Parte de las concesiones era tambi\u00e9n permitir el nepotismo, aparte de la corrupci\u00f3n.<\/span><\/p>\n<p><span style=\"font-size: 14pt;\"><q>El problema es de fondo<\/q>, dijo L\u00f3pez Obrador. <q>Que se agarra a un delincuente y por dinero se le deja libre, o por influencia, imag\u00ednense el da\u00f1o que causan a la sociedad<\/q>.<\/span><\/p>\n<p><span style=\"font-size: 14pt;\">Cit\u00f3 como ejemplo los fallos recientes para descongelar las cuentas de la esposa de Genaro Garc\u00eda Luna, secretario de Seguridad P\u00fablica en el sexenio de Felipe Calder\u00f3n.<\/span><\/p>\n<p><span style=\"font-size: 14pt;\"><q>Es una red de complicidades, de componendas. Y as\u00ed muchas cosas. Esto de que dos ministros cancelen la ley el\u00e9ctrica, una legislaci\u00f3n que beneficia al pueblo, pero que no les conviene a las empresas particulares<\/q>, reproch\u00f3.<\/span><\/p>\n<p><span style=\"font-size: 14pt;\">Inst\u00f3 entonces a aprobar su iniciativa de reformas al Poder Judicial para que la designaci\u00f3n de ministros, magistrados y jueces ya no sea mediante arreglos cupulares, sino a trav\u00e9s de elecciones.<\/span><\/p>\n<p><span style=\"font-size: 14pt;\"><q>Que sea el pueblo el que elija y as\u00ed van a actuar de manera distinta, porque van a estar pendientes de que, si act\u00faan mal, ya no los van a volver a elegir, o los pueden quitar. Incluso se est\u00e1 proponiendo en la reforma que haya un tribunal independiente, porque ahora deciden lo que quieren<\/q>.<\/span><\/p>\n<\/div>\n","protected":false},"excerpt":{"rendered":"<p>En una nueva descalificaci\u00f3n a la Judicatura, el presidente Andr\u00e9s Manuel L\u00f3pez Obrador consider\u00f3 ayer que la red de complicidades<\/p>\n","protected":false},"author":4,"featured_media":30897,"comment_status":"closed","ping_status":"closed","sticky":false,"template":"","format":"standard","meta":{"colormag_page_container_layout":"default_layout","colormag_page_sidebar_layout":"default_layout","_jetpack_memberships_contains_paid_content":false,"footnotes":"","jetpack_publicize_message":"","jetpack_publicize_feature_enabled":true,"jetpack_social_post_already_shared":false,"jetpack_social_options":{"image_generator_settings":{"template":"highway","default_image_id":0,"font":"","enabled":false},"version":2}},"categories":[33],"tags":[],"class_list":["post-30896","post","type-post","status-publish","format-standard","has-post-thumbnail","hentry","category-nacional"],"jetpack_publicize_connections":[],"jetpack_featured_media_url":"https:\/\/i0.wp.com\/politicosaldesnudo.com.mx\/wp-content\/uploads\/2024\/02\/Coferencia_presidente_8.23.29_AM.jpeg?fit=1280%2C854&ssl=1","jetpack-related-posts":[],"jetpack_sharing_enabled":true,"_links":{"self":[{"href":"https:\/\/politicosaldesnudo.com.mx\/index.php\/wp-json\/wp\/v2\/posts\/30896","targetHints":{"allow":["GET"]}}],"collection":[{"href":"https:\/\/politicosaldesnudo.com.mx\/index.php\/wp-json\/wp\/v2\/posts"}],"about":[{"href":"https:\/\/politicosaldesnudo.com.mx\/index.php\/wp-json\/wp\/v2\/types\/post"}],"author":[{"embeddable":true,"href":"https:\/\/politicosaldesnudo.com.mx\/index.php\/wp-json\/wp\/v2\/users\/4"}],"replies":[{"embeddable":true,"href":"https:\/\/politicosaldesnudo.com.mx\/index.php\/wp-json\/wp\/v2\/comments?post=30896"}],"version-history":[{"count":0,"href":"https:\/\/politicosaldesnudo.com.mx\/index.php\/wp-json\/wp\/v2\/posts\/30896\/revisions"}],"wp:featuredmedia":[{"embeddable":true,"href":"https:\/\/politicosaldesnudo.com.mx\/index.php\/wp-json\/wp\/v2\/media\/30897"}],"wp:attachment":[{"href":"https:\/\/politicosaldesnudo.com.mx\/index.php\/wp-json\/wp\/v2\/media?parent=30896"}],"wp:term":[{"taxonomy":"category","embeddable":true,"href":"https:\/\/politicosaldesnudo.com.mx\/index.php\/wp-json\/wp\/v2\/categories?post=30896"},{"taxonomy":"post_tag","embeddable":true,"href":"https:\/\/politicosaldesnudo.com.mx\/index.php\/wp-json\/wp\/v2\/tags?post=30896"}],"curies":[{"name":"wp","href":"https:\/\/api.w.org\/{rel}","templated":true}]}}