{"id":30911,"date":"2024-02-09T08:46:14","date_gmt":"2024-02-09T14:46:14","guid":{"rendered":"https:\/\/politicosaldesnudo.com.mx\/?p=30911"},"modified":"2024-02-09T08:46:14","modified_gmt":"2024-02-09T14:46:14","slug":"acciones-de-cemex-se-desploman-tras-perdidas-en-el-cuarto-trimestre","status":"publish","type":"post","link":"https:\/\/politicosaldesnudo.com.mx\/index.php\/2024\/02\/09\/acciones-de-cemex-se-desploman-tras-perdidas-en-el-cuarto-trimestre\/","title":{"rendered":"Acciones de Cemex se desploman tras p\u00e9rdidas en el cuarto trimestre"},"content":{"rendered":"<p><span style=\"font-size: 14pt;\">Los t\u00edtulos de la cementera mexicana Cemex se desplomaron en la ma\u00f1ana de este jueves, recortando unos 14 mil 500 millones de pesos (unos 845.84 millones de d\u00f3lares) de su capitalizaci\u00f3n burs\u00e1til en un solo d\u00eda, tras reportar p\u00e9rdidas en el cuarto trimestre, debido al pago de una multa en Espa\u00f1a.<\/span><\/p>\n<p><span style=\"font-size: 14pt;\">Las acciones registraron su peor d\u00eda en casi dos a\u00f1os, al caer 8.28 por ciento y cerrar en 13.66 pesos, aun despu\u00e9s de que el director de finanzas de la compa\u00f1\u00eda, Maher Al-Haffar, se\u00f1al\u00f3 en una conferencia que esperan pagar la mayor parte de la provisi\u00f3n fiscal relacionada con la multa a su unidad espa\u00f1ola en 2024.<\/span><\/p>\n<p><span style=\"font-size: 14pt;\">M\u00e1s temprano, Cemex report\u00f3 una profundizaci\u00f3n en sus p\u00e9rdidas en el cuarto trimestre de 2024 en comparaci\u00f3n con el mismo periodo del a\u00f1o anterior, hasta 441 millones de d\u00f3lares, aunque tambi\u00e9n propuso un programa de dividendos que distribuir\u00eda un total de 120 millones de d\u00f3lares durante el primer a\u00f1o.<\/span><\/p>\n<p><span style=\"font-size: 14pt;\">\u201cNo habr\u00edamos anunciado un pago de dividendos a menos que realmente estuvi\u00e9ramos muy seguros de que en alg\u00fan momento de este a\u00f1o vamos a recuperar nuestra calificaci\u00f3n de grado de inversi\u00f3n\u201d, dijo Al-Haffar.<\/span><\/p>\n<p><span style=\"font-size: 14pt;\">Cemex lleva m\u00e1s de una d\u00e9cada intentando recuperar su calificaci\u00f3n crediticia, vendiendo activos y recortando su deuda.<\/span><\/p>\n<p><span style=\"font-size: 14pt;\">Pese a los resultados poco favorables, su director general, Fernando Gonz\u00e1lez, se\u00f1al\u00f3 en la conferencia con analistas que es \u201coptimista para 2024 especialmente en lo que se refiere a nuestros principales mercados de M\u00e9xico y Estados Unidos\u201d.<\/span><\/p>\n<p><span style=\"font-size: 14pt;\">El ejecutivo tambi\u00e9n apunt\u00f3 que la empresa est\u00e1 dispuesta a hacer aumentos adicionales de sus precios durante el a\u00f1o si fuera necesario para compensar la inflaci\u00f3n.<\/span><\/p>\n<p><span style=\"font-size: 14pt;\">Si no fuera por el impacto de la multa en Espa\u00f1a, Cemex habr\u00eda obtenido una utilidad neta de unos 172 millones de d\u00f3lares en el trimestre, seg\u00fan su reporte.<\/span><\/p>\n","protected":false},"excerpt":{"rendered":"<p>Los t\u00edtulos de la cementera mexicana Cemex se desplomaron en la ma\u00f1ana de este jueves, recortando unos 14 mil 500<\/p>\n","protected":false},"author":4,"featured_media":30912,"comment_status":"closed","ping_status":"closed","sticky":false,"template":"","format":"standard","meta":{"colormag_page_container_layout":"default_layout","colormag_page_sidebar_layout":"default_layout","_jetpack_memberships_contains_paid_content":false,"footnotes":"","jetpack_publicize_message":"","jetpack_publicize_feature_enabled":true,"jetpack_social_post_already_shared":false,"jetpack_social_options":{"image_generator_settings":{"template":"highway","default_image_id":0,"font":"","enabled":false},"version":2}},"categories":[2050],"tags":[],"class_list":["post-30911","post","type-post","status-publish","format-standard","has-post-thumbnail","hentry","category-economia"],"jetpack_publicize_connections":[],"jetpack_featured_media_url":"https:\/\/i0.wp.com\/politicosaldesnudo.com.mx\/wp-content\/uploads\/2024\/02\/cemex_reuters_01.jpg_1902800913.jpg?fit=1200%2C900&ssl=1","jetpack-related-posts":[],"jetpack_sharing_enabled":true,"_links":{"self":[{"href":"https:\/\/politicosaldesnudo.com.mx\/index.php\/wp-json\/wp\/v2\/posts\/30911","targetHints":{"allow":["GET"]}}],"collection":[{"href":"https:\/\/politicosaldesnudo.com.mx\/index.php\/wp-json\/wp\/v2\/posts"}],"about":[{"href":"https:\/\/politicosaldesnudo.com.mx\/index.php\/wp-json\/wp\/v2\/types\/post"}],"author":[{"embeddable":true,"href":"https:\/\/politicosaldesnudo.com.mx\/index.php\/wp-json\/wp\/v2\/users\/4"}],"replies":[{"embeddable":true,"href":"https:\/\/politicosaldesnudo.com.mx\/index.php\/wp-json\/wp\/v2\/comments?post=30911"}],"version-history":[{"count":0,"href":"https:\/\/politicosaldesnudo.com.mx\/index.php\/wp-json\/wp\/v2\/posts\/30911\/revisions"}],"wp:featuredmedia":[{"embeddable":true,"href":"https:\/\/politicosaldesnudo.com.mx\/index.php\/wp-json\/wp\/v2\/media\/30912"}],"wp:attachment":[{"href":"https:\/\/politicosaldesnudo.com.mx\/index.php\/wp-json\/wp\/v2\/media?parent=30911"}],"wp:term":[{"taxonomy":"category","embeddable":true,"href":"https:\/\/politicosaldesnudo.com.mx\/index.php\/wp-json\/wp\/v2\/categories?post=30911"},{"taxonomy":"post_tag","embeddable":true,"href":"https:\/\/politicosaldesnudo.com.mx\/index.php\/wp-json\/wp\/v2\/tags?post=30911"}],"curies":[{"name":"wp","href":"https:\/\/api.w.org\/{rel}","templated":true}]}}