{"id":30914,"date":"2024-02-09T08:50:09","date_gmt":"2024-02-09T14:50:09","guid":{"rendered":"https:\/\/politicosaldesnudo.com.mx\/?p=30914"},"modified":"2024-02-09T08:50:09","modified_gmt":"2024-02-09T14:50:09","slug":"gobierno-federal-y-canacar-alcanzan-acuerdos-sobre-robos-en-carreteras","status":"publish","type":"post","link":"https:\/\/politicosaldesnudo.com.mx\/index.php\/2024\/02\/09\/gobierno-federal-y-canacar-alcanzan-acuerdos-sobre-robos-en-carreteras\/","title":{"rendered":"Gobierno federal y Canacar alcanzan acuerdos sobre robos en carreteras"},"content":{"rendered":"<p><span style=\"font-size: 14pt;\">El gobierno federal y la C\u00e1mara Nacional del Autotransporte de Carga (Canacar) alcanzaron acuerdos para combatir robos a veh\u00edculos que movilizan mercanc\u00edas en las carreteras del pa\u00eds, inform\u00f3 el organismo del sector privado.<\/span><\/p>\n<p><span style=\"font-size: 14pt;\">La Canacar coment\u00f3 que despu\u00e9s de que envi\u00f3 una carta al presidente Andr\u00e9s Manuel L\u00f3pez Obrador para entablar un di\u00e1logo para solucionar la inseguridad que aqueja a ese sector industrial, se estableci\u00f3 la primera mesa de di\u00e1logo.<\/span><\/p>\n<p><span style=\"font-size: 14pt;\">Indic\u00f3 que en ella se acord\u00f3 que las dependencias federales convocar\u00e1n a reuniones regionales de las 10 entidades que registran un mayor \u00edndice delictivo, es decir, Estado de M\u00e9xico, Puebla, Guanajuato, San Luis Potos\u00ed, Michoac\u00e1n, Jalisco, Hidalgo, Quer\u00e9taro, Tlaxcala y Veracruz.<\/span><\/p>\n<p><span style=\"font-size: 14pt;\">En ellas se abordar\u00e1n los temas de seguridad en carreteras, atenci\u00f3n administrativa y enlace con autoridades estatales y municipales.<\/span><\/p>\n<p><span style=\"font-size: 14pt;\">Canacar coment\u00f3 que la Guardia Nacional se comprometi\u00f3 a reforzar la seguridad con m\u00e1s elementos en las carreteras, que se sumar\u00e1n a los m\u00e1s de 620 efectivos capacitados que ya operan en toda la red.<\/span><\/p>\n<p><span style=\"font-size: 14pt;\">La Seguridad P\u00fablica, de la Secretar\u00eda de Seguridad y Protecci\u00f3n Ciudadana (SSPC), a trav\u00e9s del Secretariado Ejecutivo del Sistema Nacional de Seguridad P\u00fablica, del Centro Nacional de Informaci\u00f3n (CNI) y de Plataforma M\u00e9xico, atender\u00e1 a Canacar en la problem\u00e1tica para que, el 911 de algunos estados del pa\u00eds reporten incidentes a sus C5 estatales y as\u00ed crezca la red de rastreo y recuperaci\u00f3n.<\/span><\/p>\n<p><span style=\"font-size: 14pt;\">Mientras que la Secretar\u00eda de Infraestructura, Comunicaciones y Transportes (SICT) organizara las mesas de trabajo para la atenci\u00f3n administrativa, a las cuales se convocar\u00e1 a representantes de concesionarias de carreteras para atender las inquietudes de los transportistas.<\/span><\/p>\n<p><span style=\"font-size: 14pt;\">En el encuentro fue encabezado por los subsecretarios de Desarrollo Democr\u00e1tico y Participaci\u00f3n Social de la Secretar\u00eda de Gobernaci\u00f3n (Segob), C\u00e9sar Y\u00e1\u00f1ez Centeno Cabrera; de SSPC, Luis Rodr\u00edguez Bucio; y de la SICT, Rogelio Jim\u00e9nez Pons; y el presidente de Canacar, Miguel \u00c1ngel Mart\u00ednez Mill\u00e1n.<\/span><\/p>\n","protected":false},"excerpt":{"rendered":"<p>El gobierno federal y la C\u00e1mara Nacional del Autotransporte de Carga (Canacar) alcanzaron acuerdos para combatir robos a veh\u00edculos que<\/p>\n","protected":false},"author":4,"featured_media":30915,"comment_status":"closed","ping_status":"closed","sticky":false,"template":"","format":"standard","meta":{"colormag_page_container_layout":"default_layout","colormag_page_sidebar_layout":"default_layout","_jetpack_memberships_contains_paid_content":false,"footnotes":"","jetpack_publicize_message":"","jetpack_publicize_feature_enabled":true,"jetpack_social_post_already_shared":false,"jetpack_social_options":{"image_generator_settings":{"template":"highway","default_image_id":0,"font":"","enabled":false},"version":2}},"categories":[2050],"tags":[],"class_list":["post-30914","post","type-post","status-publish","format-standard","has-post-thumbnail","hentry","category-economia"],"jetpack_publicize_connections":[],"jetpack_featured_media_url":"https:\/\/i0.wp.com\/politicosaldesnudo.com.mx\/wp-content\/uploads\/2024\/02\/f960x540-509246_583321_22.jpg?fit=960%2C540&ssl=1","jetpack-related-posts":[],"jetpack_sharing_enabled":true,"_links":{"self":[{"href":"https:\/\/politicosaldesnudo.com.mx\/index.php\/wp-json\/wp\/v2\/posts\/30914","targetHints":{"allow":["GET"]}}],"collection":[{"href":"https:\/\/politicosaldesnudo.com.mx\/index.php\/wp-json\/wp\/v2\/posts"}],"about":[{"href":"https:\/\/politicosaldesnudo.com.mx\/index.php\/wp-json\/wp\/v2\/types\/post"}],"author":[{"embeddable":true,"href":"https:\/\/politicosaldesnudo.com.mx\/index.php\/wp-json\/wp\/v2\/users\/4"}],"replies":[{"embeddable":true,"href":"https:\/\/politicosaldesnudo.com.mx\/index.php\/wp-json\/wp\/v2\/comments?post=30914"}],"version-history":[{"count":0,"href":"https:\/\/politicosaldesnudo.com.mx\/index.php\/wp-json\/wp\/v2\/posts\/30914\/revisions"}],"wp:featuredmedia":[{"embeddable":true,"href":"https:\/\/politicosaldesnudo.com.mx\/index.php\/wp-json\/wp\/v2\/media\/30915"}],"wp:attachment":[{"href":"https:\/\/politicosaldesnudo.com.mx\/index.php\/wp-json\/wp\/v2\/media?parent=30914"}],"wp:term":[{"taxonomy":"category","embeddable":true,"href":"https:\/\/politicosaldesnudo.com.mx\/index.php\/wp-json\/wp\/v2\/categories?post=30914"},{"taxonomy":"post_tag","embeddable":true,"href":"https:\/\/politicosaldesnudo.com.mx\/index.php\/wp-json\/wp\/v2\/tags?post=30914"}],"curies":[{"name":"wp","href":"https:\/\/api.w.org\/{rel}","templated":true}]}}