{"id":31034,"date":"2024-02-12T08:16:43","date_gmt":"2024-02-12T14:16:43","guid":{"rendered":"https:\/\/politicosaldesnudo.com.mx\/?p=31034"},"modified":"2024-02-12T08:16:43","modified_gmt":"2024-02-12T14:16:43","slug":"comerciantes-listos-para-el-14","status":"publish","type":"post","link":"https:\/\/politicosaldesnudo.com.mx\/index.php\/2024\/02\/12\/comerciantes-listos-para-el-14\/","title":{"rendered":"Comerciantes, listos para el 14"},"content":{"rendered":"<p><span style=\"font-size: 14pt;\">Tuxpan.- Debido a que ya se encuentra a la vuelta de la esquina la celebraci\u00f3n del D\u00eda del Amor y la Amistad, los diversos comercios de la ciudad, ya surtieron nueva mercanc\u00eda, la cual regularmente tiene mucha demanda en dicha fecha, por lo que han puesto sus esperanzas en esta festividad para lograr un repunte en sus ventas y recuperarse econ\u00f3micamente.\u00a0<\/span><\/p>\n<p><span style=\"font-size: 14pt;\">En ese contexto distintos negocios de el puerto de han actualizado sus productos en venta, esto debido a recibir fuerte demanda de art\u00edculos alusivos o propios de obsequiar el 14 de febrero.<\/span><\/p>\n<p><span style=\"font-size: 14pt;\">Lo anterior ocasionado porque se acerca la semana del amor y la amistad, fechas que resultan muy importantes para distintos establecimientos, ya que, se considera es la mejor venta del mes.<\/span><\/p>\n<p><span style=\"font-size: 14pt;\">La mayor\u00eda de los negocios llegan a tener un aumento significativo en sus ventas en esa semana y en especial durante el D\u00eda de San Valent\u00edn.<\/span><\/p>\n<p><span style=\"font-size: 14pt;\">Asimismo, aunque solamente es un d\u00eda la celebraci\u00f3n, durante todo el mes contin\u00faan vendiendo mucha mercanc\u00eda relacionada con ese festejo.<\/span><\/p>\n<p><span style=\"font-size: 14pt;\">Se espera un abarrotamiento de personas en la zona centro y los negocios ubicados en esta \u00e1rea para esta fecha 14 de febrero.<\/span><\/p>\n","protected":false},"excerpt":{"rendered":"<p>Tuxpan.- Debido a que ya se encuentra a la vuelta de la esquina la celebraci\u00f3n del D\u00eda del Amor y<\/p>\n","protected":false},"author":4,"featured_media":31035,"comment_status":"closed","ping_status":"closed","sticky":false,"template":"","format":"standard","meta":{"colormag_page_container_layout":"default_layout","colormag_page_sidebar_layout":"default_layout","_jetpack_memberships_contains_paid_content":false,"footnotes":"","jetpack_publicize_message":"","jetpack_publicize_feature_enabled":true,"jetpack_social_post_already_shared":false,"jetpack_social_options":{"image_generator_settings":{"template":"highway","default_image_id":0,"font":"","enabled":false},"version":2}},"categories":[1082],"tags":[],"class_list":["post-31034","post","type-post","status-publish","format-standard","has-post-thumbnail","hentry","category-tuxpan"],"jetpack_publicize_connections":[],"jetpack_featured_media_url":"https:\/\/i0.wp.com\/politicosaldesnudo.com.mx\/wp-content\/uploads\/2024\/02\/3b_1.jpg?fit=783%2C391&ssl=1","jetpack-related-posts":[],"jetpack_sharing_enabled":true,"_links":{"self":[{"href":"https:\/\/politicosaldesnudo.com.mx\/index.php\/wp-json\/wp\/v2\/posts\/31034","targetHints":{"allow":["GET"]}}],"collection":[{"href":"https:\/\/politicosaldesnudo.com.mx\/index.php\/wp-json\/wp\/v2\/posts"}],"about":[{"href":"https:\/\/politicosaldesnudo.com.mx\/index.php\/wp-json\/wp\/v2\/types\/post"}],"author":[{"embeddable":true,"href":"https:\/\/politicosaldesnudo.com.mx\/index.php\/wp-json\/wp\/v2\/users\/4"}],"replies":[{"embeddable":true,"href":"https:\/\/politicosaldesnudo.com.mx\/index.php\/wp-json\/wp\/v2\/comments?post=31034"}],"version-history":[{"count":0,"href":"https:\/\/politicosaldesnudo.com.mx\/index.php\/wp-json\/wp\/v2\/posts\/31034\/revisions"}],"wp:featuredmedia":[{"embeddable":true,"href":"https:\/\/politicosaldesnudo.com.mx\/index.php\/wp-json\/wp\/v2\/media\/31035"}],"wp:attachment":[{"href":"https:\/\/politicosaldesnudo.com.mx\/index.php\/wp-json\/wp\/v2\/media?parent=31034"}],"wp:term":[{"taxonomy":"category","embeddable":true,"href":"https:\/\/politicosaldesnudo.com.mx\/index.php\/wp-json\/wp\/v2\/categories?post=31034"},{"taxonomy":"post_tag","embeddable":true,"href":"https:\/\/politicosaldesnudo.com.mx\/index.php\/wp-json\/wp\/v2\/tags?post=31034"}],"curies":[{"name":"wp","href":"https:\/\/api.w.org\/{rel}","templated":true}]}}