{"id":31084,"date":"2024-02-12T08:51:13","date_gmt":"2024-02-12T14:51:13","guid":{"rendered":"https:\/\/politicosaldesnudo.com.mx\/?p=31084"},"modified":"2024-02-12T08:51:13","modified_gmt":"2024-02-12T14:51:13","slug":"protestan-en-atenas-contra-proyecto-que-legalizaria-matrimonio-homosexual","status":"publish","type":"post","link":"https:\/\/politicosaldesnudo.com.mx\/index.php\/2024\/02\/12\/protestan-en-atenas-contra-proyecto-que-legalizaria-matrimonio-homosexual\/","title":{"rendered":"Protestan en Atenas contra proyecto que legalizar\u00eda matrimonio homosexual"},"content":{"rendered":"<p><span style=\"font-size: 14pt;\">Miles de personas se manifestaron este domingo en Atenas contra un proyecto de ley que busca legalizar el matrimonio homosexual y la adopci\u00f3n para las parejas del mismo sexo, a unos d\u00edas de que los diputados voten esta importante reforma en Grecia.<\/span><\/p>\n<p><span style=\"font-size: 14pt;\">El primer ministro conservador, Kyriakos Mitsotakis, sac\u00f3 la propuesta adelante pese a la feroz oposici\u00f3n de la poderosa Iglesia ortodoxa y del ala derecha de su partido, Nueva Democracia (ND).<\/span><\/p>\n<p><span style=\"font-size: 14pt;\">Hasta ahora, para las parejas homosexuales que tienen hijos, solo el padre biol\u00f3gico tiene derechos sobre estos.<\/span><\/p>\n<p><span style=\"font-size: 14pt;\">El texto, que deber\u00e1 ser aprobado en el Parlamento el mi\u00e9rcoles o el jueves, constituye un avance significativo en un pa\u00eds donde predomina el modelo de familia tradicional.<\/span><\/p>\n<p><span style=\"font-size: 14pt;\">Los alrededor de 4.000 manifestantes, seg\u00fan la polic\u00eda, desplegaron pancartas con lemas como \u00abNo a la paternidad homosexual\u00bb o \u00abLa familia griega ortodoxa es un padre, una madre e hijos\u00bb.<\/span><\/p>\n<p><span style=\"font-size: 14pt;\">Los participantes, reunidos cerca del Parlamento, respond\u00edan al llamamiento \u00abNo al cambio de la instituci\u00f3n de la familia\u00bb.<\/span><\/p>\n<p><span style=\"font-size: 14pt;\">Entre los asistentes figuraban varios popes y religiosos ortodoxos, personas con crucifijos y cruces, as\u00ed como numerosos simpatizantes del partido de extrema derecha Niki, incluido su dirigente Dimitris Natsios.<\/span><\/p>\n<p><span style=\"font-size: 14pt;\">El Parlamento \u00abva a adoptar una ley que va en contra de la familia normal\u00bb estim\u00f3 Grigorios Grigorakis, un hombre de 57 a\u00f1os procedente de Florina, en el norte, y que sosten\u00eda una figura de la Virgen Mar\u00eda.<\/span><\/p>\n<p><span style=\"font-size: 14pt;\">Las parejas del mismo sexo \u00abtienen derechos, nadie los cuestiona. Ya existe la uni\u00f3n civil\u00bb adoptada en 2015 en Grecia, asegur\u00f3 por su parte Efrosini, una jubilada ateniense.<\/span><\/p>\n<p><span style=\"font-size: 14pt;\">La adopci\u00f3n del texto cuenta adem\u00e1s con el apoyo de varios partidos de oposici\u00f3n, incluido el de izquierda Syriza, cuyo dirigente Stefanos Kasselakis se cas\u00f3 recientemente con su pareja en Estados Unidos.<\/span><\/p>\n","protected":false},"excerpt":{"rendered":"<p>Miles de personas se manifestaron este domingo en Atenas contra un proyecto de ley que busca legalizar el matrimonio homosexual [&hellip;]<\/p>\n","protected":false},"author":4,"featured_media":31085,"comment_status":"closed","ping_status":"closed","sticky":false,"template":"","format":"standard","meta":{"site-sidebar-layout":"default","site-content-layout":"","ast-site-content-layout":"default","site-content-style":"default","site-sidebar-style":"default","ast-global-header-display":"","ast-banner-title-visibility":"","ast-main-header-display":"","ast-hfb-above-header-display":"","ast-hfb-below-header-display":"","ast-hfb-mobile-header-display":"","site-post-title":"","ast-breadcrumbs-content":"","ast-featured-img":"","footer-sml-layout":"","ast-disable-related-posts":"","theme-transparent-header-meta":"","adv-header-id-meta":"","stick-header-meta":"","header-above-stick-meta":"","header-main-stick-meta":"","header-below-stick-meta":"","astra-migrate-meta-layouts":"default","ast-page-background-enabled":"default","ast-page-background-meta":{"desktop":{"background-color":"var(--ast-global-color-5)","background-image":"","background-repeat":"repeat","background-position":"center center","background-size":"auto","background-attachment":"scroll","background-type":"","background-media":"","overlay-type":"","overlay-color":"","overlay-opacity":"","overlay-gradient":""},"tablet":{"background-color":"","background-image":"","background-repeat":"repeat","background-position":"center center","background-size":"auto","background-attachment":"scroll","background-type":"","background-media":"","overlay-type":"","overlay-color":"","overlay-opacity":"","overlay-gradient":""},"mobile":{"background-color":"","background-image":"","background-repeat":"repeat","background-position":"center center","background-size":"auto","background-attachment":"scroll","background-type":"","background-media":"","overlay-type":"","overlay-color":"","overlay-opacity":"","overlay-gradient":""}},"ast-content-background-meta":{"desktop":{"background-color":"var(--ast-global-color-4)","background-image":"","background-repeat":"repeat","background-position":"center center","background-size":"auto","background-attachment":"scroll","background-type":"","background-media":"","overlay-type":"","overlay-color":"","overlay-opacity":"","overlay-gradient":""},"tablet":{"background-color":"var(--ast-global-color-4)","background-image":"","background-repeat":"repeat","background-position":"center center","background-size":"auto","background-attachment":"scroll","background-type":"","background-media":"","overlay-type":"","overlay-color":"","overlay-opacity":"","overlay-gradient":""},"mobile":{"background-color":"var(--ast-global-color-4)","background-image":"","background-repeat":"repeat","background-position":"center center","background-size":"auto","background-attachment":"scroll","background-type":"","background-media":"","overlay-type":"","overlay-color":"","overlay-opacity":"","overlay-gradient":""}},"_jetpack_newsletter_access":"","_jetpack_dont_email_post_to_subs":false,"_jetpack_newsletter_tier_id":0,"_jetpack_memberships_contains_paywalled_content":false,"_jetpack_feature_clip_id":0,"_jetpack_memberships_contains_paid_content":false,"footnotes":"","jetpack_publicize_message":"","jetpack_publicize_feature_enabled":true,"jetpack_social_post_already_shared":false,"jetpack_social_options":{"image_generator_settings":{"template":"highway","default_image_id":0,"font":"","enabled":false},"version":2},"jetpack_post_was_ever_published":false},"categories":[28],"tags":[],"class_list":["post-31084","post","type-post","status-publish","format-standard","has-post-thumbnail","hentry","category-internacional"],"yoast_head":"<!-- This site is optimized with the Yoast SEO plugin v28.3 - https:\/\/yoast.com\/product\/yoast-seo-wordpress\/ -->\n<title>Protestan en Atenas contra proyecto que legalizar\u00eda matrimonio homosexual - Pol\u00edticos al Desnudo<\/title>\n<meta name=\"robots\" content=\"index, follow, max-snippet:-1, max-image-preview:large, max-video-preview:-1\" \/>\n<link rel=\"canonical\" href=\"https:\/\/politicosaldesnudo.com.mx\/index.php\/2024\/02\/12\/protestan-en-atenas-contra-proyecto-que-legalizaria-matrimonio-homosexual\/\" \/>\n<meta property=\"og:locale\" content=\"es_ES\" \/>\n<meta property=\"og:type\" content=\"article\" \/>\n<meta property=\"og:title\" content=\"Protestan en Atenas contra proyecto que legalizar\u00eda matrimonio homosexual - Pol\u00edticos al Desnudo\" \/>\n<meta property=\"og:description\" content=\"Miles de personas se manifestaron este domingo en Atenas contra un proyecto de ley que busca legalizar el matrimonio homosexual [&hellip;]\" \/>\n<meta property=\"og:url\" content=\"https:\/\/politicosaldesnudo.com.mx\/index.php\/2024\/02\/12\/protestan-en-atenas-contra-proyecto-que-legalizaria-matrimonio-homosexual\/\" \/>\n<meta property=\"og:site_name\" content=\"Pol\u00edticos al Desnudo\" \/>\n<meta property=\"article:publisher\" content=\"https:\/\/www.facebook.com\/PoliticosAD\" \/>\n<meta property=\"article:published_time\" content=\"2024-02-12T14:51:13+00:00\" \/>\n<meta property=\"og:image\" content=\"https:\/\/i0.wp.com\/politicosaldesnudo.com.mx\/wp-content\/uploads\/2024\/02\/BB1i7pWz.jpg?fit=768%2C512&ssl=1\" \/>\n\t<meta property=\"og:image:width\" content=\"768\" \/>\n\t<meta property=\"og:image:height\" content=\"512\" \/>\n\t<meta property=\"og:image:type\" content=\"image\/jpeg\" \/>\n<meta name=\"author\" content=\"Redacci\u00f3n Pol\u00edticos\" \/>\n<meta name=\"twitter:card\" content=\"summary_large_image\" \/>\n<meta name=\"twitter:label1\" content=\"Escrito por\" \/>\n\t<meta name=\"twitter:data1\" content=\"Redacci\u00f3n Pol\u00edticos\" \/>\n\t<meta name=\"twitter:label2\" content=\"Tiempo de lectura\" \/>\n\t<meta name=\"twitter:data2\" content=\"2 minutos\" \/>\n<script type=\"application\/ld+json\" class=\"yoast-schema-graph\">{\"@context\":\"https:\\\/\\\/schema.org\",\"@graph\":[{\"@type\":\"Article\",\"@id\":\"https:\\\/\\\/politicosaldesnudo.com.mx\\\/index.php\\\/2024\\\/02\\\/12\\\/protestan-en-atenas-contra-proyecto-que-legalizaria-matrimonio-homosexual\\\/#article\",\"isPartOf\":{\"@id\":\"https:\\\/\\\/politicosaldesnudo.com.mx\\\/index.php\\\/2024\\\/02\\\/12\\\/protestan-en-atenas-contra-proyecto-que-legalizaria-matrimonio-homosexual\\\/\"},\"author\":{\"name\":\"Redacci\u00f3n Pol\u00edticos\",\"@id\":\"https:\\\/\\\/politicosaldesnudo.com.mx\\\/#\\\/schema\\\/person\\\/ef3a64e561cc3f3f5dc52fab81adde7e\"},\"headline\":\"Protestan en Atenas contra proyecto que legalizar\u00eda matrimonio homosexual\",\"datePublished\":\"2024-02-12T14:51:13+00:00\",\"mainEntityOfPage\":{\"@id\":\"https:\\\/\\\/politicosaldesnudo.com.mx\\\/index.php\\\/2024\\\/02\\\/12\\\/protestan-en-atenas-contra-proyecto-que-legalizaria-matrimonio-homosexual\\\/\"},\"wordCount\":316,\"publisher\":{\"@id\":\"https:\\\/\\\/politicosaldesnudo.com.mx\\\/#organization\"},\"image\":{\"@id\":\"https:\\\/\\\/politicosaldesnudo.com.mx\\\/index.php\\\/2024\\\/02\\\/12\\\/protestan-en-atenas-contra-proyecto-que-legalizaria-matrimonio-homosexual\\\/#primaryimage\"},\"thumbnailUrl\":\"https:\\\/\\\/i0.wp.com\\\/politicosaldesnudo.com.mx\\\/wp-content\\\/uploads\\\/2024\\\/02\\\/BB1i7pWz.jpg?fit=768%2C512&ssl=1\",\"articleSection\":[\"INTERNACIONAL\"],\"inLanguage\":\"es\"},{\"@type\":\"WebPage\",\"@id\":\"https:\\\/\\\/politicosaldesnudo.com.mx\\\/index.php\\\/2024\\\/02\\\/12\\\/protestan-en-atenas-contra-proyecto-que-legalizaria-matrimonio-homosexual\\\/\",\"url\":\"https:\\\/\\\/politicosaldesnudo.com.mx\\\/index.php\\\/2024\\\/02\\\/12\\\/protestan-en-atenas-contra-proyecto-que-legalizaria-matrimonio-homosexual\\\/\",\"name\":\"Protestan en Atenas contra proyecto que legalizar\u00eda matrimonio homosexual - Pol\u00edticos al Desnudo\",\"isPartOf\":{\"@id\":\"https:\\\/\\\/politicosaldesnudo.com.mx\\\/#website\"},\"primaryImageOfPage\":{\"@id\":\"https:\\\/\\\/politicosaldesnudo.com.mx\\\/index.php\\\/2024\\\/02\\\/12\\\/protestan-en-atenas-contra-proyecto-que-legalizaria-matrimonio-homosexual\\\/#primaryimage\"},\"image\":{\"@id\":\"https:\\\/\\\/politicosaldesnudo.com.mx\\\/index.php\\\/2024\\\/02\\\/12\\\/protestan-en-atenas-contra-proyecto-que-legalizaria-matrimonio-homosexual\\\/#primaryimage\"},\"thumbnailUrl\":\"https:\\\/\\\/i0.wp.com\\\/politicosaldesnudo.com.mx\\\/wp-content\\\/uploads\\\/2024\\\/02\\\/BB1i7pWz.jpg?fit=768%2C512&ssl=1\",\"datePublished\":\"2024-02-12T14:51:13+00:00\",\"breadcrumb\":{\"@id\":\"https:\\\/\\\/politicosaldesnudo.com.mx\\\/index.php\\\/2024\\\/02\\\/12\\\/protestan-en-atenas-contra-proyecto-que-legalizaria-matrimonio-homosexual\\\/#breadcrumb\"},\"inLanguage\":\"es\",\"potentialAction\":[{\"@type\":\"ReadAction\",\"target\":[\"https:\\\/\\\/politicosaldesnudo.com.mx\\\/index.php\\\/2024\\\/02\\\/12\\\/protestan-en-atenas-contra-proyecto-que-legalizaria-matrimonio-homosexual\\\/\"]}]},{\"@type\":\"ImageObject\",\"inLanguage\":\"es\",\"@id\":\"https:\\\/\\\/politicosaldesnudo.com.mx\\\/index.php\\\/2024\\\/02\\\/12\\\/protestan-en-atenas-contra-proyecto-que-legalizaria-matrimonio-homosexual\\\/#primaryimage\",\"url\":\"https:\\\/\\\/i0.wp.com\\\/politicosaldesnudo.com.mx\\\/wp-content\\\/uploads\\\/2024\\\/02\\\/BB1i7pWz.jpg?fit=768%2C512&ssl=1\",\"contentUrl\":\"https:\\\/\\\/i0.wp.com\\\/politicosaldesnudo.com.mx\\\/wp-content\\\/uploads\\\/2024\\\/02\\\/BB1i7pWz.jpg?fit=768%2C512&ssl=1\",\"width\":768,\"height\":512},{\"@type\":\"BreadcrumbList\",\"@id\":\"https:\\\/\\\/politicosaldesnudo.com.mx\\\/index.php\\\/2024\\\/02\\\/12\\\/protestan-en-atenas-contra-proyecto-que-legalizaria-matrimonio-homosexual\\\/#breadcrumb\",\"itemListElement\":[{\"@type\":\"ListItem\",\"position\":1,\"name\":\"Portada\",\"item\":\"https:\\\/\\\/politicosaldesnudo.com.mx\\\/\"},{\"@type\":\"ListItem\",\"position\":2,\"name\":\"Protestan en Atenas contra proyecto que legalizar\u00eda matrimonio homosexual\"}]},{\"@type\":\"WebSite\",\"@id\":\"https:\\\/\\\/politicosaldesnudo.com.mx\\\/#website\",\"url\":\"https:\\\/\\\/politicosaldesnudo.com.mx\\\/\",\"name\":\"Pol\u00edticos al Desnudo\",\"description\":\"\",\"publisher\":{\"@id\":\"https:\\\/\\\/politicosaldesnudo.com.mx\\\/#organization\"},\"potentialAction\":[{\"@type\":\"SearchAction\",\"target\":{\"@type\":\"EntryPoint\",\"urlTemplate\":\"https:\\\/\\\/politicosaldesnudo.com.mx\\\/?s={search_term_string}\"},\"query-input\":{\"@type\":\"PropertyValueSpecification\",\"valueRequired\":true,\"valueName\":\"search_term_string\"}}],\"inLanguage\":\"es\"},{\"@type\":\"Organization\",\"@id\":\"https:\\\/\\\/politicosaldesnudo.com.mx\\\/#organization\",\"name\":\"Pol\u00edticos al Desnudo\",\"url\":\"https:\\\/\\\/politicosaldesnudo.com.mx\\\/\",\"logo\":{\"@type\":\"ImageObject\",\"inLanguage\":\"es\",\"@id\":\"https:\\\/\\\/politicosaldesnudo.com.mx\\\/#\\\/schema\\\/logo\\\/image\\\/\",\"url\":\"https:\\\/\\\/i0.wp.com\\\/politicosaldesnudo.com.mx\\\/wp-content\\\/uploads\\\/2026\\\/08\\\/cropped-logo.webp?fit=400%2C126&ssl=1\",\"contentUrl\":\"https:\\\/\\\/i0.wp.com\\\/politicosaldesnudo.com.mx\\\/wp-content\\\/uploads\\\/2026\\\/08\\\/cropped-logo.webp?fit=400%2C126&ssl=1\",\"width\":400,\"height\":126,\"caption\":\"Pol\u00edticos al Desnudo\"},\"image\":{\"@id\":\"https:\\\/\\\/politicosaldesnudo.com.mx\\\/#\\\/schema\\\/logo\\\/image\\\/\"},\"sameAs\":[\"https:\\\/\\\/www.facebook.com\\\/PoliticosAD\"]},{\"@type\":\"Person\",\"@id\":\"https:\\\/\\\/politicosaldesnudo.com.mx\\\/#\\\/schema\\\/person\\\/ef3a64e561cc3f3f5dc52fab81adde7e\",\"name\":\"Redacci\u00f3n Pol\u00edticos\",\"url\":\"https:\\\/\\\/politicosaldesnudo.com.mx\\\/index.php\\\/author\\\/redaccion-politicos\\\/\"}]}<\/script>\n<!-- \/ Yoast SEO plugin. -->","yoast_head_json":{"title":"Protestan en Atenas contra proyecto que legalizar\u00eda matrimonio homosexual - Pol\u00edticos al Desnudo","robots":{"index":"index","follow":"follow","max-snippet":"max-snippet:-1","max-image-preview":"max-image-preview:large","max-video-preview":"max-video-preview:-1"},"canonical":"https:\/\/politicosaldesnudo.com.mx\/index.php\/2024\/02\/12\/protestan-en-atenas-contra-proyecto-que-legalizaria-matrimonio-homosexual\/","og_locale":"es_ES","og_type":"article","og_title":"Protestan en Atenas contra proyecto que legalizar\u00eda matrimonio homosexual - Pol\u00edticos al Desnudo","og_description":"Miles de personas se manifestaron este domingo en Atenas contra un proyecto de ley que busca legalizar el matrimonio homosexual [&hellip;]","og_url":"https:\/\/politicosaldesnudo.com.mx\/index.php\/2024\/02\/12\/protestan-en-atenas-contra-proyecto-que-legalizaria-matrimonio-homosexual\/","og_site_name":"Pol\u00edticos al Desnudo","article_publisher":"https:\/\/www.facebook.com\/PoliticosAD","article_published_time":"2024-02-12T14:51:13+00:00","og_image":[{"width":768,"height":512,"url":"https:\/\/i0.wp.com\/politicosaldesnudo.com.mx\/wp-content\/uploads\/2024\/02\/BB1i7pWz.jpg?fit=768%2C512&ssl=1","type":"image\/jpeg"}],"author":"Redacci\u00f3n Pol\u00edticos","twitter_card":"summary_large_image","twitter_misc":{"Escrito por":"Redacci\u00f3n Pol\u00edticos","Tiempo de lectura":"2 minutos"},"schema":{"@context":"https:\/\/schema.org","@graph":[{"@type":"Article","@id":"https:\/\/politicosaldesnudo.com.mx\/index.php\/2024\/02\/12\/protestan-en-atenas-contra-proyecto-que-legalizaria-matrimonio-homosexual\/#article","isPartOf":{"@id":"https:\/\/politicosaldesnudo.com.mx\/index.php\/2024\/02\/12\/protestan-en-atenas-contra-proyecto-que-legalizaria-matrimonio-homosexual\/"},"author":{"name":"Redacci\u00f3n Pol\u00edticos","@id":"https:\/\/politicosaldesnudo.com.mx\/#\/schema\/person\/ef3a64e561cc3f3f5dc52fab81adde7e"},"headline":"Protestan en Atenas contra proyecto que legalizar\u00eda matrimonio homosexual","datePublished":"2024-02-12T14:51:13+00:00","mainEntityOfPage":{"@id":"https:\/\/politicosaldesnudo.com.mx\/index.php\/2024\/02\/12\/protestan-en-atenas-contra-proyecto-que-legalizaria-matrimonio-homosexual\/"},"wordCount":316,"publisher":{"@id":"https:\/\/politicosaldesnudo.com.mx\/#organization"},"image":{"@id":"https:\/\/politicosaldesnudo.com.mx\/index.php\/2024\/02\/12\/protestan-en-atenas-contra-proyecto-que-legalizaria-matrimonio-homosexual\/#primaryimage"},"thumbnailUrl":"https:\/\/i0.wp.com\/politicosaldesnudo.com.mx\/wp-content\/uploads\/2024\/02\/BB1i7pWz.jpg?fit=768%2C512&ssl=1","articleSection":["INTERNACIONAL"],"inLanguage":"es"},{"@type":"WebPage","@id":"https:\/\/politicosaldesnudo.com.mx\/index.php\/2024\/02\/12\/protestan-en-atenas-contra-proyecto-que-legalizaria-matrimonio-homosexual\/","url":"https:\/\/politicosaldesnudo.com.mx\/index.php\/2024\/02\/12\/protestan-en-atenas-contra-proyecto-que-legalizaria-matrimonio-homosexual\/","name":"Protestan en Atenas contra proyecto que legalizar\u00eda matrimonio homosexual - Pol\u00edticos al Desnudo","isPartOf":{"@id":"https:\/\/politicosaldesnudo.com.mx\/#website"},"primaryImageOfPage":{"@id":"https:\/\/politicosaldesnudo.com.mx\/index.php\/2024\/02\/12\/protestan-en-atenas-contra-proyecto-que-legalizaria-matrimonio-homosexual\/#primaryimage"},"image":{"@id":"https:\/\/politicosaldesnudo.com.mx\/index.php\/2024\/02\/12\/protestan-en-atenas-contra-proyecto-que-legalizaria-matrimonio-homosexual\/#primaryimage"},"thumbnailUrl":"https:\/\/i0.wp.com\/politicosaldesnudo.com.mx\/wp-content\/uploads\/2024\/02\/BB1i7pWz.jpg?fit=768%2C512&ssl=1","datePublished":"2024-02-12T14:51:13+00:00","breadcrumb":{"@id":"https:\/\/politicosaldesnudo.com.mx\/index.php\/2024\/02\/12\/protestan-en-atenas-contra-proyecto-que-legalizaria-matrimonio-homosexual\/#breadcrumb"},"inLanguage":"es","potentialAction":[{"@type":"ReadAction","target":["https:\/\/politicosaldesnudo.com.mx\/index.php\/2024\/02\/12\/protestan-en-atenas-contra-proyecto-que-legalizaria-matrimonio-homosexual\/"]}]},{"@type":"ImageObject","inLanguage":"es","@id":"https:\/\/politicosaldesnudo.com.mx\/index.php\/2024\/02\/12\/protestan-en-atenas-contra-proyecto-que-legalizaria-matrimonio-homosexual\/#primaryimage","url":"https:\/\/i0.wp.com\/politicosaldesnudo.com.mx\/wp-content\/uploads\/2024\/02\/BB1i7pWz.jpg?fit=768%2C512&ssl=1","contentUrl":"https:\/\/i0.wp.com\/politicosaldesnudo.com.mx\/wp-content\/uploads\/2024\/02\/BB1i7pWz.jpg?fit=768%2C512&ssl=1","width":768,"height":512},{"@type":"BreadcrumbList","@id":"https:\/\/politicosaldesnudo.com.mx\/index.php\/2024\/02\/12\/protestan-en-atenas-contra-proyecto-que-legalizaria-matrimonio-homosexual\/#breadcrumb","itemListElement":[{"@type":"ListItem","position":1,"name":"Portada","item":"https:\/\/politicosaldesnudo.com.mx\/"},{"@type":"ListItem","position":2,"name":"Protestan en Atenas contra proyecto que legalizar\u00eda matrimonio homosexual"}]},{"@type":"WebSite","@id":"https:\/\/politicosaldesnudo.com.mx\/#website","url":"https:\/\/politicosaldesnudo.com.mx\/","name":"Pol\u00edticos al Desnudo","description":"","publisher":{"@id":"https:\/\/politicosaldesnudo.com.mx\/#organization"},"potentialAction":[{"@type":"SearchAction","target":{"@type":"EntryPoint","urlTemplate":"https:\/\/politicosaldesnudo.com.mx\/?s={search_term_string}"},"query-input":{"@type":"PropertyValueSpecification","valueRequired":true,"valueName":"search_term_string"}}],"inLanguage":"es"},{"@type":"Organization","@id":"https:\/\/politicosaldesnudo.com.mx\/#organization","name":"Pol\u00edticos al Desnudo","url":"https:\/\/politicosaldesnudo.com.mx\/","logo":{"@type":"ImageObject","inLanguage":"es","@id":"https:\/\/politicosaldesnudo.com.mx\/#\/schema\/logo\/image\/","url":"https:\/\/i0.wp.com\/politicosaldesnudo.com.mx\/wp-content\/uploads\/2026\/08\/cropped-logo.webp?fit=400%2C126&ssl=1","contentUrl":"https:\/\/i0.wp.com\/politicosaldesnudo.com.mx\/wp-content\/uploads\/2026\/08\/cropped-logo.webp?fit=400%2C126&ssl=1","width":400,"height":126,"caption":"Pol\u00edticos al Desnudo"},"image":{"@id":"https:\/\/politicosaldesnudo.com.mx\/#\/schema\/logo\/image\/"},"sameAs":["https:\/\/www.facebook.com\/PoliticosAD"]},{"@type":"Person","@id":"https:\/\/politicosaldesnudo.com.mx\/#\/schema\/person\/ef3a64e561cc3f3f5dc52fab81adde7e","name":"Redacci\u00f3n Pol\u00edticos","url":"https:\/\/politicosaldesnudo.com.mx\/index.php\/author\/redaccion-politicos\/"}]}},"jetpack_publicize_connections":[],"jetpack-related-posts":[{"id":87996,"url":"https:\/\/politicosaldesnudo.com.mx\/index.php\/2026\/08\/23\/nuevos-autobuses-totonaco-arriban-a-poza-rica-operaran-tres-rutas-regionales\/","url_meta":{"origin":31084,"position":0},"title":"Nuevos autobuses Totonaco arriban a Poza Rica; operar\u00e1n tres rutas regionales","author":"Redacci\u00f3n Pol\u00edticos","date":"23 de agosto de 2026","format":false,"excerpt":"Los primeros autobuses del Servicio Totonaco ya se encuentran en Poza Rica como parte del proyecto con el que se busca renovar y ampliar las opciones de transporte p\u00fablico en la zona norte de Veracruz. Las unidades comenzaron a llegar durante el fin de semana y formar\u00e1n parte de una\u2026","rel":"","context":"En \u00abESTADOS\u00bb","block_context":{"text":"ESTADOS","link":"https:\/\/politicosaldesnudo.com.mx\/index.php\/category\/estados\/"},"img":{"alt_text":"","src":"https:\/\/i0.wp.com\/politicosaldesnudo.com.mx\/wp-content\/uploads\/2026\/08\/tt.jpg?fit=888%2C500&ssl=1&resize=350%2C200","width":350,"height":200,"srcset":"https:\/\/i0.wp.com\/politicosaldesnudo.com.mx\/wp-content\/uploads\/2026\/08\/tt.jpg?fit=888%2C500&ssl=1&resize=350%2C200 1x, https:\/\/i0.wp.com\/politicosaldesnudo.com.mx\/wp-content\/uploads\/2026\/08\/tt.jpg?fit=888%2C500&ssl=1&resize=525%2C300 1.5x, https:\/\/i0.wp.com\/politicosaldesnudo.com.mx\/wp-content\/uploads\/2026\/08\/tt.jpg?fit=888%2C500&ssl=1&resize=700%2C400 2x"},"classes":[]},{"id":49738,"url":"https:\/\/politicosaldesnudo.com.mx\/index.php\/2024\/11\/04\/el-pan-sin-proyecto-ni-rumbo\/","url_meta":{"origin":31084,"position":1},"title":"EL PAN, SIN PROYECTO NI RUMBO","author":"Redacci\u00f3n Pol\u00edticos","date":"4 de noviembre de 2024","format":false,"excerpt":"Por Francisco Blanco Calder\u00f3n En relaci\u00f3n al D\u00eda de Muertos, corresponde, ahora, a los partidos pol\u00edticos que fenecen al desvincularse del pueblo y saquear\u00a0 sus recursos energ\u00e9ticos y naturales en forma c\u00ednica y despiadada, cobijados en una corrupci\u00f3n sin parang\u00f3n \u00edntimamente vinculados al crimen organizado, a los grandes capitales de\u2026","rel":"","context":"En \u00abOPINI\u00d3N\u00bb","block_context":{"text":"OPINI\u00d3N","link":"https:\/\/politicosaldesnudo.com.mx\/index.php\/category\/columnistas\/"},"img":{"alt_text":"","src":"https:\/\/i0.wp.com\/politicosaldesnudo.com.mx\/wp-content\/uploads\/2024\/10\/ESCENARIOS-1.jpg?fit=800%2C448&ssl=1&resize=350%2C200","width":350,"height":200,"srcset":"https:\/\/i0.wp.com\/politicosaldesnudo.com.mx\/wp-content\/uploads\/2024\/10\/ESCENARIOS-1.jpg?fit=800%2C448&ssl=1&resize=350%2C200 1x, https:\/\/i0.wp.com\/politicosaldesnudo.com.mx\/wp-content\/uploads\/2024\/10\/ESCENARIOS-1.jpg?fit=800%2C448&ssl=1&resize=525%2C300 1.5x, https:\/\/i0.wp.com\/politicosaldesnudo.com.mx\/wp-content\/uploads\/2024\/10\/ESCENARIOS-1.jpg?fit=800%2C448&ssl=1&resize=700%2C400 2x"},"classes":[]},{"id":87008,"url":"https:\/\/politicosaldesnudo.com.mx\/index.php\/2026\/07\/20\/se-pide-respecto-a-cultura-mayo-yoreme-en-el-proyecto-de-planta-de-amoniaco-en-topolobampo\/","url_meta":{"origin":31084,"position":2},"title":"SE pide respecto a cultura Mayo-Yoreme en el proyecto de planta de amon\u00edaco en Topolobampo","author":"Redacci\u00f3n Pol\u00edticos","date":"20 de julio de 2026","format":false,"excerpt":"La Secretar\u00eda de Econom\u00eda (SE) llam\u00f3 a respetar la cultura Mayo-Yoreme en el proyecto de la planta de amon\u00edaco en Topolobampo, Sinaloa, inform\u00f3 la dependencia. En un comunicado, la SE indic\u00f3 que este s\u00e1bado se realiz\u00f3 la segunda mesa de di\u00e1logo entre el Gobierno de M\u00e9xico, representantes de comunidades y\u2026","rel":"","context":"En \u00abECONOM\u00cdA\u00bb","block_context":{"text":"ECONOM\u00cdA","link":"https:\/\/politicosaldesnudo.com.mx\/index.php\/category\/economia\/"},"img":{"alt_text":"","src":"https:\/\/i0.wp.com\/politicosaldesnudo.com.mx\/wp-content\/uploads\/2026\/07\/atop.webp?fit=1200%2C741&ssl=1&resize=350%2C200","width":350,"height":200,"srcset":"https:\/\/i0.wp.com\/politicosaldesnudo.com.mx\/wp-content\/uploads\/2026\/07\/atop.webp?fit=1200%2C741&ssl=1&resize=350%2C200 1x, https:\/\/i0.wp.com\/politicosaldesnudo.com.mx\/wp-content\/uploads\/2026\/07\/atop.webp?fit=1200%2C741&ssl=1&resize=525%2C300 1.5x, https:\/\/i0.wp.com\/politicosaldesnudo.com.mx\/wp-content\/uploads\/2026\/07\/atop.webp?fit=1200%2C741&ssl=1&resize=700%2C400 2x, https:\/\/i0.wp.com\/politicosaldesnudo.com.mx\/wp-content\/uploads\/2026\/07\/atop.webp?fit=1200%2C741&ssl=1&resize=1050%2C600 3x"},"classes":[]},{"id":87896,"url":"https:\/\/politicosaldesnudo.com.mx\/index.php\/2026\/08\/19\/corte-proyecta-146-mdp-para-seguros-privados-sheinbaum-exige-que-ministros-los-paguen-de-su-bolsillo\/","url_meta":{"origin":31084,"position":3},"title":"Corte proyecta 146 mdp para seguros privados; Sheinbaum exige que ministros los paguen de su bolsillo","author":"Redacci\u00f3n Pol\u00edticos","date":"19 de agosto de 2026","format":false,"excerpt":"El proyecto de gasto de la Suprema Corte de Justicia de la Naci\u00f3n (SCJN) para 2027 abri\u00f3 un nuevo choque con el Gobierno federal. La raz\u00f3n es una partida cercana a los 146 millones de pesos que permitir\u00eda devolver el seguro de gastos m\u00e9dicos mayores a m\u00e1s de 300 funcionarios\u2026","rel":"","context":"En \u00abNACIONAL\u00bb","block_context":{"text":"NACIONAL","link":"https:\/\/politicosaldesnudo.com.mx\/index.php\/category\/nacional\/"},"img":{"alt_text":"","src":"https:\/\/i0.wp.com\/politicosaldesnudo.com.mx\/wp-content\/uploads\/2026\/08\/corte.jpg?fit=1200%2C675&ssl=1&resize=350%2C200","width":350,"height":200,"srcset":"https:\/\/i0.wp.com\/politicosaldesnudo.com.mx\/wp-content\/uploads\/2026\/08\/corte.jpg?fit=1200%2C675&ssl=1&resize=350%2C200 1x, https:\/\/i0.wp.com\/politicosaldesnudo.com.mx\/wp-content\/uploads\/2026\/08\/corte.jpg?fit=1200%2C675&ssl=1&resize=525%2C300 1.5x, https:\/\/i0.wp.com\/politicosaldesnudo.com.mx\/wp-content\/uploads\/2026\/08\/corte.jpg?fit=1200%2C675&ssl=1&resize=700%2C400 2x, https:\/\/i0.wp.com\/politicosaldesnudo.com.mx\/wp-content\/uploads\/2026\/08\/corte.jpg?fit=1200%2C675&ssl=1&resize=1050%2C600 3x"},"classes":[]},{"id":85896,"url":"https:\/\/politicosaldesnudo.com.mx\/index.php\/2026\/06\/16\/ministriles-en-procuracion-e-imparticion-de-justicia\/","url_meta":{"origin":31084,"position":4},"title":"Ministriles en procuraci\u00f3n e impartici\u00f3n de justicia","author":"Redacci\u00f3n Pol\u00edticos","date":"16 de junio de 2026","format":false,"excerpt":"Generalmente las togas que imparten y procuran justicia en los Estados Unidos Mexicanos, como lo son ministros y ministras, magistrados y magistradas, jueces, fiscales y agentes del ministerio p\u00fablico, en este acontecer pol\u00edtico, al parecer desconocen u olvidan que su respetabilidad frente a los dem\u00e1s Poderes del Estado, cualquiera que\u2026","rel":"","context":"En \u00abOPINI\u00d3N\u00bb","block_context":{"text":"OPINI\u00d3N","link":"https:\/\/politicosaldesnudo.com.mx\/index.php\/category\/columnistas\/"},"img":{"alt_text":"","src":"https:\/\/i0.wp.com\/politicosaldesnudo.com.mx\/wp-content\/uploads\/2026\/03\/WOODLRICH.jpg?fit=800%2C445&ssl=1&resize=350%2C200","width":350,"height":200,"srcset":"https:\/\/i0.wp.com\/politicosaldesnudo.com.mx\/wp-content\/uploads\/2026\/03\/WOODLRICH.jpg?fit=800%2C445&ssl=1&resize=350%2C200 1x, https:\/\/i0.wp.com\/politicosaldesnudo.com.mx\/wp-content\/uploads\/2026\/03\/WOODLRICH.jpg?fit=800%2C445&ssl=1&resize=525%2C300 1.5x, https:\/\/i0.wp.com\/politicosaldesnudo.com.mx\/wp-content\/uploads\/2026\/03\/WOODLRICH.jpg?fit=800%2C445&ssl=1&resize=700%2C400 2x"},"classes":[]},{"id":87103,"url":"https:\/\/politicosaldesnudo.com.mx\/index.php\/2026\/07\/22\/vecinos-de-acapulco-protestan-ante-la-cfe-por-apagones-prolongados-llevan-5-dias-sin-luz\/","url_meta":{"origin":31084,"position":5},"title":"Vecinos de Acapulco protestan ante la CFE por apagones prolongados; llevan 5 d\u00edas sin luz","author":"Redacci\u00f3n Pol\u00edticos","date":"22 de julio de 2026","format":false,"excerpt":"Habitantes de las colonias Brisas del Mar e Ignacio Manuel Altamirano, en la zona poniente de la ciudad de Acapulco, se manifestaron este martes en las instalaciones de la Comisi\u00f3n Federal de Electricidad (CFE) en la calle Campeche, colonia progreso, para protestar por la falta de suministro de energ\u00eda el\u00e9ctrica\u2026","rel":"","context":"En \u00abESTADOS\u00bb","block_context":{"text":"ESTADOS","link":"https:\/\/politicosaldesnudo.com.mx\/index.php\/category\/estados\/"},"img":{"alt_text":"","src":"https:\/\/i0.wp.com\/politicosaldesnudo.com.mx\/wp-content\/uploads\/2026\/07\/LALU.webp?fit=1200%2C837&ssl=1&resize=350%2C200","width":350,"height":200,"srcset":"https:\/\/i0.wp.com\/politicosaldesnudo.com.mx\/wp-content\/uploads\/2026\/07\/LALU.webp?fit=1200%2C837&ssl=1&resize=350%2C200 1x, https:\/\/i0.wp.com\/politicosaldesnudo.com.mx\/wp-content\/uploads\/2026\/07\/LALU.webp?fit=1200%2C837&ssl=1&resize=525%2C300 1.5x, https:\/\/i0.wp.com\/politicosaldesnudo.com.mx\/wp-content\/uploads\/2026\/07\/LALU.webp?fit=1200%2C837&ssl=1&resize=700%2C400 2x, https:\/\/i0.wp.com\/politicosaldesnudo.com.mx\/wp-content\/uploads\/2026\/07\/LALU.webp?fit=1200%2C837&ssl=1&resize=1050%2C600 3x"},"classes":[]}],"jetpack_sharing_enabled":true,"jetpack_featured_media_url":"https:\/\/i0.wp.com\/politicosaldesnudo.com.mx\/wp-content\/uploads\/2024\/02\/BB1i7pWz.jpg?fit=768%2C512&ssl=1","_links":{"self":[{"href":"https:\/\/politicosaldesnudo.com.mx\/index.php\/wp-json\/wp\/v2\/posts\/31084","targetHints":{"allow":["GET"]}}],"collection":[{"href":"https:\/\/politicosaldesnudo.com.mx\/index.php\/wp-json\/wp\/v2\/posts"}],"about":[{"href":"https:\/\/politicosaldesnudo.com.mx\/index.php\/wp-json\/wp\/v2\/types\/post"}],"author":[{"embeddable":true,"href":"https:\/\/politicosaldesnudo.com.mx\/index.php\/wp-json\/wp\/v2\/users\/4"}],"replies":[{"embeddable":true,"href":"https:\/\/politicosaldesnudo.com.mx\/index.php\/wp-json\/wp\/v2\/comments?post=31084"}],"version-history":[{"count":0,"href":"https:\/\/politicosaldesnudo.com.mx\/index.php\/wp-json\/wp\/v2\/posts\/31084\/revisions"}],"wp:featuredmedia":[{"embeddable":true,"href":"https:\/\/politicosaldesnudo.com.mx\/index.php\/wp-json\/wp\/v2\/media\/31085"}],"wp:attachment":[{"href":"https:\/\/politicosaldesnudo.com.mx\/index.php\/wp-json\/wp\/v2\/media?parent=31084"}],"wp:term":[{"taxonomy":"category","embeddable":true,"href":"https:\/\/politicosaldesnudo.com.mx\/index.php\/wp-json\/wp\/v2\/categories?post=31084"},{"taxonomy":"post_tag","embeddable":true,"href":"https:\/\/politicosaldesnudo.com.mx\/index.php\/wp-json\/wp\/v2\/tags?post=31084"}],"curies":[{"name":"wp","href":"https:\/\/api.w.org\/{rel}","templated":true}]}}