{"id":31109,"date":"2024-02-13T08:58:14","date_gmt":"2024-02-13T14:58:14","guid":{"rendered":"https:\/\/politicosaldesnudo.com.mx\/?p=31109"},"modified":"2024-02-13T08:58:14","modified_gmt":"2024-02-13T14:58:14","slug":"precarias-condiciones-laborales-en-la-termo","status":"publish","type":"post","link":"https:\/\/politicosaldesnudo.com.mx\/index.php\/2024\/02\/13\/precarias-condiciones-laborales-en-la-termo\/","title":{"rendered":"Precarias condiciones laborales en la Termo"},"content":{"rendered":"<p><span style=\"font-size: 14pt;\">TUXPAN.- Jornadas laborales largas, as\u00ed como falta de equipo de seguridad adecuado para desempe\u00f1ar su trabajo, son parte de las quejas expuesta por un ex trabajador de la Termoel\u00e9ctrica \u201cAdolfo L\u00f3pez Mateos\u201d, quien omiti\u00f3 dar su nombre por temor a represalias, pero que asegura se vio obligado a renunciar a su labor, tras ser acusado de algunas acciones impropias, por negarse a acatar una orden que podr\u00eda traerle consecuencias legales.<\/span><\/p>\n<p><span style=\"font-size: 14pt;\">A decir del declarante, quien se present\u00f3 a este rotativo para exponer su inconformidad, la mayor parte de estos trabajadores pertenecen a alg\u00fan sindicato, sin embargo, asegura que sus delegados no abogan por ellos, permitiendo que se les asigne m\u00e1s trabajo de lo que tienen que realizar, lo que genera que doblen o hasta tripliquen turno, exponi\u00e9ndose as\u00ed a un agotamiento excesivo.<\/span><\/p>\n<p><span style=\"font-size: 14pt;\">Explic\u00f3 que cada trabajador tiene un \u00e1rea correspondiente en la cual laborar, y cada una de ellas tiene diferentes niveles de peligrosidad; una de estas \u00e1reas es la zona de \u201ccalderas\u201d a las cuales se les tiene que realizar mantenimiento, pero para ello la compa\u00f1\u00eda no les otorga el equipo de protecci\u00f3n personal a cada trabajador, provocando que se expongan a gases t\u00f3xicos generado por estas maquinarias, lo cual impacta en la salud de estos trabajadores la cual se va deteriorando al paso del tiempo.<\/span><\/p>\n<p><span style=\"font-size: 14pt;\">Agreg\u00f3 tambi\u00e9n que a algunos trabajadores no los dan de alta en el Seguro Social y a la hora de atenderse se les notifica que no est\u00e1n registrados en el sistema. La queja tambi\u00e9n va dirigida a los altos mandos de la compa\u00f1\u00eda, ya que aun cuando \u00e9l ya no trabaja ah\u00ed, sus compa\u00f1eros demandan que respeten sus horarios laborales, un buen sueldo, contar con seguro m\u00e9dico, equipo de protecci\u00f3n correspondiente y respeto a su individualidad.<\/span><\/p>\n<p><span style=\"font-size: 14pt;\">Y es que asegura, en ocasiones los hacen firmar documentos o prestarse a actos indebidos dentro de esta instalaci\u00f3n y en caso de negarse los despiden acus\u00e1ndolos de actos que no cometieron.<\/span><\/p>\n","protected":false},"excerpt":{"rendered":"<p>TUXPAN.- Jornadas laborales largas, as\u00ed como falta de equipo de seguridad adecuado para desempe\u00f1ar su trabajo, son parte de las<\/p>\n","protected":false},"author":4,"featured_media":31110,"comment_status":"closed","ping_status":"closed","sticky":false,"template":"","format":"standard","meta":{"colormag_page_container_layout":"default_layout","colormag_page_sidebar_layout":"default_layout","_jetpack_memberships_contains_paid_content":false,"footnotes":"","jetpack_publicize_message":"","jetpack_publicize_feature_enabled":true,"jetpack_social_post_already_shared":false,"jetpack_social_options":{"image_generator_settings":{"template":"highway","default_image_id":0,"font":"","enabled":false},"version":2}},"categories":[1082],"tags":[],"class_list":["post-31109","post","type-post","status-publish","format-standard","has-post-thumbnail","hentry","category-tuxpan"],"jetpack_publicize_connections":[],"jetpack_featured_media_url":"https:\/\/i0.wp.com\/politicosaldesnudo.com.mx\/wp-content\/uploads\/2024\/02\/4a1-3.jpg?fit=1024%2C768&ssl=1","jetpack-related-posts":[],"jetpack_sharing_enabled":true,"_links":{"self":[{"href":"https:\/\/politicosaldesnudo.com.mx\/index.php\/wp-json\/wp\/v2\/posts\/31109","targetHints":{"allow":["GET"]}}],"collection":[{"href":"https:\/\/politicosaldesnudo.com.mx\/index.php\/wp-json\/wp\/v2\/posts"}],"about":[{"href":"https:\/\/politicosaldesnudo.com.mx\/index.php\/wp-json\/wp\/v2\/types\/post"}],"author":[{"embeddable":true,"href":"https:\/\/politicosaldesnudo.com.mx\/index.php\/wp-json\/wp\/v2\/users\/4"}],"replies":[{"embeddable":true,"href":"https:\/\/politicosaldesnudo.com.mx\/index.php\/wp-json\/wp\/v2\/comments?post=31109"}],"version-history":[{"count":0,"href":"https:\/\/politicosaldesnudo.com.mx\/index.php\/wp-json\/wp\/v2\/posts\/31109\/revisions"}],"wp:featuredmedia":[{"embeddable":true,"href":"https:\/\/politicosaldesnudo.com.mx\/index.php\/wp-json\/wp\/v2\/media\/31110"}],"wp:attachment":[{"href":"https:\/\/politicosaldesnudo.com.mx\/index.php\/wp-json\/wp\/v2\/media?parent=31109"}],"wp:term":[{"taxonomy":"category","embeddable":true,"href":"https:\/\/politicosaldesnudo.com.mx\/index.php\/wp-json\/wp\/v2\/categories?post=31109"},{"taxonomy":"post_tag","embeddable":true,"href":"https:\/\/politicosaldesnudo.com.mx\/index.php\/wp-json\/wp\/v2\/tags?post=31109"}],"curies":[{"name":"wp","href":"https:\/\/api.w.org\/{rel}","templated":true}]}}