{"id":31167,"date":"2024-02-13T21:41:06","date_gmt":"2024-02-14T03:41:06","guid":{"rendered":"https:\/\/politicosaldesnudo.com.mx\/?p=31167"},"modified":"2024-02-13T21:41:06","modified_gmt":"2024-02-14T03:41:06","slug":"violencia-politica-recrudece-en-veracruz","status":"publish","type":"post","link":"https:\/\/politicosaldesnudo.com.mx\/index.php\/2024\/02\/13\/violencia-politica-recrudece-en-veracruz\/","title":{"rendered":"\u201cViolencia pol\u00edtica\u201d recrudece en Veracruz"},"content":{"rendered":"<p><span style=\"font-size: 14pt;\"><strong>Por: Luis Ram\u00edrez Baqueiro<\/strong><\/span><\/p>\n<p><span style=\"font-size: 14pt;\"><em>\u201cLa violencia crea m\u00e1s problemas sociales que los que resuelve y, <\/em><\/span><\/p>\n<p><span style=\"font-size: 14pt;\"><em>por tanto, no conduce nunca a una paz permanente.\u201d \u2013 Martin Luther King.<\/em><\/span><\/p>\n<p><span style=\"font-size: 14pt;\"><strong>\u00a0<\/strong><strong>La normalizaci\u00f3n de la violencia pol\u00edtica en Veracruz es un asunto al que se le debe poner atenci\u00f3n, pues ni verbal, ni mucho menos f\u00edsica, esta clase de acciones deben ser permitidas.<\/strong><\/span><\/p>\n<p><span style=\"font-size: 14pt;\"><strong>Los asesinatos de pol\u00edticos en la entidad, han sido una de las principales caracter\u00edsticas del actual r\u00e9gimen de gobierno, el cual acumula ya una larga lista debido a su p\u00e9sima pol\u00edtica de seguridad.<\/strong><\/span><\/p>\n<p><span style=\"font-size: 14pt;\"><strong>Por m\u00e1s que el actual gobernador Cuitl\u00e1huac Garc\u00eda Jim\u00e9nez, descalifique hechos de violencia y acusaciones directas de ediles en funciones, la estad\u00edstica le desnuda en su realidad, la cual ha tomado tintes de pesadilla.<\/strong><\/span><\/p>\n<p><span style=\"font-size: 14pt;\"><strong>El violento asesinato a manos de dos sicarios del ex presidente municipal del municipio San Juan Evangelista, Andr\u00e9s Valencia R\u00edos, es tan solo una muestra m\u00e1s a la larga lista de hechos de esta naturaleza.\u00a0<a href=\"https:\/\/ventanaver.mx\/principal\/asesinan-a-expresidente-municipal-de-san-juan-evangelista-andres-valencia-rios\/\">https:\/\/ventanaver.mx\/principal\/asesinan-a-expresidente-municipal-de-san-juan-evangelista-andres-valencia-rios\/<\/a><\/strong><\/span><\/p>\n<p><span style=\"font-size: 14pt;\"><strong>Las resientes acusaciones vertidas por la alcaldesa de Acayucan, Rosalba Rodr\u00edguez Rodr\u00edguez (PRD), quien afirm\u00f3 que el crimen organizado controla municipios en el sur del estado y que hay quienes buscan obtener el poder por medio de la violencia y el miedo, son tan solo las pruebas de veracidad de sus dichos.\u00a0<a href=\"https:\/\/www.diariodexalapa.com.mx\/local\/rosalba-rodriguez-rodriguez-alcaldesa-de-acayucan-acusa-control-de-crimen-organizado-en-municipios-de-veracruz-11415523.html\">https:\/\/www.diariodexalapa.com.mx\/local\/rosalba-rodriguez-rodriguez-alcaldesa-de-acayucan-acusa-control-de-crimen-organizado-en-municipios-de-veracruz-11415523.html<\/a><\/strong><\/span><\/p>\n<p><span style=\"font-size: 14pt;\"><strong>El atentado mortal contra Valencia R\u00edos en pleno centro de San Juan Evangelista es la confirmaci\u00f3n de sus palabras.<\/strong><\/span><\/p>\n<p><span style=\"font-size: 14pt;\"><strong>Aun cuando el mandatario veracruzano haya tenido la desfachatez de afirmar lo contrario, e incluso acusar que si la edil no pod\u00eda con el encargo renunciar\u00e1.\u00a0<a href=\"https:\/\/www.diariodexalapa.com.mx\/local\/si-alcaldesa-de-acayucan-no-puede-con-el-municipio-que-renuncie-gobernador-11420766.html\">https:\/\/www.diariodexalapa.com.mx\/local\/si-alcaldesa-de-acayucan-no-puede-con-el-municipio-que-renuncie-gobernador-11420766.html<\/a><\/strong><\/span><\/p>\n<p><span style=\"font-size: 14pt;\"><strong>Pero ser\u00eda bueno contextualizar con cifras esta realidad. El pasado 3 de enero de 2023, la reportera Fabiola Gonz\u00e1lez, se\u00f1al\u00f3 cu\u00e1l era el saldo hasta ese momento de la violencia contra ediles en Veracruz.\u00a0<a href=\"https:\/\/www.diariodexalapa.com.mx\/local\/cuantos-alcaldes-han-sido-asesinados-en-sexenio-de-amlo-9412087.html\">https:\/\/www.diariodexalapa.com.mx\/local\/cuantos-alcaldes-han-sido-asesinados-en-sexenio-de-amlo-9412087.html<\/a><\/strong><\/span><\/p>\n<p><span style=\"font-size: 14pt;\"><strong>Seg\u00fan los datos del Indicador de Violencia Pol\u00edtica en M\u00e9xico, atentados contra ediles (2000-2022) elaborado por la consultora Etellekt, Veracruz ocupa el segundo lugar nacional en asesinatos de ediles, tan solo detr\u00e1s de Oaxaca quien tiene el nada honroso primer lugar.<\/strong><\/span><\/p>\n<p><span style=\"font-size: 14pt;\"><strong>Hasta ese 3 de enero de 2023, con el asesinato de Isauro Ambrosio Tocohua, presidente municipal de Rafael Delgado, Veracruz, hab\u00edan sido asesinados 65 ediles en el presente sexenio (20 alcaldes, 33 regidores y 12 s\u00edndicos) en todo el pa\u00eds.<\/strong><\/span><\/p>\n<p><span style=\"font-size: 14pt;\"><strong>De 65 atentados registrados en el pa\u00eds, estos han abarcado al 53 por ciento de las entidades del pa\u00eds. El Indicador de Violencia Pol\u00edtica refiere que Oaxaca es el estado con m\u00e1s v\u00edctimas mortales con un total de 13, en segundo lugar, se encuentra Veracruz, con nueve ediles asesinados \u2013hoy ser\u00edan 10 con el asesinato de Andr\u00e9s Valencia R\u00edos, ex alcalde de San Juan Evagenlista-.<\/strong><\/span><\/p>\n<p><span style=\"font-size: 14pt;\"><strong>Ser\u00eda bueno observar que hasta enero de 2023, la administraci\u00f3n del presidente Andr\u00e9s Manuel L\u00f3pez Obrador, ha sido la m\u00e1s violenta contra los pol\u00edticos, pues se llevaban contabilizados 65 homicidios de ediles: 20 alcaldes, 33 regidores y 12 s\u00edndicos.<\/strong><\/span><\/p>\n<p><span style=\"font-size: 14pt;\"><strong>El indicador nacional refer\u00eda una incidencia 35 por ciento mayor a la registrada en todo el sexenio del expresidente Felipe Calder\u00f3n Hinojosa.<\/strong><\/span><\/p>\n<p><span style=\"font-size: 14pt;\"><strong>Pero la realidad es incierta pues otros trabajos period\u00edsticos dan cuenta muchos m\u00e1s muertos dentro del gremio pol\u00edtico, tan solo las cifras reportadas por Carlos Caiceros de La Silla Rota Veracruz, evidencian esa otra realidad.\u00a0<a href=\"https:\/\/lasillarota.com\/veracruz\/reportajes\/2023\/1\/25\/politicos-asesinados-en-veracruz-estos-son-los-partidos-con-mas-bajas-411605.html\">https:\/\/lasillarota.com\/veracruz\/reportajes\/2023\/1\/25\/politicos-asesinados-en-veracruz-estos-son-los-partidos-con-mas-bajas-411605.html<\/a><\/strong><\/span><\/p>\n<p><span style=\"font-size: 14pt;\"><strong>Lo cierto es que la normalizaci\u00f3n de la violencia pol\u00edtica no debe ser cosa que se tome a la ligera, por el contrario, nos debe convidar a ser mucho m\u00e1s estrictos y anal\u00edticos de cara al arranque de las campa\u00f1as, exigiendo y revisando a fondo las propuestas en materia de seguridad.<\/strong><\/span><\/p>\n<p><span style=\"font-size: 14pt;\"><strong>La poca seriedad con la que el actual gobierno estatal encara estos temas, confirma que existe una soterrada pol\u00edtica de permisividad para la comisi\u00f3n de estos delitos, que casualmente se incrementan de cara a las fechas programadas para el proceso electoral del domingo 2 de junio.<\/strong><\/span><\/p>\n<p><span style=\"font-size: 14pt;\"><strong>\u00a0<\/strong><strong>Al <\/strong><strong>tiempo.<\/strong><\/span><\/p>\n<p><img data-recalc-dims=\"1\" loading=\"lazy\" decoding=\"async\" class=\"aligncenter size-full wp-image-31006\" src=\"https:\/\/i0.wp.com\/politicosaldesnudo.com.mx\/wp-content\/uploads\/2024\/02\/FIRMA-EDITORIAL-PD-1.jpg?resize=800%2C98&#038;ssl=1\" alt=\"\" width=\"800\" height=\"98\" srcset=\"https:\/\/i0.wp.com\/politicosaldesnudo.com.mx\/wp-content\/uploads\/2024\/02\/FIRMA-EDITORIAL-PD-1.jpg?w=1024&amp;ssl=1 1024w, https:\/\/i0.wp.com\/politicosaldesnudo.com.mx\/wp-content\/uploads\/2024\/02\/FIRMA-EDITORIAL-PD-1.jpg?resize=300%2C37&amp;ssl=1 300w, https:\/\/i0.wp.com\/politicosaldesnudo.com.mx\/wp-content\/uploads\/2024\/02\/FIRMA-EDITORIAL-PD-1.jpg?resize=768%2C94&amp;ssl=1 768w\" sizes=\"auto, (max-width: 800px) 100vw, 800px\" \/><\/p>\n","protected":false},"excerpt":{"rendered":"<p>Por: Luis Ram\u00edrez Baqueiro \u201cLa violencia crea m\u00e1s problemas sociales que los que resuelve y, por tanto, no conduce nunca<\/p>\n","protected":false},"author":4,"featured_media":4390,"comment_status":"closed","ping_status":"closed","sticky":false,"template":"","format":"standard","meta":{"colormag_page_container_layout":"default_layout","colormag_page_sidebar_layout":"default_layout","_jetpack_memberships_contains_paid_content":false,"footnotes":"","jetpack_publicize_message":"","jetpack_publicize_feature_enabled":true,"jetpack_social_post_already_shared":false,"jetpack_social_options":{"image_generator_settings":{"template":"highway","default_image_id":0,"font":"","enabled":false},"version":2}},"categories":[26],"tags":[],"class_list":["post-31167","post","type-post","status-publish","format-standard","has-post-thumbnail","hentry","category-columnistas"],"jetpack_publicize_connections":[],"jetpack_featured_media_url":"https:\/\/i0.wp.com\/politicosaldesnudo.com.mx\/wp-content\/uploads\/2022\/04\/LUIS-RAMI%CC%81REZ-BAQUEIRO.png?fit=1816%2C1016&ssl=1","jetpack-related-posts":[],"jetpack_sharing_enabled":true,"_links":{"self":[{"href":"https:\/\/politicosaldesnudo.com.mx\/index.php\/wp-json\/wp\/v2\/posts\/31167","targetHints":{"allow":["GET"]}}],"collection":[{"href":"https:\/\/politicosaldesnudo.com.mx\/index.php\/wp-json\/wp\/v2\/posts"}],"about":[{"href":"https:\/\/politicosaldesnudo.com.mx\/index.php\/wp-json\/wp\/v2\/types\/post"}],"author":[{"embeddable":true,"href":"https:\/\/politicosaldesnudo.com.mx\/index.php\/wp-json\/wp\/v2\/users\/4"}],"replies":[{"embeddable":true,"href":"https:\/\/politicosaldesnudo.com.mx\/index.php\/wp-json\/wp\/v2\/comments?post=31167"}],"version-history":[{"count":0,"href":"https:\/\/politicosaldesnudo.com.mx\/index.php\/wp-json\/wp\/v2\/posts\/31167\/revisions"}],"wp:featuredmedia":[{"embeddable":true,"href":"https:\/\/politicosaldesnudo.com.mx\/index.php\/wp-json\/wp\/v2\/media\/4390"}],"wp:attachment":[{"href":"https:\/\/politicosaldesnudo.com.mx\/index.php\/wp-json\/wp\/v2\/media?parent=31167"}],"wp:term":[{"taxonomy":"category","embeddable":true,"href":"https:\/\/politicosaldesnudo.com.mx\/index.php\/wp-json\/wp\/v2\/categories?post=31167"},{"taxonomy":"post_tag","embeddable":true,"href":"https:\/\/politicosaldesnudo.com.mx\/index.php\/wp-json\/wp\/v2\/tags?post=31167"}],"curies":[{"name":"wp","href":"https:\/\/api.w.org\/{rel}","templated":true}]}}