{"id":31170,"date":"2024-02-13T21:43:09","date_gmt":"2024-02-14T03:43:09","guid":{"rendered":"https:\/\/politicosaldesnudo.com.mx\/?p=31170"},"modified":"2024-02-13T21:43:09","modified_gmt":"2024-02-14T03:43:09","slug":"crisis-municipales","status":"publish","type":"post","link":"https:\/\/politicosaldesnudo.com.mx\/index.php\/2024\/02\/13\/crisis-municipales\/","title":{"rendered":"Crisis municipales"},"content":{"rendered":"<p><span style=\"font-size: 14pt;\"><strong>Por Aurelio Contreras Moreno<\/strong><\/span><\/p>\n<p><span style=\"font-size: 14pt;\">Veracruz es un polvor\u00edn cuyas mechas de violencia se encienden pr\u00e1cticamente todos los d\u00edas, mientras el gobernador Cuitl\u00e1huac Garc\u00eda est\u00e1 ocupado entrometi\u00e9ndose en el proceso electoral.<\/span><\/p>\n<p><span style=\"font-size: 14pt;\">La semana pasada, la presidenta municipal de Acayucan, Rosalba Rodr\u00edguez, apareci\u00f3 de manera sorpresiva en el noticiero radiof\u00f3nico de Ciro G\u00f3mez Leyva para denunciar lo que, de por s\u00ed, es de sobra conocido: que el crimen organizado controla territorios y hasta gobiernos municipales en el estado de Veracruz.<\/span><\/p>\n<p><span style=\"font-size: 14pt;\">La alcaldesa afirm\u00f3 adem\u00e1s que \u201cel crimen organizado quiere entrar a Acayucan, quiere tomar las riendas de Acayucan, aqu\u00ed estuvo la alcaldesa de Sayula y manifest\u00f3 tambi\u00e9n como parte del hecho de que somos mujeres (gobernando), es la manera que (grupos delincuenciales) tienen para actuar, a trav\u00e9s de la descalificaci\u00f3n, de generar zozobra, de generar miedo y sumarle a esto, actos violentos que prueban lo que nos est\u00e1n diciendo o nos mandan a decir de alguna forma\u201d.<\/span><\/p>\n<p><span style=\"font-size: 14pt;\">Como ella misma lo mencion\u00f3, en meses pasados otra alcaldesa veracruzana, la de Sayula de Alem\u00e1n, denunci\u00f3 en ese mismo espacio una situaci\u00f3n similar. La respuesta del gobierno estatal en ambos casos, fue la descalificaci\u00f3n y la amenaza a las ediles con la destituci\u00f3n. En el caso de Rosalba Rodr\u00edguez, de filiaci\u00f3n perredista, Cuitl\u00e1huac Garc\u00eda la inst\u00f3 a que \u201csi no puede, renuncie\u201d \u2013\u00e9l mismo deber\u00eda haber considerado eso desde hace mucho- para en su lugar establecer un Concejo Municipal.<\/span><\/p>\n<p><span style=\"font-size: 14pt;\">La inestabilidad en \u00e9se y varios municipios m\u00e1s del norte, centro y sur de Veracruz tiene que ver con la operaci\u00f3n de grupos criminales, sin duda. Pero tambi\u00e9n con la incompetencia y la colusi\u00f3n de un gobierno que lo \u00fanico que sabe hacer es echar a otros la culpa de sus falencias y que ha provocado las condiciones para que la situaci\u00f3n se agrave.<\/span><\/p>\n<p><span style=\"font-size: 14pt;\">Ah\u00ed mismo en la zona sur de Veracruz, en el municipio de Lerdo de Tejada pr\u00e1cticamente no hay gobierno, pues la s\u00edndica en funciones de alcaldesa, Mar\u00eda Esther Arr\u00f3niz L\u00f3pez, est\u00e1 nulificada, como qued\u00f3 evidenciado con el tr\u00e1gico asesinato del joven Brando Arellano a manos de la propia polic\u00eda municipal, misma que de acuerdo con los padres de la v\u00edctima anda encapuchada en la v\u00eda p\u00fablica y se dedica a extorsionar.<\/span><\/p>\n<p><span style=\"font-size: 14pt;\">\u00bfPor qu\u00e9 no proceden a la desaparici\u00f3n de poderes en Lerdo de Tejada, donde ni alcalde hay, pues el que fue electo est\u00e1 en la c\u00e1rcel acusado de secuestro? Pues porque es de Morena y ah\u00ed tiene intereses un integrante del grupo gobernante, el presidente de la Junta de Coordinaci\u00f3n Pol\u00edtica del Congreso del Estado, Juan Javier G\u00f3mez Cazar\u00edn, principal responsable de \u00e9sa y otras crisis en municipios de la entidad.<\/span><\/p>\n<p><span style=\"font-size: 14pt;\">No bien estaba Cuitl\u00e1huac Garc\u00eda descalificando a la alcaldesa de Acayucan cuando un ex presidente municipal de San Juan Evangelista, otro municipio del sur veracruzano, Andr\u00e9s Valencia R\u00edos, era ejecutado a balazos, este mismo lunes. La violencia est\u00e1 desatada en el estado, aunque quieran esconder los hechos.<\/span><\/p>\n<p><span style=\"font-size: 14pt;\">El gobernador casi echa espuma por la boca cada que se le expone la realidad de Veracruz. Habla de \u201ccampa\u00f1as\u201d contra su gobierno y el del presidente Andr\u00e9s Manuel L\u00f3pez Obrador; de \u201cherencias malditas\u201d de otras administraciones; y saca cualquier excusa que se le ocurra, por absurda que sea, para intentar ocultar su fracaso como gobernante.<\/span><\/p>\n<p><span style=\"font-size: 14pt;\">Pero tarde que temprano, tendr\u00e1 que pagar esas facturas.<\/span><\/p>\n<p><span style=\"font-size: 14pt;\"><strong>Le\u00f1a del \u00e1rbol ca\u00eddo<\/strong><\/span><\/p>\n<p><span style=\"font-size: 14pt;\"><strong>\u00a0<\/strong>Ahora resulta que la \u00fanica que se fue \u201cal agua\u201d con los recursos del Tribunal Superior de Justicia del Estado fue la defenestrada ex directora de Administraci\u00f3n Joana Marlen Bautista.<\/span><\/p>\n<p><span style=\"font-size: 14pt;\">\u00bfY al primo Eleazar y otros que le metieron la mano a ese caj\u00f3n, cu\u00e1ndo los llaman a declarar?<\/span><\/p>\n<p><img data-recalc-dims=\"1\" loading=\"lazy\" decoding=\"async\" class=\"aligncenter size-full wp-image-31006\" src=\"https:\/\/i0.wp.com\/politicosaldesnudo.com.mx\/wp-content\/uploads\/2024\/02\/FIRMA-EDITORIAL-PD-1.jpg?resize=800%2C98&#038;ssl=1\" alt=\"\" width=\"800\" height=\"98\" srcset=\"https:\/\/i0.wp.com\/politicosaldesnudo.com.mx\/wp-content\/uploads\/2024\/02\/FIRMA-EDITORIAL-PD-1.jpg?w=1024&amp;ssl=1 1024w, https:\/\/i0.wp.com\/politicosaldesnudo.com.mx\/wp-content\/uploads\/2024\/02\/FIRMA-EDITORIAL-PD-1.jpg?resize=300%2C37&amp;ssl=1 300w, https:\/\/i0.wp.com\/politicosaldesnudo.com.mx\/wp-content\/uploads\/2024\/02\/FIRMA-EDITORIAL-PD-1.jpg?resize=768%2C94&amp;ssl=1 768w\" sizes=\"auto, (max-width: 800px) 100vw, 800px\" \/><\/p>\n","protected":false},"excerpt":{"rendered":"<p>Por Aurelio Contreras Moreno Veracruz es un polvor\u00edn cuyas mechas de violencia se encienden pr\u00e1cticamente todos los d\u00edas, mientras el<\/p>\n","protected":false},"author":4,"featured_media":4397,"comment_status":"closed","ping_status":"closed","sticky":false,"template":"","format":"standard","meta":{"colormag_page_container_layout":"default_layout","colormag_page_sidebar_layout":"default_layout","_jetpack_memberships_contains_paid_content":false,"footnotes":"","jetpack_publicize_message":"","jetpack_publicize_feature_enabled":true,"jetpack_social_post_already_shared":false,"jetpack_social_options":{"image_generator_settings":{"template":"highway","default_image_id":0,"font":"","enabled":false},"version":2}},"categories":[26],"tags":[],"class_list":["post-31170","post","type-post","status-publish","format-standard","has-post-thumbnail","hentry","category-columnistas"],"jetpack_publicize_connections":[],"jetpack_featured_media_url":"https:\/\/i0.wp.com\/politicosaldesnudo.com.mx\/wp-content\/uploads\/2022\/04\/AURELIO-CONTRERAS-MORENO-1.png?fit=1816%2C1016&ssl=1","jetpack-related-posts":[],"jetpack_sharing_enabled":true,"_links":{"self":[{"href":"https:\/\/politicosaldesnudo.com.mx\/index.php\/wp-json\/wp\/v2\/posts\/31170","targetHints":{"allow":["GET"]}}],"collection":[{"href":"https:\/\/politicosaldesnudo.com.mx\/index.php\/wp-json\/wp\/v2\/posts"}],"about":[{"href":"https:\/\/politicosaldesnudo.com.mx\/index.php\/wp-json\/wp\/v2\/types\/post"}],"author":[{"embeddable":true,"href":"https:\/\/politicosaldesnudo.com.mx\/index.php\/wp-json\/wp\/v2\/users\/4"}],"replies":[{"embeddable":true,"href":"https:\/\/politicosaldesnudo.com.mx\/index.php\/wp-json\/wp\/v2\/comments?post=31170"}],"version-history":[{"count":0,"href":"https:\/\/politicosaldesnudo.com.mx\/index.php\/wp-json\/wp\/v2\/posts\/31170\/revisions"}],"wp:featuredmedia":[{"embeddable":true,"href":"https:\/\/politicosaldesnudo.com.mx\/index.php\/wp-json\/wp\/v2\/media\/4397"}],"wp:attachment":[{"href":"https:\/\/politicosaldesnudo.com.mx\/index.php\/wp-json\/wp\/v2\/media?parent=31170"}],"wp:term":[{"taxonomy":"category","embeddable":true,"href":"https:\/\/politicosaldesnudo.com.mx\/index.php\/wp-json\/wp\/v2\/categories?post=31170"},{"taxonomy":"post_tag","embeddable":true,"href":"https:\/\/politicosaldesnudo.com.mx\/index.php\/wp-json\/wp\/v2\/tags?post=31170"}],"curies":[{"name":"wp","href":"https:\/\/api.w.org\/{rel}","templated":true}]}}