{"id":31224,"date":"2024-02-14T09:05:51","date_gmt":"2024-02-14T15:05:51","guid":{"rendered":"https:\/\/politicosaldesnudo.com.mx\/?p=31224"},"modified":"2024-02-14T09:05:51","modified_gmt":"2024-02-14T15:05:51","slug":"amlo-a-slim-no-es-un-exceso-dar-obra-publica-a-militares","status":"publish","type":"post","link":"https:\/\/politicosaldesnudo.com.mx\/index.php\/2024\/02\/14\/amlo-a-slim-no-es-un-exceso-dar-obra-publica-a-militares\/","title":{"rendered":"AMLO a Slim: no es \u00abun exceso\u00bb dar obra p\u00fablica a militares"},"content":{"rendered":"<p><span style=\"font-size: 14pt;\">El presidente Andr\u00e9s Manuel L\u00f3pez Obrador se manifest\u00f3 en desacuerdo con la posici\u00f3n del magnate Carlos Slim, quien la v\u00edspera consider\u00f3 <q>un exceso<\/q> que en el actual sexenio se hayan asignado obras p\u00fablicas a los militares y se les diera el control de empresas del Estado.<\/span><\/p>\n<p><span style=\"font-size: 14pt;\">Para el mandatario federal, las tareas que han realizado el Ej\u00e9rcito y la Marina durante su administraci\u00f3n son parte de sus misiones.<\/span><\/p>\n<p><span style=\"font-size: 14pt;\">Al preguntarle en la conferencia matutina sobre las posiciones expresadas por el presidente vitalicio de Grupo Carso durante una larga conferencia que ofreci\u00f3 el lunes, como que Tel\u00e9fonos de M\u00e9xico <q>ya no es rentable<\/q>, el jefe del Ejecutivo descart\u00f3 la posibilidad que el gobierno compre esa firma, al tiempo que asegur\u00f3 que Slim ha incrementado su fortuna porque es buen empresario y porque <q>dinero llama dinero<\/q>.<\/span><\/p>\n<p><span style=\"font-size: 14pt;\">A prop\u00f3sito de las declaraciones del hombre m\u00e1s acaudalado del pa\u00eds, el tabasque\u00f1o plante\u00f3: <q>vivimos en un pa\u00eds afortunadamente libre, donde todos nos manifestamos, nos expresamos. Respetamos mucho el punto de vista de Carlos Slim, nada m\u00e1s que yo no lo comparto porque a lo mejor se desconoce que el Ej\u00e9rcito tiene cinco misiones<\/q>.<\/span><\/p>\n<p><span style=\"font-size: 14pt;\">Enlist\u00f3 esas tareas: proteger la soberan\u00eda nacional, garantizar la seguridad interior, apoyar el desarrollo social, contribuir en la construcci\u00f3n de obras para el desarrollo del pa\u00eds y auxilio a la poblaci\u00f3n en casos de desastres.<\/span><\/p>\n<p><span style=\"font-size: 14pt;\">Al resaltar las labores de la cuarta misi\u00f3n, indic\u00f3 que por ello Ej\u00e9rcito y Marina han participado en proyectos como los aeropuertos internacionales Felipe \u00c1ngeles y Felipe Carrillo Puerto, el Tren Maya y el Corredor Interoce\u00e1nico del Istmo de Tehuantepec, entre otros.<\/span><\/p>\n<p><span style=\"font-size: 14pt;\">El mandatario destac\u00f3 que gracias a los ingenieros militares este tipo de obras se pueden construir en menor tiempo y a costos m\u00e1s bajos de lo que lo har\u00edan empresas constructoras o firmas contratistas.<\/span><\/p>\n<p><span style=\"font-size: 14pt;\"><q>Yo entiendo que no les guste que participe el Ej\u00e9rcito, los ingenieros militares, pero nos han ayudado mucho. Nada m\u00e1s les dir\u00eda yo a los ingenieros, a las empresas constructoras, con todo respeto: \u00bfqui\u00e9n hace un aeropuerto de calidad internacional, ya no hablemos del Felipe \u00c1ngeles, que lo hicieron en dos a\u00f1o y medio, el de Tulum, que lo hicieron en un a\u00f1o cinco meses? \u00bfQui\u00e9n? Ni nuestros amigos, que son tan eficaces y trabajadores y ejemplo mundial, nuestros amigos de China hacen eso<\/q>.<\/span><\/p>\n<p><span style=\"font-size: 14pt;\">L\u00f3pez Obrador declar\u00f3 que regularmente dialoga y debate con Slim y <q>no estamos de acuerdo en todo. Lo respeto mucho porque \u00e9l es una gente trabajadora, que invierte en beneficio de M\u00e9xico, es respetuoso de la investidura presidencial, cosa que no hacen otros, que insultan al Presidente, se olvidan que no es Andr\u00e9s Manuel, sino es que representa a todos los mexicanos. A nadie hay que insultar, menos a una autoridad que llega de manera legal y leg\u00edtima, por el voluntad del pueblo de M\u00e9xico<\/q>.<\/span><\/p>\n<p><span style=\"font-size: 14pt;\">El mandatario remarc\u00f3: que le vaya bien a Slim y a otros empresarios en este gobierno muestra que su modelo econ\u00f3mico funciona. <q>Ya he dicho varias veces que cuando la milpa se da bien, alcanza hasta para el p\u00e1jaro<\/q>.<\/span><\/p>\n","protected":false},"excerpt":{"rendered":"<p>El presidente Andr\u00e9s Manuel L\u00f3pez Obrador se manifest\u00f3 en desacuerdo con la posici\u00f3n del magnate Carlos Slim, quien la v\u00edspera<\/p>\n","protected":false},"author":4,"featured_media":31225,"comment_status":"closed","ping_status":"closed","sticky":false,"template":"","format":"standard","meta":{"colormag_page_container_layout":"default_layout","colormag_page_sidebar_layout":"default_layout","_jetpack_memberships_contains_paid_content":false,"footnotes":"","jetpack_publicize_message":"","jetpack_publicize_feature_enabled":true,"jetpack_social_post_already_shared":false,"jetpack_social_options":{"image_generator_settings":{"template":"highway","default_image_id":0,"font":"","enabled":false},"version":2}},"categories":[33],"tags":[],"class_list":["post-31224","post","type-post","status-publish","format-standard","has-post-thumbnail","hentry","category-nacional"],"jetpack_publicize_connections":[],"jetpack_featured_media_url":"https:\/\/i0.wp.com\/politicosaldesnudo.com.mx\/wp-content\/uploads\/2024\/02\/90827002-640x360-1.jpg?fit=800%2C450&ssl=1","jetpack-related-posts":[],"jetpack_sharing_enabled":true,"_links":{"self":[{"href":"https:\/\/politicosaldesnudo.com.mx\/index.php\/wp-json\/wp\/v2\/posts\/31224","targetHints":{"allow":["GET"]}}],"collection":[{"href":"https:\/\/politicosaldesnudo.com.mx\/index.php\/wp-json\/wp\/v2\/posts"}],"about":[{"href":"https:\/\/politicosaldesnudo.com.mx\/index.php\/wp-json\/wp\/v2\/types\/post"}],"author":[{"embeddable":true,"href":"https:\/\/politicosaldesnudo.com.mx\/index.php\/wp-json\/wp\/v2\/users\/4"}],"replies":[{"embeddable":true,"href":"https:\/\/politicosaldesnudo.com.mx\/index.php\/wp-json\/wp\/v2\/comments?post=31224"}],"version-history":[{"count":0,"href":"https:\/\/politicosaldesnudo.com.mx\/index.php\/wp-json\/wp\/v2\/posts\/31224\/revisions"}],"wp:featuredmedia":[{"embeddable":true,"href":"https:\/\/politicosaldesnudo.com.mx\/index.php\/wp-json\/wp\/v2\/media\/31225"}],"wp:attachment":[{"href":"https:\/\/politicosaldesnudo.com.mx\/index.php\/wp-json\/wp\/v2\/media?parent=31224"}],"wp:term":[{"taxonomy":"category","embeddable":true,"href":"https:\/\/politicosaldesnudo.com.mx\/index.php\/wp-json\/wp\/v2\/categories?post=31224"},{"taxonomy":"post_tag","embeddable":true,"href":"https:\/\/politicosaldesnudo.com.mx\/index.php\/wp-json\/wp\/v2\/tags?post=31224"}],"curies":[{"name":"wp","href":"https:\/\/api.w.org\/{rel}","templated":true}]}}