{"id":31287,"date":"2024-02-15T09:05:15","date_gmt":"2024-02-15T15:05:15","guid":{"rendered":"https:\/\/politicosaldesnudo.com.mx\/?p=31287"},"modified":"2024-02-15T09:05:15","modified_gmt":"2024-02-15T15:05:15","slug":"seguira-el-apoyo-a-familias-emprendedoras","status":"publish","type":"post","link":"https:\/\/politicosaldesnudo.com.mx\/index.php\/2024\/02\/15\/seguira-el-apoyo-a-familias-emprendedoras\/","title":{"rendered":"Seguir\u00e1 el apoyo a familias Emprendedoras"},"content":{"rendered":"<p><span style=\"font-size: 14pt;\">Tuxpan.- Con el objetivo de apoyar econ\u00f3micamente a comerciantes artesanos y emprendedores de este municipio, las autoridades municipales les permitieron a los participantes del bazar de la plaza del amor y la amistad, retirarse alrededor de las 8:00 de la noche de este mi\u00e9rcoles para que tuvieran una buena derrama econ\u00f3mica.<\/span><\/p>\n<p><span style=\"font-size: 14pt;\">Asimismo, pudieran exponer todos sus productos y venderlos, indic\u00f3 el regidor Juan G\u00f3mez, quien mencion\u00f3 que fueron m\u00e1s de 60 comerciantes los que se instalaron tanto en la plaza c\u00edvica, como en la calle Garizurieta, y algunos que ya no entraron en esa zona, tambi\u00e9n en la avenida Ju\u00e1rez a un costado de la Catedral.<\/span><\/p>\n<p><span style=\"font-size: 14pt;\">\u00abLa intenci\u00f3n ha sido apoyar su econom\u00eda porque son productos que la mayor\u00eda son elaborados a mano\u00bb, mencion\u00f3 el edil y agreg\u00f3 que esta iniciativa es apoyada por el Presidente Municipal, puesto que uno de los principales compromisos del gobierno, es ayudar a todos los ciudadanos que emprendan un negocio, que quieran buscar su mejora econ\u00f3mica, con el prop\u00f3sito de otorgar una mejor calidad de vida para sus familias.<\/span><\/p>\n<p><span style=\"font-size: 14pt;\">Cabe se\u00f1alar, que durante estos d\u00edas se vio una excelente afluencia de ciudadanos en estos locales instalados en un costado de la Presidencia Municipal, la gran mayor\u00eda fueron adolescentes, puesto que los precios de los productos que estuvieron presentando fueron accesibles.<\/span><\/p>\n","protected":false},"excerpt":{"rendered":"<p>Tuxpan.- Con el objetivo de apoyar econ\u00f3micamente a comerciantes artesanos y emprendedores de este municipio, las autoridades municipales les permitieron<\/p>\n","protected":false},"author":4,"featured_media":31288,"comment_status":"closed","ping_status":"closed","sticky":false,"template":"","format":"standard","meta":{"colormag_page_container_layout":"default_layout","colormag_page_sidebar_layout":"default_layout","_jetpack_memberships_contains_paid_content":false,"footnotes":"","jetpack_publicize_message":"","jetpack_publicize_feature_enabled":true,"jetpack_social_post_already_shared":false,"jetpack_social_options":{"image_generator_settings":{"template":"highway","default_image_id":0,"font":"","enabled":false},"version":2}},"categories":[1082],"tags":[],"class_list":["post-31287","post","type-post","status-publish","format-standard","has-post-thumbnail","hentry","category-tuxpan"],"jetpack_publicize_connections":[],"jetpack_featured_media_url":"https:\/\/i0.wp.com\/politicosaldesnudo.com.mx\/wp-content\/uploads\/2024\/02\/3c1-1.jpg?fit=1600%2C725&ssl=1","jetpack-related-posts":[],"jetpack_sharing_enabled":true,"_links":{"self":[{"href":"https:\/\/politicosaldesnudo.com.mx\/index.php\/wp-json\/wp\/v2\/posts\/31287","targetHints":{"allow":["GET"]}}],"collection":[{"href":"https:\/\/politicosaldesnudo.com.mx\/index.php\/wp-json\/wp\/v2\/posts"}],"about":[{"href":"https:\/\/politicosaldesnudo.com.mx\/index.php\/wp-json\/wp\/v2\/types\/post"}],"author":[{"embeddable":true,"href":"https:\/\/politicosaldesnudo.com.mx\/index.php\/wp-json\/wp\/v2\/users\/4"}],"replies":[{"embeddable":true,"href":"https:\/\/politicosaldesnudo.com.mx\/index.php\/wp-json\/wp\/v2\/comments?post=31287"}],"version-history":[{"count":0,"href":"https:\/\/politicosaldesnudo.com.mx\/index.php\/wp-json\/wp\/v2\/posts\/31287\/revisions"}],"wp:featuredmedia":[{"embeddable":true,"href":"https:\/\/politicosaldesnudo.com.mx\/index.php\/wp-json\/wp\/v2\/media\/31288"}],"wp:attachment":[{"href":"https:\/\/politicosaldesnudo.com.mx\/index.php\/wp-json\/wp\/v2\/media?parent=31287"}],"wp:term":[{"taxonomy":"category","embeddable":true,"href":"https:\/\/politicosaldesnudo.com.mx\/index.php\/wp-json\/wp\/v2\/categories?post=31287"},{"taxonomy":"post_tag","embeddable":true,"href":"https:\/\/politicosaldesnudo.com.mx\/index.php\/wp-json\/wp\/v2\/tags?post=31287"}],"curies":[{"name":"wp","href":"https:\/\/api.w.org\/{rel}","templated":true}]}}