{"id":31303,"date":"2024-02-15T09:21:51","date_gmt":"2024-02-15T15:21:51","guid":{"rendered":"https:\/\/politicosaldesnudo.com.mx\/?p=31303"},"modified":"2024-02-15T09:21:51","modified_gmt":"2024-02-15T15:21:51","slug":"delitos-en-municipios-no-incidiran-en-eleccion-pt","status":"publish","type":"post","link":"https:\/\/politicosaldesnudo.com.mx\/index.php\/2024\/02\/15\/delitos-en-municipios-no-incidiran-en-eleccion-pt\/","title":{"rendered":"Delitos en municipios no incidir\u00e1n en elecci\u00f3n: PT"},"content":{"rendered":"<div class=\"tdb-block-inner td-fix-index\">\n<p><span style=\"font-size: 14pt;\">El Partido del Trabajo (PT) recalc\u00f3 que incidencias de inseguridad como los ocurridos en San Juan Evangelista y Acayucan no representan un riesgo para la elecci\u00f3n del 2 de junio.<\/span><\/p>\n<p><span style=\"font-size: 14pt;\">No obstante, Vicente Aguilar Aguilar, coordinador ejecutivo de este instituto pol\u00edtico en la entidad veracruzana, reiter\u00f3 que los tres niveles de gobierno necesitan trabajar con inteligencia, inclusive militar, para prevenir la delincuencia en cada regi\u00f3n del estado, ya que si esos eventos de inseguridad se descuidan, s\u00ed podr\u00edan llegar a incidir en los comicios.<\/span><\/p>\n<p><span style=\"font-size: 14pt;\">Se recuerda que el pasado lunes trascendi\u00f3 el asesinato de un exalcalde de San Juan Evangelista, mientras que en Acayucan la alcaldesa Rosalba Rodr\u00edguez est\u00e1 en la mira de las autoridades debido a que una de sus colaboradoras fue detenida e identificada como presunta integrante del crimen organizado.<\/span><\/p>\n<p><span style=\"font-size: 14pt;\">Pero independientemente del tema pol\u00edtico, expres\u00f3 el dirigente petista, la ciudadan\u00eda siempre debe estar protegida por seguridad p\u00fablica.<\/span><\/p>\n<figure class=\"wp-block-pullquote has-black-color has-text-color has-link-color wp-elements-c3360eda5a712b6f1a7c18c3545d93e0\">\n<blockquote><p><span style=\"font-size: 14pt;\">\u201cInteligencia militar es clave para el desarrollo de las tareas en el estado, inteligencia es importante porque detecta focos de delincuencia organizada, delincuencia com\u00fan y eso es en lo que tienen que abocarse Seguridad P\u00fablica con todas las instancias del gobierno, sobre todo con las federales\u201d, consider\u00f3.<\/span><\/p><\/blockquote>\n<\/figure>\n<p><span style=\"font-size: 14pt;\">Reiter\u00f3 que las polic\u00edas municipales junto con las estatal y federal deben coordinarse y compartir informaci\u00f3n, y as\u00ed se dar\u00e1n resultados diferentes.<\/span><\/p>\n<figure class=\"wp-block-pullquote has-black-color has-text-color has-link-color wp-elements-9ca83f385abb0a4373155f2b494e058e\">\n<blockquote><p><span style=\"font-size: 14pt;\">\u201cCreo que seguridad p\u00fablica del Estado y Federal tienen que abocarse a recorrer esos municipios y esa zona (sur) para darle tranquilidad a la ciudadan\u00eda. Es importante que se empaten para darle tranquilidad a los pueblos del sur y del norte tambi\u00e9n\u201d.<\/span><\/p><\/blockquote>\n<\/figure>\n<p><span style=\"font-size: 14pt;\">Vicente Aguilar recalc\u00f3 que las fuerzas de seguridad tienen que operar con unidad e inteligencia.<\/span><\/p>\n<figure class=\"wp-block-pullquote has-black-color has-text-color has-link-color wp-elements-78cf3406a97fa2272d3dea98f4f8536e\">\n<blockquote><p><span style=\"font-size: 14pt;\">\u201cS\u00ed se tienen que cuidar este tipo de actos y si podr\u00edan llegar a afectar si no se atienden a tiempo y solamente con el empate de las tres instancias de seguridad podr\u00edamos estar tranquilos\u201d.<\/span><\/p><\/blockquote>\n<\/figure>\n<p><span style=\"font-size: 14pt;\">Para concluir, dijo que los integrantes de su partido est\u00e1n recorriendo el estado y lo hacen en tranquilidad y es as\u00ed como deber\u00eda encontrarse toda la ciudadan\u00eda.<\/span><\/p>\n<\/div>\n","protected":false},"excerpt":{"rendered":"<p>El Partido del Trabajo (PT) recalc\u00f3 que incidencias de inseguridad como los ocurridos en San Juan Evangelista y Acayucan no<\/p>\n","protected":false},"author":4,"featured_media":31304,"comment_status":"closed","ping_status":"closed","sticky":false,"template":"","format":"standard","meta":{"colormag_page_container_layout":"default_layout","colormag_page_sidebar_layout":"default_layout","_jetpack_memberships_contains_paid_content":false,"footnotes":"","jetpack_publicize_message":"","jetpack_publicize_feature_enabled":true,"jetpack_social_post_already_shared":false,"jetpack_social_options":{"image_generator_settings":{"template":"highway","default_image_id":0,"font":"","enabled":false},"version":2}},"categories":[30],"tags":[],"class_list":["post-31303","post","type-post","status-publish","format-standard","has-post-thumbnail","hentry","category-estados"],"jetpack_publicize_connections":[],"jetpack_featured_media_url":"https:\/\/i0.wp.com\/politicosaldesnudo.com.mx\/wp-content\/uploads\/2024\/02\/Photo_1657056544354-1024x684-1.jpg?fit=1024%2C684&ssl=1","jetpack-related-posts":[],"jetpack_sharing_enabled":true,"_links":{"self":[{"href":"https:\/\/politicosaldesnudo.com.mx\/index.php\/wp-json\/wp\/v2\/posts\/31303","targetHints":{"allow":["GET"]}}],"collection":[{"href":"https:\/\/politicosaldesnudo.com.mx\/index.php\/wp-json\/wp\/v2\/posts"}],"about":[{"href":"https:\/\/politicosaldesnudo.com.mx\/index.php\/wp-json\/wp\/v2\/types\/post"}],"author":[{"embeddable":true,"href":"https:\/\/politicosaldesnudo.com.mx\/index.php\/wp-json\/wp\/v2\/users\/4"}],"replies":[{"embeddable":true,"href":"https:\/\/politicosaldesnudo.com.mx\/index.php\/wp-json\/wp\/v2\/comments?post=31303"}],"version-history":[{"count":0,"href":"https:\/\/politicosaldesnudo.com.mx\/index.php\/wp-json\/wp\/v2\/posts\/31303\/revisions"}],"wp:featuredmedia":[{"embeddable":true,"href":"https:\/\/politicosaldesnudo.com.mx\/index.php\/wp-json\/wp\/v2\/media\/31304"}],"wp:attachment":[{"href":"https:\/\/politicosaldesnudo.com.mx\/index.php\/wp-json\/wp\/v2\/media?parent=31303"}],"wp:term":[{"taxonomy":"category","embeddable":true,"href":"https:\/\/politicosaldesnudo.com.mx\/index.php\/wp-json\/wp\/v2\/categories?post=31303"},{"taxonomy":"post_tag","embeddable":true,"href":"https:\/\/politicosaldesnudo.com.mx\/index.php\/wp-json\/wp\/v2\/tags?post=31303"}],"curies":[{"name":"wp","href":"https:\/\/api.w.org\/{rel}","templated":true}]}}