{"id":31330,"date":"2024-02-15T09:53:34","date_gmt":"2024-02-15T15:53:34","guid":{"rendered":"https:\/\/politicosaldesnudo.com.mx\/?p=31330"},"modified":"2024-02-15T09:53:34","modified_gmt":"2024-02-15T15:53:34","slug":"vw-revisa-actividades-en-china-por-presuntos-trabajos-forzados","status":"publish","type":"post","link":"https:\/\/politicosaldesnudo.com.mx\/index.php\/2024\/02\/15\/vw-revisa-actividades-en-china-por-presuntos-trabajos-forzados\/","title":{"rendered":"VW revisa actividades en China por presuntos trabajos forzados"},"content":{"rendered":"<p><span style=\"font-size: 14pt;\">Volkswagen est\u00e1 en conversaciones con su socio en una empresa conjunta en China sobre su presencia en Xinjiang, dijo el mi\u00e9rcoles despu\u00e9s de que un peri\u00f3dico alem\u00e1n informara de lo que dijo eran pruebas de la participaci\u00f3n del fabricante de autom\u00f3viles en trabajos forzados.<\/span><\/p>\n<p><span style=\"font-size: 14pt;\">El asunto aumenta la presi\u00f3n sobre la mayor empresa alemana para que reconsidere sus lazos con China, concretamente en la regi\u00f3n de Xinjiang, donde grupos de defensa de los derechos humanos han documentado abusos, como trabajos forzados en campos de detenci\u00f3n.<\/span><\/p>\n<p><span style=\"font-size: 14pt;\">El informe del peri\u00f3dico econ\u00f3mico Handelsblatt afirma que el investigador independiente Adrian Zenz encontr\u00f3 pruebas del uso de trabajos forzados en la construcci\u00f3n de una pista de pruebas en Turf\u00e1n (Xinjiang), explotada por una filial de la empresa conjunta de SAIC y Volkswagen.<\/span><\/p>\n<p><span style=\"font-size: 14pt;\">\u201cVolkswagen mantiene actualmente conversaciones con la empresa conjunta no controlada SAIC-Volkswagen sobre la futura direcci\u00f3n de las actividades empresariales en la provincia de Xinjiang. Se est\u00e1n considerando intensamente diferentes escenarios\u201d, se\u00f1al\u00f3 un portavoz cuando se le pregunt\u00f3 por el informe.<\/span><\/p>\n<p><span style=\"font-size: 14pt;\">SAIC no respondi\u00f3 de inmediato a una solicitud de Reuters para hacer comentarios.<\/span><\/p>\n<p><span style=\"font-size: 14pt;\">Grupos de derechos humanos han documentado que la minor\u00eda \u00e9tnica uigur es sometida a trabajos forzados en campos de detenci\u00f3n de la regi\u00f3n. Pek\u00edn niega tales abusos.<\/span><\/p>\n<p><span style=\"font-size: 14pt;\">Zenz dijo en un correo electr\u00f3nico a Reuters que hab\u00eda encontrado fotos y declaraciones en internet, incluso en el sitio web de una empresa de ingenier\u00eda contratada por Volkswagen y SAIC en Xinjiang, que indicaban que se hab\u00eda empleado a uigures para construir la pista de pruebas en el marco de programas de mitigaci\u00f3n de la pobreza que, seg\u00fan expertos de la ONU, a menudo implican trabajos forzados.<\/span><\/p>\n<p><span style=\"font-size: 14pt;\">Volkswagen dijo a Reuters que no ten\u00eda conocimiento de que se hubieran producido violaciones de los derechos humanos en la pista de pruebas, que se construy\u00f3 junto con el centro de Urumqi, propiedad conjunta de los fabricantes de autom\u00f3viles.<\/span><\/p>\n<p><span style=\"font-size: 14pt;\">A la pregunta de por qu\u00e9 no se audit\u00f3 la pista de pruebas junto con la de Urumqi el a\u00f1o pasado, la compa\u00f1\u00eda se\u00f1al\u00f3 que no habr\u00eda sido posible porque las dos instalaciones pertenec\u00edan a empresas operativas diferentes. No dio el nombre de las empresas.<\/span><\/p>\n","protected":false},"excerpt":{"rendered":"<p>Volkswagen est\u00e1 en conversaciones con su socio en una empresa conjunta en China sobre su presencia en Xinjiang, dijo el<\/p>\n","protected":false},"author":4,"featured_media":31331,"comment_status":"closed","ping_status":"closed","sticky":false,"template":"","format":"standard","meta":{"colormag_page_container_layout":"default_layout","colormag_page_sidebar_layout":"default_layout","_jetpack_memberships_contains_paid_content":false,"footnotes":"","jetpack_publicize_message":"","jetpack_publicize_feature_enabled":true,"jetpack_social_post_already_shared":false,"jetpack_social_options":{"image_generator_settings":{"template":"highway","default_image_id":0,"font":"","enabled":false},"version":2}},"categories":[2050],"tags":[],"class_list":["post-31330","post","type-post","status-publish","format-standard","has-post-thumbnail","hentry","category-economia"],"jetpack_publicize_connections":[],"jetpack_featured_media_url":"https:\/\/i0.wp.com\/politicosaldesnudo.com.mx\/wp-content\/uploads\/2024\/02\/vw-revisa-actividades-en-china-por-presuntos-trabajos-forzados-1844html-volkswagenjpg-9967html-f18104b8-fa62-4e20-9f0e-be5798387d39.jpg?fit=1024%2C633&ssl=1","jetpack-related-posts":[],"jetpack_sharing_enabled":true,"_links":{"self":[{"href":"https:\/\/politicosaldesnudo.com.mx\/index.php\/wp-json\/wp\/v2\/posts\/31330","targetHints":{"allow":["GET"]}}],"collection":[{"href":"https:\/\/politicosaldesnudo.com.mx\/index.php\/wp-json\/wp\/v2\/posts"}],"about":[{"href":"https:\/\/politicosaldesnudo.com.mx\/index.php\/wp-json\/wp\/v2\/types\/post"}],"author":[{"embeddable":true,"href":"https:\/\/politicosaldesnudo.com.mx\/index.php\/wp-json\/wp\/v2\/users\/4"}],"replies":[{"embeddable":true,"href":"https:\/\/politicosaldesnudo.com.mx\/index.php\/wp-json\/wp\/v2\/comments?post=31330"}],"version-history":[{"count":0,"href":"https:\/\/politicosaldesnudo.com.mx\/index.php\/wp-json\/wp\/v2\/posts\/31330\/revisions"}],"wp:featuredmedia":[{"embeddable":true,"href":"https:\/\/politicosaldesnudo.com.mx\/index.php\/wp-json\/wp\/v2\/media\/31331"}],"wp:attachment":[{"href":"https:\/\/politicosaldesnudo.com.mx\/index.php\/wp-json\/wp\/v2\/media?parent=31330"}],"wp:term":[{"taxonomy":"category","embeddable":true,"href":"https:\/\/politicosaldesnudo.com.mx\/index.php\/wp-json\/wp\/v2\/categories?post=31330"},{"taxonomy":"post_tag","embeddable":true,"href":"https:\/\/politicosaldesnudo.com.mx\/index.php\/wp-json\/wp\/v2\/tags?post=31330"}],"curies":[{"name":"wp","href":"https:\/\/api.w.org\/{rel}","templated":true}]}}