{"id":31347,"date":"2024-02-15T10:09:17","date_gmt":"2024-02-15T16:09:17","guid":{"rendered":"https:\/\/politicosaldesnudo.com.mx\/?p=31347"},"modified":"2024-02-15T10:09:17","modified_gmt":"2024-02-15T16:09:17","slug":"juicio-a-trump-por-pagos-a-cambio-de-silencio-comenzara-el-25-de-marzo","status":"publish","type":"post","link":"https:\/\/politicosaldesnudo.com.mx\/index.php\/2024\/02\/15\/juicio-a-trump-por-pagos-a-cambio-de-silencio-comenzara-el-25-de-marzo\/","title":{"rendered":"Juicio a Trump por pagos a cambio de silencio comenzar\u00e1 el 25 de marzo"},"content":{"rendered":"<p><span style=\"font-size: 14pt;\">El juicio al ex presidente Donald Trump por acusaciones de pagos a cambio de silencio empezar\u00e1 el 25 de marzo tal como estaba previsto con la selecci\u00f3n del jurado, fall\u00f3 este jueves el juez.<\/span><\/p>\n<p><span style=\"font-size: 14pt;\">El juez Juan Manuel Merchan dijo que tom\u00f3 la decisi\u00f3n tras hablar con el juez en el ya postergado juicio a Trump por interferencia electoral en Washington.<\/span><\/p>\n","protected":false},"excerpt":{"rendered":"<p>El juicio al ex presidente Donald Trump por acusaciones de pagos a cambio de silencio empezar\u00e1 el 25 de marzo<\/p>\n","protected":false},"author":4,"featured_media":31348,"comment_status":"closed","ping_status":"closed","sticky":false,"template":"","format":"standard","meta":{"colormag_page_container_layout":"default_layout","colormag_page_sidebar_layout":"default_layout","_jetpack_memberships_contains_paid_content":false,"footnotes":"","jetpack_publicize_message":"","jetpack_publicize_feature_enabled":true,"jetpack_social_post_already_shared":false,"jetpack_social_options":{"image_generator_settings":{"template":"highway","default_image_id":0,"font":"","enabled":false},"version":2}},"categories":[28],"tags":[],"class_list":["post-31347","post","type-post","status-publish","format-standard","has-post-thumbnail","hentry","category-internacional"],"jetpack_publicize_connections":[],"jetpack_featured_media_url":"https:\/\/i0.wp.com\/politicosaldesnudo.com.mx\/wp-content\/uploads\/2024\/02\/T.jpg?fit=1200%2C800&ssl=1","jetpack-related-posts":[],"jetpack_sharing_enabled":true,"_links":{"self":[{"href":"https:\/\/politicosaldesnudo.com.mx\/index.php\/wp-json\/wp\/v2\/posts\/31347","targetHints":{"allow":["GET"]}}],"collection":[{"href":"https:\/\/politicosaldesnudo.com.mx\/index.php\/wp-json\/wp\/v2\/posts"}],"about":[{"href":"https:\/\/politicosaldesnudo.com.mx\/index.php\/wp-json\/wp\/v2\/types\/post"}],"author":[{"embeddable":true,"href":"https:\/\/politicosaldesnudo.com.mx\/index.php\/wp-json\/wp\/v2\/users\/4"}],"replies":[{"embeddable":true,"href":"https:\/\/politicosaldesnudo.com.mx\/index.php\/wp-json\/wp\/v2\/comments?post=31347"}],"version-history":[{"count":0,"href":"https:\/\/politicosaldesnudo.com.mx\/index.php\/wp-json\/wp\/v2\/posts\/31347\/revisions"}],"wp:featuredmedia":[{"embeddable":true,"href":"https:\/\/politicosaldesnudo.com.mx\/index.php\/wp-json\/wp\/v2\/media\/31348"}],"wp:attachment":[{"href":"https:\/\/politicosaldesnudo.com.mx\/index.php\/wp-json\/wp\/v2\/media?parent=31347"}],"wp:term":[{"taxonomy":"category","embeddable":true,"href":"https:\/\/politicosaldesnudo.com.mx\/index.php\/wp-json\/wp\/v2\/categories?post=31347"},{"taxonomy":"post_tag","embeddable":true,"href":"https:\/\/politicosaldesnudo.com.mx\/index.php\/wp-json\/wp\/v2\/tags?post=31347"}],"curies":[{"name":"wp","href":"https:\/\/api.w.org\/{rel}","templated":true}]}}