{"id":31363,"date":"2024-02-15T21:55:51","date_gmt":"2024-02-16T03:55:51","guid":{"rendered":"https:\/\/politicosaldesnudo.com.mx\/?p=31363"},"modified":"2024-02-15T21:55:51","modified_gmt":"2024-02-16T03:55:51","slug":"veracruz-lo-que-no-han-sabido-informar","status":"publish","type":"post","link":"https:\/\/politicosaldesnudo.com.mx\/index.php\/2024\/02\/15\/veracruz-lo-que-no-han-sabido-informar\/","title":{"rendered":"Veracruz: lo que no han sabido informar"},"content":{"rendered":"<p><span style=\"font-size: 14pt;\"><strong>Por: Luis Ram\u00edrez Baqueiro<\/strong><\/span><\/p>\n<p><span style=\"font-size: 14pt;\"><em>\u201cCometer un error y no corregirlo es otro error.\u201d \u2013 Confucio.<\/em><\/span><\/p>\n<p><span style=\"font-size: 14pt;\"><strong>\u00a0<\/strong><strong>Es inminente que en Veracruz existe una grave crisis de gobernabilidad resultado de la falta de capacidad del Gobierno del Estado por saber comunicar como es debido a la poblaci\u00f3n.<\/strong><\/span><\/p>\n<p><span style=\"font-size: 14pt;\"><strong>Los lamentables hechos, que se agravan con declaraciones sin ton ni son emanadas desde el mismo p\u00falpito gubernamental ahondan m\u00e1s la problem\u00e1tica.<\/strong><\/span><\/p>\n<p><span style=\"font-size: 14pt;\"><strong>No se puede, ni se debe estar ciego para observar que aun cuando lastimosamente ocurren hechos delictivos de todos los fueros, como en cualquier otro punto del pa\u00eds, algunas acciones en su contra han venido dando resultados.<\/strong><\/span><\/p>\n<p><span style=\"font-size: 14pt;\"><strong>Quiz\u00e1 estos no sean los m\u00e1s \u00f3ptimos, pero finalmente evidencian un min\u00fasculo avance, pero sobre todo la voluntad de atender problem\u00e1ticas que parecieran estar ajenas a las prioridades gubernamentales.<\/strong><\/span><\/p>\n<p><span style=\"font-size: 14pt;\"><strong>Recientemente el gobernador Cuitl\u00e1huac Garc\u00eda Jim\u00e9nez ha informado a trav\u00e9s de sus redes oficiales una gr\u00e1fica en la que se exhiben los resultados de la incidencia delictiva comparada con otras entidades gobernadas por la oposici\u00f3n.<\/strong><\/span><\/p>\n<p><span style=\"font-size: 14pt;\"><strong>Esa, que en su papel de antag\u00f3nico permanente cr\u00edtica toda acci\u00f3n de gobierno, sea esta positiva o no.<\/strong><\/span><\/p>\n<p><span style=\"font-size: 14pt;\"><strong>En un escueto mensaje en su red social \u201cX\u201d antes Twitter, Garc\u00eda Jim\u00e9nez apunta: \u201cComo regularmente lo hacemos cada semana, los martes damos seguimiento al reporte comparativo de delitos de alto impacto como el homicidio doloso.\u201d <a href=\"https:\/\/twitter.com\/CuitlahuacGJ\/status\/1757435517505814831\">https:\/\/twitter.com\/CuitlahuacGJ\/status\/1757435517505814831<\/a><\/strong><\/span><\/p>\n<p><span style=\"font-size: 14pt;\"><strong>En el reporte anexo a dicha publicaci\u00f3n, el mandatario veracruzano compara con una temporalidad de d\u00edas los resultados de homicidios dolosos en al menos cuatro entidades.<\/strong><\/span><\/p>\n<p><span style=\"font-size: 14pt;\"><strong>As\u00ed Chihuahua, Guanajuato, Jalisco y Veracruz cruzan resultados del martes 6 de febrero al lunes 12 de febrero.<\/strong><\/span><\/p>\n<p><span style=\"font-size: 14pt;\"><strong>Se hace evidente, que las cifras en estados no gobernados por Morena, tiende a tener una mayor incidencia en cuanto al registro de este delito.<\/strong><\/span><\/p>\n<p><span style=\"font-size: 14pt;\"><strong>Por ejemplo, Chihuahua gobernado por el PAN acumula 34 homicidios dolosos en este periodo de 7 d\u00edas, alcanzando un porcentaje por cada 100 mil habitantes de 0.87 homicidios.<\/strong><\/span><\/p>\n<p><span style=\"font-size: 14pt;\"><strong>En Guanajuato tambi\u00e9n gobernador por Acci\u00f3n Nacional se acumulan en tan solo 7 d\u00edas 72 homicidios dolosos, lo que representa un porcentaje por cada 100 mil habitantes de 1.13 homicidios.<\/strong><\/span><\/p>\n<p><span style=\"font-size: 14pt;\"><strong>Por su parte en Jalisco, gobernador por Movimiento Ciudadano (MC) es muy similar a la de Chihuahua, con 32 homicidios en el mismo periodo, lo que les arroja un porcentaje de 0.37 por cada 100 mil habitantes.<\/strong><\/span><\/p>\n<p><span style=\"font-size: 14pt;\"><strong>Y finalmente Veracruz, que registra en el mismo periodo solo 8 homicidios dolosos en el mismo periodo, con un porcentaje de 0.09 por cada 100 mil habitantes.<\/strong><\/span><\/p>\n<p><span style=\"font-size: 14pt;\"><strong>Yo no s\u00e9 si a usted le represente algo las cifras antes confrontadas, pero lo cierto es que la matem\u00e1tica no miente, y el resultado es consecuencia de las acciones de seguridad para intentar disminuir los delitos en la entidad, y aun cuando algunos no les guste, la realidad es que la pr\u00e1ctica de la misma arroja estos resultados.<\/strong><\/span><\/p>\n<p><span style=\"font-size: 14pt;\"><strong>Ahora bien, es importante destacar, que, as\u00ed como se critica, tambi\u00e9n se debe se\u00f1alar lo que se hace o emprende en favor de los veracruzanos, esperemos que las acciones ejecutadas tengan mejores formas de divulgaci\u00f3n, pues es indispensable entender, que comunicar es gobernar, y si no comunicamos asertivamente, no sabes gobernar.<\/strong><\/span><\/p>\n<p><span style=\"font-size: 14pt;\"><strong>Por cierto, este mismo martes el mandatario veracruzano acudi\u00f3 a Canc\u00fan, Quintana Roo a un evento de importancia con sus pares de la regi\u00f3n sur-sureste de la Conferencia Nacional de Gobernadores (Conago), en donde se firmaron acuerdos y en donde se reunieron con el embajador de Estados Unidos, Ken Salazar y del cual muy poca difusi\u00f3n se dio.<\/strong><\/span><\/p>\n<p><span style=\"font-size: 14pt;\"><strong>Muchos nos enteramos gracias a las redes sociales del mandatario, que dieron cuenta de tan importante encuentro, pero que fue poco difundido a trav\u00e9s de los canales institucionales para ello.<\/strong><\/span><\/p>\n<p><span style=\"font-size: 14pt;\"><strong><em>Sextante<\/em><\/strong><\/span><\/p>\n<p><span style=\"font-size: 14pt;\"><strong>Como en las Term\u00f3pilas, el Le\u00f3nidas de Morena, Mario Delgado Carrillo dio a conocer la lista de sus 300 a las diputaciones federales, en este selecto grupo de personajes quedar\u00e1n fuera legisladores nalga que solo han manchado la imagen del presidente Andr\u00e9s Manuel L\u00f3pez Obrador, por improductivos e ineficientes.<\/strong><\/span><\/p>\n<p><span style=\"font-size: 14pt;\"><strong>As\u00ed por lo pronto en Veracruz, no veremos m\u00e1s los nombres de personajes como Rafael Hern\u00e1ndez Villalpando quien no tuvo desparpajo para no aparecer por su distrito, ni a saludar a quienes votaron por \u00e9l, pero bien que se chingo la dieta que recibi\u00f3 a lo largo de los \u00faltimos 6 a\u00f1os.<\/strong><\/span><\/p>\n<p><span style=\"font-size: 14pt;\"><strong>En el listado se confirma la llegada a San L\u00e1zaro de Zenyanzen Escobar Garc\u00eda, quien ser\u00eda el legislador veracruzano que encabezar\u00eda la nueva bancada veracruzana en representaci\u00f3n de Roc\u00edo Nahle Garc\u00eda. Repetir\u00e1n como legisladores, Jaime Humberto P\u00e9rez Bernab\u00e9, personaje cercano a Mario Delgado y a Manuel Huerta Ladr\u00f3n de Guevara. Entre otros.<\/strong><\/span><\/p>\n<p><span style=\"font-size: 14pt;\"><strong>\u00a0<\/strong><strong>Al <\/strong><strong>tiempo.<\/strong><\/span><\/p>\n<p><img data-recalc-dims=\"1\" loading=\"lazy\" decoding=\"async\" class=\"aligncenter size-full wp-image-31006\" src=\"https:\/\/i0.wp.com\/politicosaldesnudo.com.mx\/wp-content\/uploads\/2024\/02\/FIRMA-EDITORIAL-PD-1.jpg?resize=800%2C98&#038;ssl=1\" alt=\"\" width=\"800\" height=\"98\" srcset=\"https:\/\/i0.wp.com\/politicosaldesnudo.com.mx\/wp-content\/uploads\/2024\/02\/FIRMA-EDITORIAL-PD-1.jpg?w=1024&amp;ssl=1 1024w, https:\/\/i0.wp.com\/politicosaldesnudo.com.mx\/wp-content\/uploads\/2024\/02\/FIRMA-EDITORIAL-PD-1.jpg?resize=300%2C37&amp;ssl=1 300w, https:\/\/i0.wp.com\/politicosaldesnudo.com.mx\/wp-content\/uploads\/2024\/02\/FIRMA-EDITORIAL-PD-1.jpg?resize=768%2C94&amp;ssl=1 768w\" sizes=\"auto, (max-width: 800px) 100vw, 800px\" \/><\/p>\n","protected":false},"excerpt":{"rendered":"<p>Por: Luis Ram\u00edrez Baqueiro \u201cCometer un error y no corregirlo es otro error.\u201d \u2013 Confucio. \u00a0Es inminente que en Veracruz<\/p>\n","protected":false},"author":4,"featured_media":4390,"comment_status":"closed","ping_status":"closed","sticky":false,"template":"","format":"standard","meta":{"colormag_page_container_layout":"default_layout","colormag_page_sidebar_layout":"default_layout","_jetpack_memberships_contains_paid_content":false,"footnotes":"","jetpack_publicize_message":"","jetpack_publicize_feature_enabled":true,"jetpack_social_post_already_shared":false,"jetpack_social_options":{"image_generator_settings":{"template":"highway","default_image_id":0,"font":"","enabled":false},"version":2}},"categories":[26],"tags":[],"class_list":["post-31363","post","type-post","status-publish","format-standard","has-post-thumbnail","hentry","category-columnistas"],"jetpack_publicize_connections":[],"jetpack_featured_media_url":"https:\/\/i0.wp.com\/politicosaldesnudo.com.mx\/wp-content\/uploads\/2022\/04\/LUIS-RAMI%CC%81REZ-BAQUEIRO.png?fit=1816%2C1016&ssl=1","jetpack-related-posts":[],"jetpack_sharing_enabled":true,"_links":{"self":[{"href":"https:\/\/politicosaldesnudo.com.mx\/index.php\/wp-json\/wp\/v2\/posts\/31363","targetHints":{"allow":["GET"]}}],"collection":[{"href":"https:\/\/politicosaldesnudo.com.mx\/index.php\/wp-json\/wp\/v2\/posts"}],"about":[{"href":"https:\/\/politicosaldesnudo.com.mx\/index.php\/wp-json\/wp\/v2\/types\/post"}],"author":[{"embeddable":true,"href":"https:\/\/politicosaldesnudo.com.mx\/index.php\/wp-json\/wp\/v2\/users\/4"}],"replies":[{"embeddable":true,"href":"https:\/\/politicosaldesnudo.com.mx\/index.php\/wp-json\/wp\/v2\/comments?post=31363"}],"version-history":[{"count":0,"href":"https:\/\/politicosaldesnudo.com.mx\/index.php\/wp-json\/wp\/v2\/posts\/31363\/revisions"}],"wp:featuredmedia":[{"embeddable":true,"href":"https:\/\/politicosaldesnudo.com.mx\/index.php\/wp-json\/wp\/v2\/media\/4390"}],"wp:attachment":[{"href":"https:\/\/politicosaldesnudo.com.mx\/index.php\/wp-json\/wp\/v2\/media?parent=31363"}],"wp:term":[{"taxonomy":"category","embeddable":true,"href":"https:\/\/politicosaldesnudo.com.mx\/index.php\/wp-json\/wp\/v2\/categories?post=31363"},{"taxonomy":"post_tag","embeddable":true,"href":"https:\/\/politicosaldesnudo.com.mx\/index.php\/wp-json\/wp\/v2\/tags?post=31363"}],"curies":[{"name":"wp","href":"https:\/\/api.w.org\/{rel}","templated":true}]}}