{"id":31366,"date":"2024-02-15T22:00:41","date_gmt":"2024-02-16T04:00:41","guid":{"rendered":"https:\/\/politicosaldesnudo.com.mx\/?p=31366"},"modified":"2024-02-15T22:00:41","modified_gmt":"2024-02-16T04:00:41","slug":"comienza-festival-scriabin-osx-con-la-pianista-ana-gabriela-fernandez","status":"publish","type":"post","link":"https:\/\/politicosaldesnudo.com.mx\/index.php\/2024\/02\/15\/comienza-festival-scriabin-osx-con-la-pianista-ana-gabriela-fernandez\/","title":{"rendered":"Comienza Festival Scriabin OSX con la pianista Ana Gabriela Fern\u00e1ndez"},"content":{"rendered":"<ul>\n<li><span style=\"font-size: 14pt;\"><strong>\u201cFractalis para piano\u201d de Ortiz y \u201cSalom\u00e9\u201d de Bonis; estrenos en Xalapa<\/strong><\/span><\/li>\n<li><span style=\"font-size: 14pt;\"><strong>Zoi Tsokanou, directora invitada\u00a0<\/strong> <\/span><\/li>\n<\/ul>\n<p>&nbsp;<\/p>\n<p><span style=\"font-size: 14pt;\">La Orquesta Sinf\u00f3nica de Xalapa de la Universidad Veracruzana da inicio al <em>Festival Scriabin<\/em> desde Tlaqn\u00e1, Centro Cultural, con un emocionante programa de cuatro obras que incluye su famoso \u201cPoema del \u00e9xtasis\u201d. Adem\u00e1s, \u201cCantos F\u00fanebres\u201d de Stravinsky, y por primera vez en Xalapa: \u201cFractalis para piano y orquesta\u201d de Gabriela Ortiz, y \u201cSalom\u00e9\u201d de Mel Bonis.<\/span><\/p>\n<p><span style=\"font-size: 14pt;\">Con la participaci\u00f3n de Ana Gabriela Fern\u00e1ndez, pianista. Bajo la direcci\u00f3n de Zoi Tsokanou, directora invitada.<\/span><\/p>\n<p><span style=\"font-size: 14pt;\">Este concierto se realizar\u00e1 el viernes 16 de febrero a las 20:00 hrs.<\/span><\/p>\n<p><span style=\"font-size: 14pt;\">La Dra. Mar\u00eda de Jes\u00fas Cuevas, del Centro de Iniciaci\u00f3n Musical Infantil (CIMI); escribi\u00f3 las notas al programa para este concierto. Sobre la primera obra, \u201cSalom\u00e9\u201d de Mel Bonis, comenta: \u00ab M\u00e9lanie H\u00e9l\u00e8ne Bonis (1858-1937) fue una compositora francesa con una producci\u00f3n musical inaudita.\u00a0 Entre sus obras de m\u00fasica orquestal encontramos \u201cSalom\u00e9\u201d, originalmente escrita para piano alrededor de 1909 e inspirada en el personaje b\u00edblico que aparece en los evangelios de Mateo, Marcos y Lucas; es la hija de la reina Herod\u00edas, que consigue la cabeza de Juan el Bautista tras seducir al rey Herodes bailando frente a \u00e9l\u00bb.<\/span><br \/>\n<span style=\"font-size: 14pt;\">De \u201cFractalis para piano\u201d destaca: \u00abEste concierto fue escrito durante la pandemia del 2019 y estrenado en el 2022. Surge de la reflexi\u00f3n sobre la naturaleza, el cambio clim\u00e1tico y lo que vivi\u00f3 Gabriela Ortiz (1964) en ese tiempo de confinamiento de la humanidad\u00bb. Sobre \u201cCanto F\u00fanebre\u201d de Stravinsky a\u00f1ade: \u00abCanto f\u00fanebre es una obra escrita en uno de los momentos m\u00e1s dif\u00edciles de la vida de Stravinsky: la muerte de su querido maestro Rimsky-Korsakov en 1908. A lo largo de ella el tema principal es presentado por los instrumentos de la orquesta, que simulan desfilar frente a la tumba de su maestro\u00bb.<\/span><\/p>\n<p><img data-recalc-dims=\"1\" loading=\"lazy\" decoding=\"async\" class=\"aligncenter size-large wp-image-31368\" src=\"https:\/\/i0.wp.com\/politicosaldesnudo.com.mx\/wp-content\/uploads\/2024\/02\/Ana-Gabriela-Fernandez-1024x683.jpeg?resize=800%2C534&#038;ssl=1\" alt=\"\" width=\"800\" height=\"534\" srcset=\"https:\/\/i0.wp.com\/politicosaldesnudo.com.mx\/wp-content\/uploads\/2024\/02\/Ana-Gabriela-Fernandez-scaled.jpeg?resize=1024%2C683&amp;ssl=1 1024w, https:\/\/i0.wp.com\/politicosaldesnudo.com.mx\/wp-content\/uploads\/2024\/02\/Ana-Gabriela-Fernandez-scaled.jpeg?resize=300%2C200&amp;ssl=1 300w, https:\/\/i0.wp.com\/politicosaldesnudo.com.mx\/wp-content\/uploads\/2024\/02\/Ana-Gabriela-Fernandez-scaled.jpeg?resize=768%2C512&amp;ssl=1 768w, https:\/\/i0.wp.com\/politicosaldesnudo.com.mx\/wp-content\/uploads\/2024\/02\/Ana-Gabriela-Fernandez-scaled.jpeg?resize=1536%2C1024&amp;ssl=1 1536w, https:\/\/i0.wp.com\/politicosaldesnudo.com.mx\/wp-content\/uploads\/2024\/02\/Ana-Gabriela-Fernandez-scaled.jpeg?resize=2048%2C1365&amp;ssl=1 2048w, https:\/\/i0.wp.com\/politicosaldesnudo.com.mx\/wp-content\/uploads\/2024\/02\/Ana-Gabriela-Fernandez-scaled.jpeg?w=1600&amp;ssl=1 1600w, https:\/\/i0.wp.com\/politicosaldesnudo.com.mx\/wp-content\/uploads\/2024\/02\/Ana-Gabriela-Fernandez-scaled.jpeg?w=2400&amp;ssl=1 2400w\" sizes=\"auto, (max-width: 800px) 100vw, 800px\" \/><\/p>\n<p><span style=\"font-size: 14pt;\">Para finalizar, sobre el \u201cPoema del \u00c9xtasis\u201d resalt\u00f3 que: El primer m\u00fasico ruso que influy\u00f3 en el desarrollo del pensamiento creador musical del siglo xx fue Alexander Scriabin (1872-1915). El poema del \u00e9xtasis, terminado en 1907, es una de sus \u00faltimas obras, lo que indica que ya hab\u00eda alcanzado su madurez como compositor. Lo inici\u00f3 en 1904 como un poema escrito, donde el \u00e9xtasis es entendido como un tipo de absoluta consciencia, apertura total, iluminaci\u00f3n y dicha.<\/span><\/p>\n<p><span style=\"font-size: 14pt;\">Ana Gabriela Fern\u00e1ndez (Cuba-M\u00e9xico 1990), pianista invitada, es doctora con menci\u00f3n honor\u00edfica por la UNAM. Ha tomado clases magistrales con Evelyne Brancart, Andr\u00e9 Watts, Lilya Zilberstein, Andr\u00e9 Laplante, y Dang Thai Son.<\/span><\/p>\n<p><span style=\"font-size: 14pt;\">Se ha presentado junto a la Orquesta Juvenil Universitaria Eduardo Mata, la Sinf\u00f3nica de Aguascalientes, la Filarm\u00f3nica de la Ciudad de M\u00e9xico, la Sinf\u00f3nica Nacional, la Sinf\u00f3nica del Estado de M\u00e9xico, la Filarm\u00f3nica de la UNAM y la Sinf\u00f3nica de Miner\u00eda, as\u00ed como en los ensambles \u00d3nix y Tambuco. Ha interpretado en Cuba, M\u00e9xico, Estados Unidos y Canad\u00e1.<\/span><\/p>\n<figure id=\"attachment_31367\" aria-describedby=\"caption-attachment-31367\" style=\"width: 680px\" class=\"wp-caption aligncenter\"><img data-recalc-dims=\"1\" loading=\"lazy\" decoding=\"async\" class=\"size-large wp-image-31367\" src=\"https:\/\/i0.wp.com\/politicosaldesnudo.com.mx\/wp-content\/uploads\/2024\/02\/Ana-Gabriela-Fernandez-2-680x1024.jpeg?resize=680%2C1024&#038;ssl=1\" alt=\"\" width=\"680\" height=\"1024\" srcset=\"https:\/\/i0.wp.com\/politicosaldesnudo.com.mx\/wp-content\/uploads\/2024\/02\/Ana-Gabriela-Fernandez-2-scaled.jpeg?resize=680%2C1024&amp;ssl=1 680w, https:\/\/i0.wp.com\/politicosaldesnudo.com.mx\/wp-content\/uploads\/2024\/02\/Ana-Gabriela-Fernandez-2-scaled.jpeg?resize=199%2C300&amp;ssl=1 199w, https:\/\/i0.wp.com\/politicosaldesnudo.com.mx\/wp-content\/uploads\/2024\/02\/Ana-Gabriela-Fernandez-2-scaled.jpeg?resize=768%2C1156&amp;ssl=1 768w, https:\/\/i0.wp.com\/politicosaldesnudo.com.mx\/wp-content\/uploads\/2024\/02\/Ana-Gabriela-Fernandez-2-scaled.jpeg?resize=1021%2C1536&amp;ssl=1 1021w, https:\/\/i0.wp.com\/politicosaldesnudo.com.mx\/wp-content\/uploads\/2024\/02\/Ana-Gabriela-Fernandez-2-scaled.jpeg?resize=1361%2C2048&amp;ssl=1 1361w, https:\/\/i0.wp.com\/politicosaldesnudo.com.mx\/wp-content\/uploads\/2024\/02\/Ana-Gabriela-Fernandez-2-scaled.jpeg?w=1701&amp;ssl=1 1701w, https:\/\/i0.wp.com\/politicosaldesnudo.com.mx\/wp-content\/uploads\/2024\/02\/Ana-Gabriela-Fernandez-2-scaled.jpeg?w=1600&amp;ssl=1 1600w\" sizes=\"auto, (max-width: 680px) 100vw, 680px\" \/><figcaption id=\"caption-attachment-31367\" class=\"wp-caption-text\">SONY DSC<\/figcaption><\/figure>\n<p><span style=\"font-size: 14pt;\">Zoi Tsokanou, directora invitada, naci\u00f3 en Tesal\u00f3nica, Grecia; donde se gradu\u00f3 como pianista y music\u00f3loga. Estudi\u00f3 piano con Konstantin Scherbakov y direcci\u00f3n de orquesta con Johannes Schlaefli en Zurich. Es la primera mujer en la historia en dirigir una importante orquesta griega. De 2017 a 2023 fungi\u00f3 como directora principal y directora art\u00edstica de la Orquesta Sinf\u00f3nica del Estado de Tesal\u00f3nica.<\/span><\/p>\n<p><span style=\"font-size: 14pt;\">Asiste a la Charla de Concierto OSX realizada desde la Sala Did\u00e1ctica de Tlaqn\u00e1, Centro Cultural los viernes de concierto, a las 19:00 hrs. La cual contar\u00e1 este viernes con la Mtra. Miriam Laura V\u00e1zquez, Facultad de M\u00fasica UV.<\/span><br \/>\n<span style=\"font-size: 14pt;\">Puedes comprar tus boletos en l\u00ednea en www.orquestasinfonicadexalapa.com, Tienda UV, Tienda UV Museo de Antropolog\u00eda y Taquilla Tlaqn\u00e1.Correo electr\u00f3nico: mercadotecnia.osx@gmail.com.<\/span><\/p>\n","protected":false},"excerpt":{"rendered":"<p>\u201cFractalis para piano\u201d de Ortiz y \u201cSalom\u00e9\u201d de Bonis; estrenos en Xalapa Zoi Tsokanou, directora invitada\u00a0 &nbsp; La Orquesta Sinf\u00f3nica<\/p>\n","protected":false},"author":4,"featured_media":31369,"comment_status":"closed","ping_status":"closed","sticky":false,"template":"","format":"standard","meta":{"colormag_page_container_layout":"default_layout","colormag_page_sidebar_layout":"default_layout","_jetpack_memberships_contains_paid_content":false,"footnotes":"","jetpack_publicize_message":"","jetpack_publicize_feature_enabled":true,"jetpack_social_post_already_shared":false,"jetpack_social_options":{"image_generator_settings":{"template":"highway","default_image_id":0,"font":"","enabled":false},"version":2}},"categories":[474,30],"tags":[],"class_list":["post-31366","post","type-post","status-publish","format-standard","has-post-thumbnail","hentry","category-cultura","category-estados"],"jetpack_publicize_connections":[],"jetpack_featured_media_url":"https:\/\/i0.wp.com\/politicosaldesnudo.com.mx\/wp-content\/uploads\/2024\/02\/Ensayo-95865-scaled.jpg?fit=2560%2C1920&ssl=1","jetpack-related-posts":[],"jetpack_sharing_enabled":true,"_links":{"self":[{"href":"https:\/\/politicosaldesnudo.com.mx\/index.php\/wp-json\/wp\/v2\/posts\/31366","targetHints":{"allow":["GET"]}}],"collection":[{"href":"https:\/\/politicosaldesnudo.com.mx\/index.php\/wp-json\/wp\/v2\/posts"}],"about":[{"href":"https:\/\/politicosaldesnudo.com.mx\/index.php\/wp-json\/wp\/v2\/types\/post"}],"author":[{"embeddable":true,"href":"https:\/\/politicosaldesnudo.com.mx\/index.php\/wp-json\/wp\/v2\/users\/4"}],"replies":[{"embeddable":true,"href":"https:\/\/politicosaldesnudo.com.mx\/index.php\/wp-json\/wp\/v2\/comments?post=31366"}],"version-history":[{"count":0,"href":"https:\/\/politicosaldesnudo.com.mx\/index.php\/wp-json\/wp\/v2\/posts\/31366\/revisions"}],"wp:featuredmedia":[{"embeddable":true,"href":"https:\/\/politicosaldesnudo.com.mx\/index.php\/wp-json\/wp\/v2\/media\/31369"}],"wp:attachment":[{"href":"https:\/\/politicosaldesnudo.com.mx\/index.php\/wp-json\/wp\/v2\/media?parent=31366"}],"wp:term":[{"taxonomy":"category","embeddable":true,"href":"https:\/\/politicosaldesnudo.com.mx\/index.php\/wp-json\/wp\/v2\/categories?post=31366"},{"taxonomy":"post_tag","embeddable":true,"href":"https:\/\/politicosaldesnudo.com.mx\/index.php\/wp-json\/wp\/v2\/tags?post=31366"}],"curies":[{"name":"wp","href":"https:\/\/api.w.org\/{rel}","templated":true}]}}