{"id":31371,"date":"2024-02-16T00:08:38","date_gmt":"2024-02-16T06:08:38","guid":{"rendered":"https:\/\/politicosaldesnudo.com.mx\/?p=31371"},"modified":"2024-02-16T00:08:38","modified_gmt":"2024-02-16T06:08:38","slug":"amlo-apoya-a-explotadores-de-cafetaleros","status":"publish","type":"post","link":"https:\/\/politicosaldesnudo.com.mx\/index.php\/2024\/02\/16\/amlo-apoya-a-explotadores-de-cafetaleros\/","title":{"rendered":"AMLO apoya a explotadores de cafetaleros"},"content":{"rendered":"<p style=\"text-align: justify;\"><span style=\"color: #cc99ff;\"><strong><span style=\"font-size: 18pt; font-family: 'Arial', 'sans-serif';\">ALMA GRANDE<\/span><\/strong><\/span><\/p>\n<p style=\"text-align: justify;\"><span style=\"color: #cc99ff;\"><strong><span style=\"font-size: 18pt; font-family: 'Arial', 'sans-serif';\">Por \u00c1ngel \u00c1lvaro Pe\u00f1a<\/span><\/strong><\/span><\/p>\n<p style=\"text-align: justify;\"><strong><span style=\"font-size: 14pt; font-family: 'Arial', 'sans-serif';\">Debieron pasar m\u00e1s de cinco a\u00f1os para que las contradicciones del Presidente se mostraran a flor de piel, cuando en un di\u00e1logo con un periodista, abiertamente defendi\u00f3 a los empresarios cafetaleros de Veracruz, con una postura notoriamente molesta.<\/span><\/strong><\/p>\n<p style=\"text-align: justify;\"><strong><span style=\"font-size: 14pt; font-family: 'Arial', 'sans-serif';\">El periodista le <span style=\"letter-spacing: .1pt;\">habl\u00f3 sobre el caso de cafetaleros acusados de un incendio en Coatepec, Veracruz, quien a\u00f1adi\u00f3 que, tras una reuni\u00f3n en la Secretar\u00eda de Gobernaci\u00f3n, las familias de los detenidos son perseguidos por personal de una empresa cafetalera,<\/span> el incidente ocurri\u00f3 en el contexto de una protesta por los bajos precios del grano el 24 enero de 2022, motivo por el cual un juez orden\u00f3 la aprehensi\u00f3n de doce cafetaleros veracruzanos quienes la empresa acus\u00f3 indebidamente del incendio.<\/span><\/strong><\/p>\n<figure id=\"attachment_31378\" aria-describedby=\"caption-attachment-31378\" style=\"width: 960px\" class=\"wp-caption aligncenter\"><img data-recalc-dims=\"1\" loading=\"lazy\" decoding=\"async\" class=\"wp-image-31378 size-full\" src=\"https:\/\/i0.wp.com\/politicosaldesnudo.com.mx\/wp-content\/uploads\/2024\/02\/Veronica-Hernandez-Giadans.jpg?resize=800%2C499&#038;ssl=1\" alt=\"\" width=\"800\" height=\"499\" srcset=\"https:\/\/i0.wp.com\/politicosaldesnudo.com.mx\/wp-content\/uploads\/2024\/02\/Veronica-Hernandez-Giadans.jpg?w=960&amp;ssl=1 960w, https:\/\/i0.wp.com\/politicosaldesnudo.com.mx\/wp-content\/uploads\/2024\/02\/Veronica-Hernandez-Giadans.jpg?resize=300%2C187&amp;ssl=1 300w, https:\/\/i0.wp.com\/politicosaldesnudo.com.mx\/wp-content\/uploads\/2024\/02\/Veronica-Hernandez-Giadans.jpg?resize=768%2C479&amp;ssl=1 768w\" sizes=\"auto, (max-width: 800px) 100vw, 800px\" \/><figcaption id=\"caption-attachment-31378\" class=\"wp-caption-text\">Ver\u00f3nica Hern\u00e1ndez Giadans<\/figcaption><\/figure>\n<p style=\"text-align: justify;\"><span style=\"font-size: 18pt;\"><strong><span style=\"font-family: 'Arial', 'sans-serif'; letter-spacing: 0.1pt;\">En ese contexto la Fiscal\u00eda General de Justicia del estado de Veracruz, encabezada por Ver\u00f3nica Hern\u00e1ndez Giadans, no quiere recibir pruebas que algunos de los detenidos han presentado para demostrar su inocencia.<\/span><\/strong><\/span><\/p>\n<p style=\"text-align: justify;\"><strong><span style=\"font-size: 14pt; font-family: 'Arial', 'sans-serif'; letter-spacing: 0.1pt;\">\u201cHubo una mesa de reuni\u00f3n en la Secretar\u00eda de Gobernaci\u00f3n. No se ha avanzado, porque hay una resistencia de parte de la empresa\u201d, afirm\u00f3 el periodista en la ma\u00f1anera, responsabilizando al gobierno de estar de parte de los empresarios.<\/span><\/strong><\/p>\n<figure id=\"attachment_31377\" aria-describedby=\"caption-attachment-31377\" style=\"width: 800px\" class=\"wp-caption aligncenter\"><img data-recalc-dims=\"1\" loading=\"lazy\" decoding=\"async\" class=\"wp-image-31377 size-large\" src=\"https:\/\/i0.wp.com\/politicosaldesnudo.com.mx\/wp-content\/uploads\/2024\/02\/Luisa-Maria-Alcalde-1024x683.jpg?resize=800%2C534&#038;ssl=1\" alt=\"\" width=\"800\" height=\"534\" srcset=\"https:\/\/i0.wp.com\/politicosaldesnudo.com.mx\/wp-content\/uploads\/2024\/02\/Luisa-Maria-Alcalde-scaled.jpg?resize=1024%2C683&amp;ssl=1 1024w, https:\/\/i0.wp.com\/politicosaldesnudo.com.mx\/wp-content\/uploads\/2024\/02\/Luisa-Maria-Alcalde-scaled.jpg?resize=300%2C200&amp;ssl=1 300w, https:\/\/i0.wp.com\/politicosaldesnudo.com.mx\/wp-content\/uploads\/2024\/02\/Luisa-Maria-Alcalde-scaled.jpg?resize=768%2C512&amp;ssl=1 768w, https:\/\/i0.wp.com\/politicosaldesnudo.com.mx\/wp-content\/uploads\/2024\/02\/Luisa-Maria-Alcalde-scaled.jpg?resize=1536%2C1024&amp;ssl=1 1536w, https:\/\/i0.wp.com\/politicosaldesnudo.com.mx\/wp-content\/uploads\/2024\/02\/Luisa-Maria-Alcalde-scaled.jpg?resize=2048%2C1365&amp;ssl=1 2048w, https:\/\/i0.wp.com\/politicosaldesnudo.com.mx\/wp-content\/uploads\/2024\/02\/Luisa-Maria-Alcalde-scaled.jpg?w=1600&amp;ssl=1 1600w, https:\/\/i0.wp.com\/politicosaldesnudo.com.mx\/wp-content\/uploads\/2024\/02\/Luisa-Maria-Alcalde-scaled.jpg?w=2400&amp;ssl=1 2400w\" sizes=\"auto, (max-width: 800px) 100vw, 800px\" \/><figcaption id=\"caption-attachment-31377\" class=\"wp-caption-text\">\u00a0Luisa Mar\u00eda Alcalde<\/figcaption><\/figure>\n<p style=\"text-align: justify;\"><strong><span style=\"font-size: 14pt; font-family: 'Arial', 'sans-serif'; letter-spacing: 0.1pt;\">Lo cual encoleriz\u00f3 al Presidente, porque ya hab\u00eda colocado como responsable a la secretaria de Gobernaci\u00f3n, Luisa Mar\u00eda Alcalde, pero en esta r\u00e9plica del periodista ya se implicaba adem\u00e1s a la fiscal de Veracruz, y al propio gobernador, Cuitl\u00e1huac Garc\u00eda Jim\u00e9nez.<\/span><\/strong><\/p>\n<p style=\"text-align: justify;\"><strong><span style=\"font-size: 14pt; font-family: 'Arial', 'sans-serif';\">La postura del periodista fue la de aclarar en plena conferencia matutina, que \u00e9l no miente, sus palabras son producto de la investigaci\u00f3n y tiene evidencias contundentes que respaldan sus palabras.<\/span><\/strong><\/p>\n<figure id=\"attachment_31379\" aria-describedby=\"caption-attachment-31379\" style=\"width: 907px\" class=\"wp-caption aligncenter\"><img data-recalc-dims=\"1\" loading=\"lazy\" decoding=\"async\" class=\"wp-image-31379 size-full\" src=\"https:\/\/i0.wp.com\/politicosaldesnudo.com.mx\/wp-content\/uploads\/2024\/02\/vft.jpg?resize=800%2C529&#038;ssl=1\" alt=\"\" width=\"800\" height=\"529\" srcset=\"https:\/\/i0.wp.com\/politicosaldesnudo.com.mx\/wp-content\/uploads\/2024\/02\/vft.jpg?w=907&amp;ssl=1 907w, https:\/\/i0.wp.com\/politicosaldesnudo.com.mx\/wp-content\/uploads\/2024\/02\/vft.jpg?resize=300%2C198&amp;ssl=1 300w, https:\/\/i0.wp.com\/politicosaldesnudo.com.mx\/wp-content\/uploads\/2024\/02\/vft.jpg?resize=768%2C508&amp;ssl=1 768w\" sizes=\"auto, (max-width: 800px) 100vw, 800px\" \/><figcaption id=\"caption-attachment-31379\" class=\"wp-caption-text\">Viridiana Breton Feito<\/figcaption><\/figure>\n<p style=\"text-align: justify;\"><span style=\"font-size: 18pt;\"><strong><span style=\"font-family: 'Arial', 'sans-serif';\">En este incidente involucraron a la ex alcaldesa de Ixhuatl\u00e1n del Caf\u00e9, <span style=\"font-family: 'Arial', 'sans-serif';\"><a href=\"https:\/\/lasillarota.com\/veracruz\/estado\/2023\/6\/1\/cafetaleros-de-mexico-exigen-liberacion-de-exalcaldesa-productores-en-veracruz-431283.html\" target=\"_blank\" rel=\"noopener\" data-saferedirecturl=\"https:\/\/www.google.com\/url?q=https:\/\/lasillarota.com\/veracruz\/estado\/2023\/6\/1\/cafetaleros-de-mexico-exigen-liberacion-de-exalcaldesa-productores-en-veracruz-431283.html&amp;source=gmail&amp;ust=1708142670454000&amp;usg=AOvVaw1PnCsuIyXMa68bWEAJWQHj\"><span style=\"color: windowtext; text-decoration: none; text-underline: none;\">Viridiana Breton Feito<\/span><\/a>,<\/span> y <span style=\"font-family: 'Arial', 'sans-serif';\">Crisanto Valiente Miram\u00f3n<\/span>, quienes alcanzaron la libertad, luego de permanecer en el penal de Amatl\u00e1n de los Reyes, donde fueron internados desde el 26 de mayo, por el delito de estragos, en agravio de la empresa Agro Industrias Unidas SA de CV, empresa involucrada en la explotaci\u00f3n de los campesinos a trav\u00e9s de los m\u00edseros precios del caf\u00e9.<\/span><\/strong><\/span><\/p>\n<p style=\"text-align: justify;\"><strong><span style=\"font-size: 14pt;\"><span style=\"font-family: 'Arial', 'sans-serif'; background: white;\">Viridiana Bret\u00f3n<\/span><span style=\"font-family: 'Arial', 'sans-serif'; background: white;\"> denunci\u00f3 que pas\u00f3 cuatro meses y 15 d\u00edas\u00a0<span style=\"font-family: 'Arial', 'sans-serif';\">privada de su libertad<\/span>, y sigue el proceso en libertad, a pesar de ser inocente.<\/span><\/span><\/strong><\/p>\n<p style=\"text-align: justify;\"><strong><span style=\"font-size: 14pt; font-family: 'Arial', 'sans-serif';\">Explic\u00f3 que en los 4 meses y medio en el <span style=\"font-family: 'Arial', 'sans-serif';\">penal de Amatl\u00e1n<\/span> de los Reyes conoci\u00f3 a muchas mujeres que por estar en el lugar y la hora equivocada fueron condenadas hasta por 80 a\u00f1os, a pesar de que eran <span style=\"font-family: 'Arial', 'sans-serif';\">inocentes<\/span>, por lo que adelant\u00f3 que les apoyar\u00e1 para revisar sus casos.<\/span><\/strong><\/p>\n<p style=\"text-align: justify;\"><strong><span style=\"font-size: 14pt;\"><span style=\"font-family: 'Arial', 'sans-serif';\">Viridiana \u201cN\u201d<\/span><span style=\"font-family: 'Arial', 'sans-serif';\"> fue se\u00f1alada por el gobernador de Veracruz, <span style=\"font-family: 'Arial', 'sans-serif';\">Cuitl\u00e1huac Garc\u00eda Jim\u00e9nez<\/span>, el pasado 31 de enero de 2022 de haber apoyado a \u201ccoyotes\u201d para incendiar una sucursal de la <span style=\"font-family: 'Arial', 'sans-serif';\">empresa transnacional <\/span>Agro Industrias Unidas SA de CV, debido a la falta de acuerdo. <span style=\"letter-spacing: .1pt;\">La denuncia del reportero continu\u00f3 al afirmar que los familiares han recurrido al Gobierno del Estado y que la respuesta fue \u201cQue se busquen buenos abogados\u201d. Aqu\u00ed el di\u00e1logo se convirti\u00f3 en debate y el tono de voz subi\u00f3.<\/span><\/span><\/span><\/strong><\/p>\n<p><img data-recalc-dims=\"1\" loading=\"lazy\" decoding=\"async\" class=\"aligncenter size-full wp-image-31374\" src=\"https:\/\/i0.wp.com\/politicosaldesnudo.com.mx\/wp-content\/uploads\/2024\/02\/CAFETOS2.jpg?resize=800%2C533&#038;ssl=1\" alt=\"\" width=\"800\" height=\"533\" srcset=\"https:\/\/i0.wp.com\/politicosaldesnudo.com.mx\/wp-content\/uploads\/2024\/02\/CAFETOS2.jpg?w=900&amp;ssl=1 900w, https:\/\/i0.wp.com\/politicosaldesnudo.com.mx\/wp-content\/uploads\/2024\/02\/CAFETOS2.jpg?resize=300%2C200&amp;ssl=1 300w, https:\/\/i0.wp.com\/politicosaldesnudo.com.mx\/wp-content\/uploads\/2024\/02\/CAFETOS2.jpg?resize=768%2C512&amp;ssl=1 768w\" sizes=\"auto, (max-width: 800px) 100vw, 800px\" \/><\/p>\n<p style=\"text-align: justify;\"><span style=\"font-size: 18pt;\"><strong><span style=\"font-family: 'Arial', 'sans-serif';\">Para los cafetaleros es muy importante demostrar su inocencia, porque estos ocho meses de se\u00f1alamientos en su contra han sido desgastantes para su familia, ya que adem\u00e1s de los que estuvieron presos, hay otras personas que han debido salir de sus lugares de origen para refugiarse y no ser detenidos por las autoridades. Otros m\u00e1s, han debido pagar abogados, y gastar recursos en diligencias en los juzgados.<\/span><\/strong><\/span><\/p>\n<p style=\"text-align: justify;\"><strong><span style=\"font-size: 14pt; font-family: 'Arial', 'sans-serif'; letter-spacing: 0.1pt;\">Al verse acorralado el Presidente se\u00f1al\u00f3: \u201cPor humanismo, podr\u00edamos, o se podr\u00eda por parte del gobierno, establecer un acompa\u00f1amiento hasta donde se pueda tener\u201d. Es decir, el deslinde de las responsabilidades, empezaba a marcar l\u00edmites.<\/span><\/strong><\/p>\n<p style=\"text-align: justify;\"><strong><span style=\"font-size: 14pt; font-family: 'Arial', 'sans-serif'; letter-spacing: 0.1pt;\">As\u00ed, en el contexto de una discusi\u00f3n abierta el reclamo del comunicador subi\u00f3 de tono al decir que el punto inicial de las denuncias sigue sin resolverse, porque el caf\u00e9 no se est\u00e1 comprando con precio justo a los cafetaleros. Una se\u00f1ora me dijo: \u2018Lo \u00fanico que me gustar\u00eda que me permitieran es seguir en el campo y poder comer de la cosecha del caf\u00e9&#8217;\u201d.<\/span><\/strong><\/p>\n<p style=\"text-align: justify;\"><strong><span style=\"font-size: 14pt; font-family: 'Arial', 'sans-serif';\">Se trata de un problema de impunidad de las empresas cafetaleras, de las que el Presidente no quiere hablar, ya sea porque hay compromisos impl\u00edcitos o porque no quiere meterse en problemas.<\/span><\/strong><\/p>\n<figure id=\"attachment_31372\" aria-describedby=\"caption-attachment-31372\" style=\"width: 1024px\" class=\"wp-caption aligncenter\"><img data-recalc-dims=\"1\" loading=\"lazy\" decoding=\"async\" class=\"wp-image-31372 size-full\" src=\"https:\/\/i0.wp.com\/politicosaldesnudo.com.mx\/wp-content\/uploads\/2024\/02\/65ccf280a5c2b.jpg?resize=800%2C484&#038;ssl=1\" alt=\"\" width=\"800\" height=\"484\" srcset=\"https:\/\/i0.wp.com\/politicosaldesnudo.com.mx\/wp-content\/uploads\/2024\/02\/65ccf280a5c2b.jpg?w=1024&amp;ssl=1 1024w, https:\/\/i0.wp.com\/politicosaldesnudo.com.mx\/wp-content\/uploads\/2024\/02\/65ccf280a5c2b.jpg?resize=300%2C182&amp;ssl=1 300w, https:\/\/i0.wp.com\/politicosaldesnudo.com.mx\/wp-content\/uploads\/2024\/02\/65ccf280a5c2b.jpg?resize=768%2C465&amp;ssl=1 768w\" sizes=\"auto, (max-width: 800px) 100vw, 800px\" \/><figcaption id=\"caption-attachment-31372\" class=\"wp-caption-text\">Andr\u00e9s Manuel L\u00f3pez Obrador<\/figcaption><\/figure>\n<p style=\"text-align: justify;\"><span style=\"font-size: 18pt;\"><strong><span style=\"font-family: 'Arial', 'sans-serif';\">Para este momento el Presidente hab\u00eda recibido varios reveses, el primero de ellos, que se puso en duda la capacidad de negociaci\u00f3n de la encargada de la pol\u00edtica interna del pa\u00eds, quien tiene la responsabilidad no s\u00f3lo de atender los problemas de M\u00e9xico sino armonizar la sociedad. Ella afirmo que ya hab\u00eda hablado del tema con el Gobernador, \u00e9ste es parte del problema y no de la soluci\u00f3n, porque es el verdugo de los cafetaleros. Debi\u00f3 investigar en otros grupos y sobre todo, prestarle atenci\u00f3n a las v\u00edctimas y no al victimario.<\/span><\/strong><\/span><\/p>\n<figure id=\"attachment_31373\" aria-describedby=\"caption-attachment-31373\" style=\"width: 800px\" class=\"wp-caption aligncenter\"><img data-recalc-dims=\"1\" loading=\"lazy\" decoding=\"async\" class=\"wp-image-31373 size-large\" src=\"https:\/\/i0.wp.com\/politicosaldesnudo.com.mx\/wp-content\/uploads\/2024\/02\/1513300-1024x682.jpeg?resize=800%2C533&#038;ssl=1\" alt=\"\" width=\"800\" height=\"533\" srcset=\"https:\/\/i0.wp.com\/politicosaldesnudo.com.mx\/wp-content\/uploads\/2024\/02\/1513300.jpeg?resize=1024%2C682&amp;ssl=1 1024w, https:\/\/i0.wp.com\/politicosaldesnudo.com.mx\/wp-content\/uploads\/2024\/02\/1513300.jpeg?resize=300%2C200&amp;ssl=1 300w, https:\/\/i0.wp.com\/politicosaldesnudo.com.mx\/wp-content\/uploads\/2024\/02\/1513300.jpeg?resize=768%2C512&amp;ssl=1 768w, https:\/\/i0.wp.com\/politicosaldesnudo.com.mx\/wp-content\/uploads\/2024\/02\/1513300.jpeg?w=1280&amp;ssl=1 1280w\" sizes=\"auto, (max-width: 800px) 100vw, 800px\" \/><figcaption id=\"caption-attachment-31373\" class=\"wp-caption-text\">Mar\u00eda Luisa Albores<\/figcaption><\/figure>\n<p style=\"text-align: justify;\"><strong><span style=\"font-size: 14pt; font-family: 'Arial', 'sans-serif';\">Mar\u00eda Luisa Albores, no acept\u00f3 responsabilidad en un asunto que le compete y que deb\u00eda ser prioridad en su agenda. No se trata de un problema nuevo sino de una vieja costumbre de empresarios del caf\u00e9 contra la dignidad de los campesinos.<\/span><\/strong><\/p>\n<figure id=\"attachment_31375\" aria-describedby=\"caption-attachment-31375\" style=\"width: 768px\" class=\"wp-caption aligncenter\"><img data-recalc-dims=\"1\" loading=\"lazy\" decoding=\"async\" class=\"wp-image-31375 size-full\" src=\"https:\/\/i0.wp.com\/politicosaldesnudo.com.mx\/wp-content\/uploads\/2024\/02\/Cuitlahuac-Garcia-Jimenez-1.jpg?resize=768%2C479&#038;ssl=1\" alt=\"\" width=\"768\" height=\"479\" srcset=\"https:\/\/i0.wp.com\/politicosaldesnudo.com.mx\/wp-content\/uploads\/2024\/02\/Cuitlahuac-Garcia-Jimenez-1.jpg?w=768&amp;ssl=1 768w, https:\/\/i0.wp.com\/politicosaldesnudo.com.mx\/wp-content\/uploads\/2024\/02\/Cuitlahuac-Garcia-Jimenez-1.jpg?resize=300%2C187&amp;ssl=1 300w\" sizes=\"auto, (max-width: 768px) 100vw, 768px\" \/><figcaption id=\"caption-attachment-31375\" class=\"wp-caption-text\">Cuitl\u00e1huac Garc\u00eda<\/figcaption><\/figure>\n<p style=\"text-align: justify;\"><span style=\"font-size: 18pt;\"><strong><span style=\"font-family: 'Arial', 'sans-serif';\">Adem\u00e1s, se sinti\u00f3 agraviado al mencionar la caracter\u00edstica negligencia del Gobernador Cuitl\u00e1huac Garc\u00eda, a quien defendi\u00f3 de inmediato y asegur\u00f3 que en el pa\u00eds no hay presos pol\u00edticos, cuando el propio Presidente sabe que, quien fuera su compa\u00f1ero de lucha y amigo personal, Rogelio Franco Cast\u00e1n, est\u00e1 preso por motivos pol\u00edticos, detenci\u00f3n operada directamente por el propio Ejecutivo Estatal.<\/span><\/strong><\/span><\/p>\n<p style=\"text-align: justify;\"><strong><span style=\"font-size: 14pt; font-family: 'Arial', 'sans-serif';\">Se le aplic\u00f3 la Ley Franco porque volvi\u00f3 a hacerse vigente la ley de ultrajes a la autoridad para encarcelar, sin juicio, con ese pretexto y deshacerse de los enemigos pol\u00edticos del Gobernador. Rogelio Franco sigue privado de su libertad desde hace tres a\u00f1os.<\/span><\/strong><\/p>\n<figure id=\"attachment_31376\" aria-describedby=\"caption-attachment-31376\" style=\"width: 690px\" class=\"wp-caption aligncenter\"><img data-recalc-dims=\"1\" loading=\"lazy\" decoding=\"async\" class=\"wp-image-31376 size-full\" src=\"https:\/\/i0.wp.com\/politicosaldesnudo.com.mx\/wp-content\/uploads\/2024\/02\/imagen_2023-08-18_162741222.jpg?resize=690%2C460&#038;ssl=1\" alt=\"\" width=\"690\" height=\"460\" srcset=\"https:\/\/i0.wp.com\/politicosaldesnudo.com.mx\/wp-content\/uploads\/2024\/02\/imagen_2023-08-18_162741222.jpg?w=690&amp;ssl=1 690w, https:\/\/i0.wp.com\/politicosaldesnudo.com.mx\/wp-content\/uploads\/2024\/02\/imagen_2023-08-18_162741222.jpg?resize=300%2C200&amp;ssl=1 300w\" sizes=\"auto, (max-width: 690px) 100vw, 690px\" \/><figcaption id=\"caption-attachment-31376\" class=\"wp-caption-text\">Rogelio Franco Cast\u00e1n<\/figcaption><\/figure>\n<p style=\"text-align: justify;\"><strong><span style=\"font-size: 14pt;\"><span style=\"font-family: 'Arial', 'sans-serif';\">Luego vino el descr\u00e9dito de la fiscal, quien ya ha sido sistem\u00e1ticamente cuestionada por la ineficacia de su trabajo y su tendencia de estar a las \u00f3rdenes del Gobernador. Por si fuera poco, se coloc\u00f3 en tela de juicio la palabra de su Gobernador favorito y a quien le ha levantado la mano cada vez que visita el Presidente la entidad.<\/span><\/span><\/strong><\/p>\n<p style=\"text-align: justify;\"><span style=\"font-size: 18pt;\"><strong><span style=\"font-family: 'Arial', 'sans-serif';\">Pero el colmo fue cuando pidi\u00f3 que hablara la secretaria de Medio Ambiente y Recursos Naturales, Mar\u00eda Luisa Albores, quien confes\u00f3 no s\u00f3lo que nunca hab\u00eda trabajado en la administraci\u00f3n p\u00fablica sino que hab\u00eda pertenecido a las cooperativas del caf\u00e9, precisamente esas que explotan a los campesinos.<\/span><\/strong><\/span><\/p>\n<p style=\"text-align: justify;\"><strong><span style=\"font-size: 14pt;\"><span style=\"font-family: 'Arial', 'sans-serif';\">Albores lleg\u00f3 para deshacer las tiendas de raya, que les pagaba en especie, pero desde acciones de la iniciativa privada, con una visi\u00f3n empresarial, que hace cada vez m\u00e1s complejo el problema y su soluci\u00f3n se pospone indefinidamente.<\/span><\/span><\/strong><\/p>\n<p style=\"text-align: justify;\"><strong><span style=\"font-size: 14pt;\"><span style=\"font-family: 'Arial', 'sans-serif';\">Se confes\u00f3 desconocedora de los temas que aborda y no tiene m\u00e1s percepci\u00f3n de la realidad del problema de los cafetaleros que la de los poderosos, a quienes mostr\u00f3 el Presidente su apoyo.<\/span><\/span><\/strong><\/p>\n<p style=\"text-align: justify;\"><span style=\"font-size: 18pt;\"><strong><span style=\"font-family: 'Arial', 'sans-serif';\">La represi\u00f3n contra los cafetaleros y sus aliados la lleva a cabo el gobierno estatal que encabeza Cuitl\u00e1huac Garc\u00eda, que definitivamente defiende los intereses de las empresas, muchas de ellas transnacionales. En esto tambi\u00e9n est\u00e1 la voluntad pol\u00edtica del Presidente quien delega funciones para no enfrentar un problema que no le es desconocido, aparentando poca informaci\u00f3n al respecto.<\/span><\/strong><\/span><\/p>\n<p style=\"text-align: justify;\"><strong><span style=\"font-size: 14pt; font-family: 'Arial', 'sans-serif';\">O enga\u00f1an al Presidente o se deja enga\u00f1ar consciente de que la informaci\u00f3n que le llega no es precisa. As\u00ed, frente a un caso de claro enfrentamiento entre dos fuerzas, ancestralmente antag\u00f3nicas en Veracruz, prefiere que se negocie con sus subordinados, quienes mostraron poco inter\u00e9s en el tema y adoptaron un trato desp\u00f3tico hacia los campesinos.<\/span><\/strong><\/p>\n<p style=\"text-align: justify;\"><span style=\"font-size: 18pt;\"><strong><span style=\"font-family: 'Arial', 'sans-serif';\">En Veracruz y en el resto del pa\u00eds, se cuestiona la frase de Primero los pobres, porque en cuanto a los cafetaleros, \u00e9stos son relegados y se permite, impunemente, su explotaci\u00f3n y represi\u00f3n.<\/span><\/strong><\/span><\/p>\n<p style=\"text-align: justify;\"><strong><span style=\"font-size: 14pt; font-family: 'Arial', 'sans-serif';\">PEGA Y CORRE.- El senador Dante Delgado y l\u00edder nacional de Movimiento Ciudadano manifest\u00f3 que Cuitl\u00e1huac Garc\u00eda, gobernador de Veracruz, act\u00faa como delincuente porque, \u201cse mete a temas que no son de su competencia y eso hace que sea un ejercicio arbitrario del poder\u201d\u2026Esta columna se publica los lunes, mi\u00e9rcoles y viernes.<\/span><\/strong><\/p>\n<p><img data-recalc-dims=\"1\" loading=\"lazy\" decoding=\"async\" class=\"aligncenter size-full wp-image-31006\" src=\"https:\/\/i0.wp.com\/politicosaldesnudo.com.mx\/wp-content\/uploads\/2024\/02\/FIRMA-EDITORIAL-PD-1.jpg?resize=800%2C98&#038;ssl=1\" alt=\"\" width=\"800\" height=\"98\" srcset=\"https:\/\/i0.wp.com\/politicosaldesnudo.com.mx\/wp-content\/uploads\/2024\/02\/FIRMA-EDITORIAL-PD-1.jpg?w=1024&amp;ssl=1 1024w, https:\/\/i0.wp.com\/politicosaldesnudo.com.mx\/wp-content\/uploads\/2024\/02\/FIRMA-EDITORIAL-PD-1.jpg?resize=300%2C37&amp;ssl=1 300w, https:\/\/i0.wp.com\/politicosaldesnudo.com.mx\/wp-content\/uploads\/2024\/02\/FIRMA-EDITORIAL-PD-1.jpg?resize=768%2C94&amp;ssl=1 768w\" sizes=\"auto, (max-width: 800px) 100vw, 800px\" \/><\/p>\n","protected":false},"excerpt":{"rendered":"<p>ALMA GRANDE Por \u00c1ngel \u00c1lvaro Pe\u00f1a Debieron pasar m\u00e1s de cinco a\u00f1os para que las contradicciones del Presidente se mostraran<\/p>\n","protected":false},"author":4,"featured_media":15807,"comment_status":"closed","ping_status":"closed","sticky":false,"template":"","format":"standard","meta":{"colormag_page_container_layout":"default_layout","colormag_page_sidebar_layout":"default_layout","_jetpack_memberships_contains_paid_content":false,"footnotes":"","jetpack_publicize_message":"","jetpack_publicize_feature_enabled":true,"jetpack_social_post_already_shared":false,"jetpack_social_options":{"image_generator_settings":{"template":"highway","default_image_id":0,"font":"","enabled":false},"version":2}},"categories":[26],"tags":[],"class_list":["post-31371","post","type-post","status-publish","format-standard","has-post-thumbnail","hentry","category-columnistas"],"jetpack_publicize_connections":[],"jetpack_featured_media_url":"https:\/\/i0.wp.com\/politicosaldesnudo.com.mx\/wp-content\/uploads\/2023\/02\/ANGEL-ALVARO-PENA1.webp?fit=800%2C445&ssl=1","jetpack-related-posts":[],"jetpack_sharing_enabled":true,"_links":{"self":[{"href":"https:\/\/politicosaldesnudo.com.mx\/index.php\/wp-json\/wp\/v2\/posts\/31371","targetHints":{"allow":["GET"]}}],"collection":[{"href":"https:\/\/politicosaldesnudo.com.mx\/index.php\/wp-json\/wp\/v2\/posts"}],"about":[{"href":"https:\/\/politicosaldesnudo.com.mx\/index.php\/wp-json\/wp\/v2\/types\/post"}],"author":[{"embeddable":true,"href":"https:\/\/politicosaldesnudo.com.mx\/index.php\/wp-json\/wp\/v2\/users\/4"}],"replies":[{"embeddable":true,"href":"https:\/\/politicosaldesnudo.com.mx\/index.php\/wp-json\/wp\/v2\/comments?post=31371"}],"version-history":[{"count":0,"href":"https:\/\/politicosaldesnudo.com.mx\/index.php\/wp-json\/wp\/v2\/posts\/31371\/revisions"}],"wp:featuredmedia":[{"embeddable":true,"href":"https:\/\/politicosaldesnudo.com.mx\/index.php\/wp-json\/wp\/v2\/media\/15807"}],"wp:attachment":[{"href":"https:\/\/politicosaldesnudo.com.mx\/index.php\/wp-json\/wp\/v2\/media?parent=31371"}],"wp:term":[{"taxonomy":"category","embeddable":true,"href":"https:\/\/politicosaldesnudo.com.mx\/index.php\/wp-json\/wp\/v2\/categories?post=31371"},{"taxonomy":"post_tag","embeddable":true,"href":"https:\/\/politicosaldesnudo.com.mx\/index.php\/wp-json\/wp\/v2\/tags?post=31371"}],"curies":[{"name":"wp","href":"https:\/\/api.w.org\/{rel}","templated":true}]}}