{"id":31454,"date":"2024-02-16T17:55:07","date_gmt":"2024-02-16T23:55:07","guid":{"rendered":"https:\/\/politicosaldesnudo.com.mx\/?p=31454"},"modified":"2024-02-16T17:55:07","modified_gmt":"2024-02-16T23:55:07","slug":"pepe-el-aguador-de-veracruz","status":"publish","type":"post","link":"https:\/\/politicosaldesnudo.com.mx\/index.php\/2024\/02\/16\/pepe-el-aguador-de-veracruz\/","title":{"rendered":"Pepe, el aguador de Veracruz"},"content":{"rendered":"<p><span style=\"font-size: 14pt;\"><strong>Por: Luis Ram\u00edrez Baqueiro<\/strong><\/span><\/p>\n<p><span style=\"font-size: 14pt;\"><em>\u201cLa falsedad est\u00e1 tan cercana a la verdad, que el hombre prudente no debe <\/em><\/span><\/p>\n<p><span style=\"font-size: 14pt;\"><em>situarse en un terreno resbaladizo.\u201d \u2013 Marco Tulio Cicer\u00f3n.<\/em><\/span><\/p>\n<p><span style=\"font-size: 14pt;\"><strong>\u00a0<\/strong><strong>Vaya que los pol\u00edticos mexicanos se saben lucir con sus declaraciones.<\/strong><\/span><\/p>\n<p><span style=\"font-size: 14pt;\"><strong>Por incre\u00edble que parezca, algunos, hablan de una gran trayectoria pol\u00edtica de m\u00e1s de 30 a\u00f1os en favor de las y los veracruzanos, pero cuando abordan temas coyunturales en relaci\u00f3n a declaraciones del presidente de M\u00e9xico, Andr\u00e9s Manuel L\u00f3pez Obrador, aparentan mostrar dos cosas: amnesia y una gran valent\u00eda.<\/strong><\/span><\/p>\n<p><span style=\"font-size: 14pt;\"><strong>Amnesia porque es evidente y comprobable que a lo largo de su amplia trayectoria pol\u00edtica no han hecho absolutamente nada por garantizar el abastecimiento de agua para la entidad, elevando el tema a un punto de la agenda pol\u00edtica y legislativa de alta prioridad, como lo es el agua.<\/strong><\/span><\/p>\n<p><span style=\"font-size: 14pt;\"><strong>Veracruz, entidad por la que los expertos afirman circula el 33% del agua dulce del pa\u00eds, no tiene, ni ha tenido un programa o plan de rescate h\u00eddrico desde los tiempos del presidente Adolfo Ruiz Cortines.<\/strong><\/span><\/p>\n<p><span style=\"font-size: 14pt;\"><strong>Afirma Judith Dom\u00ednguez en su trabajo denominado \u201cLa construcci\u00f3n de presas en M\u00e9xico\u201d que \u201clas presas han representado importantes proyectos hist\u00f3rico-ecol\u00f3gicos del progreso y han sido fundamentales para el desarrollo del pa\u00eds. La historia de las presas en M\u00e9xico se remonta a la \u00e9poca prehisp\u00e1nica, la presa Purr\u00f3n o Maquitongo en Tehuac\u00e1n, Puebla, una de las m\u00e1s antiguas (750-600 a.C.), se utiliz\u00f3 durante 900 a\u00f1os\u201d.\u00a0<a href=\"https:\/\/www.scielo.org.mx\/pdf\/gpp\/v28n1\/1405-1079-gpp-28-01-3.pdf\">https:\/\/www.scielo.org.mx\/pdf\/gpp\/v28n1\/1405-1079-gpp-28-01-3.pdf<\/a><\/strong><\/span><\/p>\n<p><span style=\"font-size: 14pt;\"><strong>Dom\u00ednguez afirma que \u201ctambi\u00e9n se documentan obras hidr\u00e1ulicas para control de avenidas o protecci\u00f3n contra inundaciones. En 1550 los espa\u00f1oles confinaron las aguas de la laguna Yuriria en Guanajuato para destinarlas al riego. posteriormente, en la \u00e9poca de las haciendas, se construyeron numerosas presas, entre los siglos XVII y XIX, casi todas de mamposter\u00eda, en los estados de Aguascalientes, Guanajuato, Estado de M\u00e9xico y Quer\u00e9taro, ejemplo de ello es la presa malpaso en Aguascalientes, construida a fines del siglo XVII y principios del XVIII, utilizada para riego y elevada en m\u00e1s de dos ocasiones, con una altura de cortina de 35.5 metros.\u201d<\/strong><\/span><\/p>\n<p><span style=\"font-size: 14pt;\"><strong>Desde entonces, y hasta la Comisi\u00f3n del Papaloapan liquidada mediante la abrogaci\u00f3n de su decreto de creaci\u00f3n, el 4 de noviembre de 1986, Veracruz no ha contado con ning\u00fan otro Plan H\u00eddrico de relevancia.<\/strong><\/span><\/p>\n<p><span style=\"font-size: 14pt;\"><strong>Han pasado 38 a\u00f1os, sin que el Gobierno en ninguno de sus niveles, haya apostado por el desarrollo, construcci\u00f3n, coinversi\u00f3n, de proyecto para salvaguardar un tema vital y de importancia de seguridad nacional en Veracruz.<\/strong><\/span><\/p>\n<p><span style=\"font-size: 14pt;\"><strong>Resulta verdaderamente lamentable que los aduladores de Pepe Yunes hoy festinen sus dichos cuando jam\u00e1s reclamaron absolutamente su inacci\u00f3n al respecto, es m\u00e1s, algunos de los que hoy salen a pretender enga\u00f1ar a la sociedad, fueron acusados por los miembros de los sindicatos azucareros de haberles hecho de chivo los tamales con recursos aportados para supuestas cajas de ahorro en favor de sus trabajadores.<\/strong><\/span><\/p>\n<p><span style=\"font-size: 14pt;\"><strong>Es m\u00e1s, sabedores de la alta contaminaci\u00f3n generada por los ingenios azucareros a las fuentes de agua cercana, hicieron absolutamente nada, por salvaguardar la integridad de comunidades pesqueras como el caso del Ingenio El Modelo en La Antigua y \u00darsulo Galv\u00e1n, en donde la mortandad de peces se contabiliza por toneladas, como en el caso de la Laguna Cabana.\u00a0<a href=\"https:\/\/e-veracruz.mx\/nota\/2024-01-30\/municipios\/mueren-casi-30-toneladas-de-tilapia-en-laguna-cabana-en-ursulo-galvan\">https:\/\/e-veracruz.mx\/nota\/2024-01-30\/municipios\/mueren-casi-30-toneladas-de-tilapia-en-laguna-cabana-en-ursulo-galvan<\/a><\/strong><\/span><\/p>\n<p><span style=\"font-size: 14pt;\"><strong>Pero el asunto toma tintes de verg\u00fcenza ajena cuando, el propio Pepe Yunes le reclama al presidente L\u00f3pez Obrador, su intento por llevar agua en caso de emergencia a entidades que lo necesiten, cuando al menos en dos casos muy claros pertenecientes a su distrito electoral ha hecho absolutamente nada por resolver el problema del abastecimiento del agua.<\/strong><\/span><\/p>\n<p><span style=\"font-size: 14pt;\"><strong>El primero, el caso de familias de distintas colonias de Perote que se manifestaron en el ayuntamiento de esa demarcaci\u00f3n y en la Comisi\u00f3n del Agua del Estado de Veracruz (CAEV) por las frecuentes fallas en el servicio de distribuci\u00f3n de agua potable. Los afectados explicaron que a la falta de agua se le suma que la que llega est\u00e1 sucia, al grado que desconf\u00edan en usarla, pues se ve de color caf\u00e9, eso tan solo el pasado 14 de junio de 2023.\u00a0<a href=\"https:\/\/e-veracruz.mx\/nota\/2023-06-14\/municipios\/protestan-en-perote-comunidad-viven-con-desabasto-y-agua-sucia\">https:\/\/e-veracruz.mx\/nota\/2023-06-14\/municipios\/protestan-en-perote-comunidad-viven-con-desabasto-y-agua-sucia<\/a><\/strong><\/span><\/p>\n<p><span style=\"font-size: 14pt;\"><strong>Otro caso, el que han sufrido y reclamado habitantes de Banderilla, el pasado 19 de junio de 2023, cuando habitantes se manifestaron por exigir agua en el municipio que termin\u00f3 en un conato de pelea con el alcalde David San Gabriel Bonilla y los habitantes del municipio conurbado que exigen el abasto del l\u00edquido, en donde hasta hoy padecen sequ\u00eda e inundaciones.\u00a0<a href=\"https:\/\/lasillarota.com\/veracruz\/local\/2023\/6\/19\/por-falta-de-agua-manifestantes-tiran-huevazos-al-alcalde-de-banderilla-434024.html\">https:\/\/lasillarota.com\/veracruz\/local\/2023\/6\/19\/por-falta-de-agua-manifestantes-tiran-huevazos-al-alcalde-de-banderilla-434024.html<\/a><\/strong><\/span><\/p>\n<p><span style=\"font-size: 14pt;\"><strong>Pero el m\u00e1s claro y evidente desprecio por la defensa del agua de los veracruzanos se dio el 12 de julio de 2016, al permitirle a Javier Duarte de Ochoa, ex gobernador de Veracruz, acabar con el Sistema de Agua y Saneamiento de Veracruz, entonces representado por el SAS Metropolitano, mientras Pepe Yunes era senador por la entidad, y donde no espeto reclamo o defensa alguna.\u00a0<a href=\"https:\/\/www.alcalorpolitico.com\/informacion\/aprueban-por-unanimidad-la-extincion-del-sas-en-veracruz-boca-del-rio-y-medellin-de-bravo-207393.html\">https:\/\/www.alcalorpolitico.com\/informacion\/aprueban-por-unanimidad-la-extincion-del-sas-en-veracruz-boca-del-rio-y-medellin-de-bravo-207393.html<\/a><\/strong><\/span><\/p>\n<p><span style=\"font-size: 14pt;\"><strong>Hoy orondo, alza la voz y dice con el agua de Veracruz, no se meta presidente, mientras en 30 a\u00f1os de experiencia con su silencio y omisi\u00f3n permiti\u00f3 el saqueo de este recurso de todas y todos los veracruzanos.<\/strong><\/span><\/p>\n<p><span style=\"font-size: 14pt;\"><strong>Congruencia y un poquito de verg\u00fcenza, nada m\u00e1s, querido Pepe.<\/strong><\/span><\/p>\n<p><span style=\"font-size: 14pt;\"><strong>\u00a0<\/strong><strong>Al tiempo.<\/strong><\/span><\/p>\n<p><img data-recalc-dims=\"1\" loading=\"lazy\" decoding=\"async\" class=\"aligncenter size-full wp-image-31452\" src=\"https:\/\/i0.wp.com\/politicosaldesnudo.com.mx\/wp-content\/uploads\/2024\/02\/FIRMA-EDITORIAL-PD-2.jpg?resize=800%2C98&#038;ssl=1\" alt=\"\" width=\"800\" height=\"98\" srcset=\"https:\/\/i0.wp.com\/politicosaldesnudo.com.mx\/wp-content\/uploads\/2024\/02\/FIRMA-EDITORIAL-PD-2.jpg?w=1024&amp;ssl=1 1024w, https:\/\/i0.wp.com\/politicosaldesnudo.com.mx\/wp-content\/uploads\/2024\/02\/FIRMA-EDITORIAL-PD-2.jpg?resize=300%2C37&amp;ssl=1 300w, https:\/\/i0.wp.com\/politicosaldesnudo.com.mx\/wp-content\/uploads\/2024\/02\/FIRMA-EDITORIAL-PD-2.jpg?resize=768%2C94&amp;ssl=1 768w\" sizes=\"auto, (max-width: 800px) 100vw, 800px\" \/><\/p>\n","protected":false},"excerpt":{"rendered":"<p>Por: Luis Ram\u00edrez Baqueiro \u201cLa falsedad est\u00e1 tan cercana a la verdad, que el hombre prudente no debe situarse en<\/p>\n","protected":false},"author":4,"featured_media":4390,"comment_status":"closed","ping_status":"closed","sticky":false,"template":"","format":"standard","meta":{"colormag_page_container_layout":"default_layout","colormag_page_sidebar_layout":"default_layout","_jetpack_memberships_contains_paid_content":false,"footnotes":"","jetpack_publicize_message":"","jetpack_publicize_feature_enabled":true,"jetpack_social_post_already_shared":false,"jetpack_social_options":{"image_generator_settings":{"template":"highway","default_image_id":0,"font":"","enabled":false},"version":2}},"categories":[26],"tags":[],"class_list":["post-31454","post","type-post","status-publish","format-standard","has-post-thumbnail","hentry","category-columnistas"],"jetpack_publicize_connections":[],"jetpack_featured_media_url":"https:\/\/i0.wp.com\/politicosaldesnudo.com.mx\/wp-content\/uploads\/2022\/04\/LUIS-RAMI%CC%81REZ-BAQUEIRO.png?fit=1816%2C1016&ssl=1","jetpack-related-posts":[],"jetpack_sharing_enabled":true,"_links":{"self":[{"href":"https:\/\/politicosaldesnudo.com.mx\/index.php\/wp-json\/wp\/v2\/posts\/31454","targetHints":{"allow":["GET"]}}],"collection":[{"href":"https:\/\/politicosaldesnudo.com.mx\/index.php\/wp-json\/wp\/v2\/posts"}],"about":[{"href":"https:\/\/politicosaldesnudo.com.mx\/index.php\/wp-json\/wp\/v2\/types\/post"}],"author":[{"embeddable":true,"href":"https:\/\/politicosaldesnudo.com.mx\/index.php\/wp-json\/wp\/v2\/users\/4"}],"replies":[{"embeddable":true,"href":"https:\/\/politicosaldesnudo.com.mx\/index.php\/wp-json\/wp\/v2\/comments?post=31454"}],"version-history":[{"count":0,"href":"https:\/\/politicosaldesnudo.com.mx\/index.php\/wp-json\/wp\/v2\/posts\/31454\/revisions"}],"wp:featuredmedia":[{"embeddable":true,"href":"https:\/\/politicosaldesnudo.com.mx\/index.php\/wp-json\/wp\/v2\/media\/4390"}],"wp:attachment":[{"href":"https:\/\/politicosaldesnudo.com.mx\/index.php\/wp-json\/wp\/v2\/media?parent=31454"}],"wp:term":[{"taxonomy":"category","embeddable":true,"href":"https:\/\/politicosaldesnudo.com.mx\/index.php\/wp-json\/wp\/v2\/categories?post=31454"},{"taxonomy":"post_tag","embeddable":true,"href":"https:\/\/politicosaldesnudo.com.mx\/index.php\/wp-json\/wp\/v2\/tags?post=31454"}],"curies":[{"name":"wp","href":"https:\/\/api.w.org\/{rel}","templated":true}]}}