{"id":31457,"date":"2024-02-16T21:47:15","date_gmt":"2024-02-17T03:47:15","guid":{"rendered":"https:\/\/politicosaldesnudo.com.mx\/?p=31457"},"modified":"2024-02-16T21:47:15","modified_gmt":"2024-02-17T03:47:15","slug":"180-parejas-contrajeron-matrimonio-en-tuxpan-como-parte-del-programa-bodas-colectivas-2024","status":"publish","type":"post","link":"https:\/\/politicosaldesnudo.com.mx\/index.php\/2024\/02\/16\/180-parejas-contrajeron-matrimonio-en-tuxpan-como-parte-del-programa-bodas-colectivas-2024\/","title":{"rendered":"180 parejas contrajeron matrimonio en Tuxpan, como parte del Programa \u201cBodas Colectivas 2024\u201d"},"content":{"rendered":"<p><span style=\"font-size: 14pt;\">\u2022 El alcalde Jos\u00e9 Manuel Pozos Castro las felicit\u00f3 por legalizar su uni\u00f3n<\/span><\/p>\n<p><span style=\"font-size: 14pt;\">Tuxpan, Ver., 16 febrero 2024.- En el marco del programa \u201cBodas Colectivas 2024\u201d, en el que 180 parejas legalizaron su uni\u00f3n, el Presidente Municipal Jos\u00e9 Manuel Pozos Castro les expres\u00f3 su felicitaci\u00f3n y les dese\u00f3 que el amor de pareja, el respeto, la ayuda mutua y el inter\u00e9s de la familia hagan perdurable su matrimonio.<\/span><\/p>\n<p><img data-recalc-dims=\"1\" loading=\"lazy\" decoding=\"async\" class=\"aligncenter size-large wp-image-31465\" src=\"https:\/\/i0.wp.com\/politicosaldesnudo.com.mx\/wp-content\/uploads\/2024\/02\/WhatsApp-Image-2024-02-16-at-21.35.19-2-1024x722.jpeg?resize=800%2C564&#038;ssl=1\" alt=\"\" width=\"800\" height=\"564\" srcset=\"https:\/\/i0.wp.com\/politicosaldesnudo.com.mx\/wp-content\/uploads\/2024\/02\/WhatsApp-Image-2024-02-16-at-21.35.19-2.jpeg?resize=1024%2C722&amp;ssl=1 1024w, https:\/\/i0.wp.com\/politicosaldesnudo.com.mx\/wp-content\/uploads\/2024\/02\/WhatsApp-Image-2024-02-16-at-21.35.19-2.jpeg?resize=300%2C212&amp;ssl=1 300w, https:\/\/i0.wp.com\/politicosaldesnudo.com.mx\/wp-content\/uploads\/2024\/02\/WhatsApp-Image-2024-02-16-at-21.35.19-2.jpeg?resize=768%2C542&amp;ssl=1 768w, https:\/\/i0.wp.com\/politicosaldesnudo.com.mx\/wp-content\/uploads\/2024\/02\/WhatsApp-Image-2024-02-16-at-21.35.19-2.jpeg?w=1280&amp;ssl=1 1280w\" sizes=\"auto, (max-width: 800px) 100vw, 800px\" \/><\/p>\n<p><span style=\"font-size: 14pt;\">En compa\u00f1\u00eda de su esposa Pamela Morales Huesca, presidenta del DIF Tuxpan, el alcalde expres\u00f3 un emotivo mensaje en el que destac\u00f3 que cada uni\u00f3n que se formaliza fortalece la c\u00e9lula principal de la sociedad, que es la familia.<\/span><\/p>\n<p><span style=\"font-size: 14pt;\">Les reiter\u00f3 su felicitaci\u00f3n por legalizar su uni\u00f3n, porque es precisamente la certeza jur\u00eddica lo que contribuye a formar familias m\u00e1s fuertes y mucho m\u00e1s unidas.<\/span><\/p>\n<p><img data-recalc-dims=\"1\" loading=\"lazy\" decoding=\"async\" class=\"aligncenter size-large wp-image-31460\" src=\"https:\/\/i0.wp.com\/politicosaldesnudo.com.mx\/wp-content\/uploads\/2024\/02\/WhatsApp-Image-2024-02-16-at-21.34.45-1-1024x837.jpeg?resize=800%2C654&#038;ssl=1\" alt=\"\" width=\"800\" height=\"654\" srcset=\"https:\/\/i0.wp.com\/politicosaldesnudo.com.mx\/wp-content\/uploads\/2024\/02\/WhatsApp-Image-2024-02-16-at-21.34.45-1.jpeg?resize=1024%2C837&amp;ssl=1 1024w, https:\/\/i0.wp.com\/politicosaldesnudo.com.mx\/wp-content\/uploads\/2024\/02\/WhatsApp-Image-2024-02-16-at-21.34.45-1.jpeg?resize=300%2C245&amp;ssl=1 300w, https:\/\/i0.wp.com\/politicosaldesnudo.com.mx\/wp-content\/uploads\/2024\/02\/WhatsApp-Image-2024-02-16-at-21.34.45-1.jpeg?resize=768%2C628&amp;ssl=1 768w, https:\/\/i0.wp.com\/politicosaldesnudo.com.mx\/wp-content\/uploads\/2024\/02\/WhatsApp-Image-2024-02-16-at-21.34.45-1.jpeg?w=1199&amp;ssl=1 1199w\" sizes=\"auto, (max-width: 800px) 100vw, 800px\" \/><\/p>\n<p><span style=\"font-size: 14pt;\">\u201cCon mucha alegr\u00eda y acompa\u00f1ado de mi esposa Pamela, hemos venido a celebrar con ustedes esta ceremonia, que ser\u00e1 uno de los momentos m\u00e1s emotivos e importantes de su vida\u201d, expres\u00f3.<\/span><\/p>\n<p><span style=\"font-size: 14pt;\">Destac\u00f3 que Tuxpan se distingue por ser un municipio de derechos, donde se tutela la diversidad y la inclusi\u00f3n: \u201cEs por esto que tambi\u00e9n me da mucho gusto la celebraci\u00f3n de matrimonios igualitarios\u201d.<\/span><\/p>\n<p><img data-recalc-dims=\"1\" loading=\"lazy\" decoding=\"async\" class=\"aligncenter size-large wp-image-31458\" src=\"https:\/\/i0.wp.com\/politicosaldesnudo.com.mx\/wp-content\/uploads\/2024\/02\/WhatsApp-Image-2024-02-16-at-21.34.44-1-1024x682.jpeg?resize=800%2C533&#038;ssl=1\" alt=\"\" width=\"800\" height=\"533\" srcset=\"https:\/\/i0.wp.com\/politicosaldesnudo.com.mx\/wp-content\/uploads\/2024\/02\/WhatsApp-Image-2024-02-16-at-21.34.44-1.jpeg?resize=1024%2C682&amp;ssl=1 1024w, https:\/\/i0.wp.com\/politicosaldesnudo.com.mx\/wp-content\/uploads\/2024\/02\/WhatsApp-Image-2024-02-16-at-21.34.44-1.jpeg?resize=300%2C200&amp;ssl=1 300w, https:\/\/i0.wp.com\/politicosaldesnudo.com.mx\/wp-content\/uploads\/2024\/02\/WhatsApp-Image-2024-02-16-at-21.34.44-1.jpeg?resize=768%2C512&amp;ssl=1 768w, https:\/\/i0.wp.com\/politicosaldesnudo.com.mx\/wp-content\/uploads\/2024\/02\/WhatsApp-Image-2024-02-16-at-21.34.44-1.jpeg?w=1280&amp;ssl=1 1280w\" sizes=\"auto, (max-width: 800px) 100vw, 800px\" \/><\/p>\n<p><span style=\"font-size: 14pt;\">Al finalizar su mensaje, el mandatario manifest\u00f3 sus buenos deseos a las parejas: \u201cLes deseo de todo coraz\u00f3n que el amor de pareja perdure siempre en sus vidas. \u00a1Que Dios Bendiga su uni\u00f3n, hoy, ma\u00f1ana y siempre!\u201d.<\/span><\/p>\n<p><span style=\"font-size: 14pt;\">Posteriormente, al realizar el brindis, el Lic. Jos\u00e9 Manuel Pozos Castro se\u00f1al\u00f3: \u201cDisfruten plenamente de este maravilloso momento lleno de sue\u00f1os e ilusiones, que ese amor especial que los trajo hoy aqu\u00ed est\u00e9 siempre presente en cada momento de su vida, levantemos nuestra copa y brindemos porque siempre sean muy felices\u201d.<\/span><\/p>\n<p><img data-recalc-dims=\"1\" loading=\"lazy\" decoding=\"async\" class=\"aligncenter size-large wp-image-31461\" src=\"https:\/\/i0.wp.com\/politicosaldesnudo.com.mx\/wp-content\/uploads\/2024\/02\/WhatsApp-Image-2024-02-16-at-21.34.45-3-1024x857.jpeg?resize=800%2C670&#038;ssl=1\" alt=\"\" width=\"800\" height=\"670\" srcset=\"https:\/\/i0.wp.com\/politicosaldesnudo.com.mx\/wp-content\/uploads\/2024\/02\/WhatsApp-Image-2024-02-16-at-21.34.45-3.jpeg?resize=1024%2C857&amp;ssl=1 1024w, https:\/\/i0.wp.com\/politicosaldesnudo.com.mx\/wp-content\/uploads\/2024\/02\/WhatsApp-Image-2024-02-16-at-21.34.45-3.jpeg?resize=300%2C251&amp;ssl=1 300w, https:\/\/i0.wp.com\/politicosaldesnudo.com.mx\/wp-content\/uploads\/2024\/02\/WhatsApp-Image-2024-02-16-at-21.34.45-3.jpeg?resize=768%2C643&amp;ssl=1 768w, https:\/\/i0.wp.com\/politicosaldesnudo.com.mx\/wp-content\/uploads\/2024\/02\/WhatsApp-Image-2024-02-16-at-21.34.45-3.jpeg?w=1246&amp;ssl=1 1246w\" sizes=\"auto, (max-width: 800px) 100vw, 800px\" \/><\/p>\n<p><span style=\"font-size: 14pt;\">Acto seguido se llev\u00f3 a cabo la entrega simb\u00f3lica de actas de matrimonio, se parti\u00f3 el tradicional pastel de bodas y se sortearon regalos para los reci\u00e9n casados, quienes tambi\u00e9n bailaron con el grupo musical que ameniz\u00f3 la fiesta.<\/span><\/p>\n<p><img data-recalc-dims=\"1\" loading=\"lazy\" decoding=\"async\" class=\"aligncenter size-large wp-image-31464\" src=\"https:\/\/i0.wp.com\/politicosaldesnudo.com.mx\/wp-content\/uploads\/2024\/02\/WhatsApp-Image-2024-02-16-at-21.35.18-1024x682.jpeg?resize=800%2C533&#038;ssl=1\" alt=\"\" width=\"800\" height=\"533\" srcset=\"https:\/\/i0.wp.com\/politicosaldesnudo.com.mx\/wp-content\/uploads\/2024\/02\/WhatsApp-Image-2024-02-16-at-21.35.18.jpeg?resize=1024%2C682&amp;ssl=1 1024w, https:\/\/i0.wp.com\/politicosaldesnudo.com.mx\/wp-content\/uploads\/2024\/02\/WhatsApp-Image-2024-02-16-at-21.35.18.jpeg?resize=300%2C200&amp;ssl=1 300w, https:\/\/i0.wp.com\/politicosaldesnudo.com.mx\/wp-content\/uploads\/2024\/02\/WhatsApp-Image-2024-02-16-at-21.35.18.jpeg?resize=768%2C512&amp;ssl=1 768w, https:\/\/i0.wp.com\/politicosaldesnudo.com.mx\/wp-content\/uploads\/2024\/02\/WhatsApp-Image-2024-02-16-at-21.35.18.jpeg?w=1280&amp;ssl=1 1280w\" sizes=\"auto, (max-width: 800px) 100vw, 800px\" \/><\/p>\n<p><span style=\"font-size: 14pt;\">En la ceremonia realizada en el Hotel Royal Garden tambi\u00e9n estuvieron presentes la diputada federal Mtra. Roc\u00edo Hern\u00e1ndez Villanueva y la Lic. Luc\u00eda Pe\u00f1a Pe\u00f1a, encargada del Registro Civil de Coatzintla, en representaci\u00f3n del director general del Registro Civil en el Estado de Veracruz, Mtro. Carlos C\u00f3rdova Vega.<\/span><\/p>\n<p><img data-recalc-dims=\"1\" loading=\"lazy\" decoding=\"async\" class=\"aligncenter size-full wp-image-31463\" src=\"https:\/\/i0.wp.com\/politicosaldesnudo.com.mx\/wp-content\/uploads\/2024\/02\/WhatsApp-Image-2024-02-16-at-21.35.18-1.jpeg?resize=800%2C592&#038;ssl=1\" alt=\"\" width=\"800\" height=\"592\" srcset=\"https:\/\/i0.wp.com\/politicosaldesnudo.com.mx\/wp-content\/uploads\/2024\/02\/WhatsApp-Image-2024-02-16-at-21.35.18-1.jpeg?w=960&amp;ssl=1 960w, https:\/\/i0.wp.com\/politicosaldesnudo.com.mx\/wp-content\/uploads\/2024\/02\/WhatsApp-Image-2024-02-16-at-21.35.18-1.jpeg?resize=300%2C222&amp;ssl=1 300w, https:\/\/i0.wp.com\/politicosaldesnudo.com.mx\/wp-content\/uploads\/2024\/02\/WhatsApp-Image-2024-02-16-at-21.35.18-1.jpeg?resize=768%2C568&amp;ssl=1 768w\" sizes=\"auto, (max-width: 800px) 100vw, 800px\" \/><\/p>\n<p><span style=\"font-size: 14pt;\">Asimismo, el Mtro. Jordi Mois\u00e9s Maya Hern\u00e1ndez, oficial encargado del Registro Civil Tuxpan; el regidor Axel Bernal Herrera, familiares y amigos de los contrayentes.<\/span><\/p>\n","protected":false},"excerpt":{"rendered":"<p>\u2022 El alcalde Jos\u00e9 Manuel Pozos Castro las felicit\u00f3 por legalizar su uni\u00f3n Tuxpan, Ver., 16 febrero 2024.- En el<\/p>\n","protected":false},"author":4,"featured_media":31459,"comment_status":"closed","ping_status":"closed","sticky":false,"template":"","format":"standard","meta":{"colormag_page_container_layout":"default_layout","colormag_page_sidebar_layout":"default_layout","_jetpack_memberships_contains_paid_content":false,"footnotes":"","jetpack_publicize_message":"","jetpack_publicize_feature_enabled":true,"jetpack_social_post_already_shared":false,"jetpack_social_options":{"image_generator_settings":{"template":"highway","default_image_id":0,"font":"","enabled":false},"version":2}},"categories":[1082],"tags":[],"class_list":["post-31457","post","type-post","status-publish","format-standard","has-post-thumbnail","hentry","category-tuxpan"],"jetpack_publicize_connections":[],"jetpack_featured_media_url":"https:\/\/i0.wp.com\/politicosaldesnudo.com.mx\/wp-content\/uploads\/2024\/02\/WhatsApp-Image-2024-02-16-at-21.34.44-3.jpeg?fit=1280%2C853&ssl=1","jetpack-related-posts":[],"jetpack_sharing_enabled":true,"_links":{"self":[{"href":"https:\/\/politicosaldesnudo.com.mx\/index.php\/wp-json\/wp\/v2\/posts\/31457","targetHints":{"allow":["GET"]}}],"collection":[{"href":"https:\/\/politicosaldesnudo.com.mx\/index.php\/wp-json\/wp\/v2\/posts"}],"about":[{"href":"https:\/\/politicosaldesnudo.com.mx\/index.php\/wp-json\/wp\/v2\/types\/post"}],"author":[{"embeddable":true,"href":"https:\/\/politicosaldesnudo.com.mx\/index.php\/wp-json\/wp\/v2\/users\/4"}],"replies":[{"embeddable":true,"href":"https:\/\/politicosaldesnudo.com.mx\/index.php\/wp-json\/wp\/v2\/comments?post=31457"}],"version-history":[{"count":0,"href":"https:\/\/politicosaldesnudo.com.mx\/index.php\/wp-json\/wp\/v2\/posts\/31457\/revisions"}],"wp:featuredmedia":[{"embeddable":true,"href":"https:\/\/politicosaldesnudo.com.mx\/index.php\/wp-json\/wp\/v2\/media\/31459"}],"wp:attachment":[{"href":"https:\/\/politicosaldesnudo.com.mx\/index.php\/wp-json\/wp\/v2\/media?parent=31457"}],"wp:term":[{"taxonomy":"category","embeddable":true,"href":"https:\/\/politicosaldesnudo.com.mx\/index.php\/wp-json\/wp\/v2\/categories?post=31457"},{"taxonomy":"post_tag","embeddable":true,"href":"https:\/\/politicosaldesnudo.com.mx\/index.php\/wp-json\/wp\/v2\/tags?post=31457"}],"curies":[{"name":"wp","href":"https:\/\/api.w.org\/{rel}","templated":true}]}}