{"id":31467,"date":"2024-02-17T10:05:36","date_gmt":"2024-02-17T16:05:36","guid":{"rendered":"https:\/\/politicosaldesnudo.com.mx\/?p=31467"},"modified":"2024-02-17T10:05:36","modified_gmt":"2024-02-17T16:05:36","slug":"alerta-por-frente-frio","status":"publish","type":"post","link":"https:\/\/politicosaldesnudo.com.mx\/index.php\/2024\/02\/17\/alerta-por-frente-frio\/","title":{"rendered":"Alerta por frente fr\u00edo"},"content":{"rendered":"<p><span style=\"font-size: 14pt;\">Tuxpan.- Autoridades Meteorol\u00f3gicas de Protecci\u00f3n Civil han pronosticado el arribo de un frente fr\u00edo para este fin de semana, por lo que hacen la invitaci\u00f3n a los ciudadanos para que tomen sus preocupaciones, por si se presentan lluvias y fr\u00edo.<\/span><\/p>\n<p><span style=\"font-size: 14pt;\">Se trata del frente fr\u00edo n\u00famero 35, que pronostican pase por Tuxpan, acompa\u00f1ado de nubosidad media y alta, lluvia ligera o lloviznas sobre regiones de monta\u00f1a, para estos d\u00edas de fin de semana, se espera que cruce r\u00e1pidamente el Golfo de M\u00e9xico y estados costeros, impulsado por una masa \u00e1rtica, la cual ocasionar\u00e1 Norte de r\u00e1pida intensificaci\u00f3n.<\/span><\/p>\n<p><span style=\"font-size: 14pt;\">Mientras tanto, para la siguiente semana, las autoridades prev\u00e9n ambiente estable y seco, sin embargo, invitan a la poblaci\u00f3n a seguir atentos y consultar las actualizaciones del pron\u00f3stico del tiempo en las p\u00e1ginas oficiales de la Secretar\u00eda de Protecci\u00f3n Civil.<\/span><\/p>\n<p><span style=\"font-size: 14pt;\">A nivel local, seguir\u00e1n las autoridades atentas a cualquier necesidad que se pudiera presentar, por lo que la direcci\u00f3n exhorta a la poblaci\u00f3n a recuperarse, abrigarse, tomar muchos l\u00edquidos y sus debidas vitaminas, para evitar contraer alguna enfermedad respiratoria.<\/span><\/p>\n","protected":false},"excerpt":{"rendered":"<p>Tuxpan.- Autoridades Meteorol\u00f3gicas de Protecci\u00f3n Civil han pronosticado el arribo de un frente fr\u00edo para este fin de semana, por<\/p>\n","protected":false},"author":4,"featured_media":31468,"comment_status":"closed","ping_status":"closed","sticky":false,"template":"","format":"standard","meta":{"colormag_page_container_layout":"default_layout","colormag_page_sidebar_layout":"default_layout","_jetpack_memberships_contains_paid_content":false,"footnotes":"","jetpack_publicize_message":"","jetpack_publicize_feature_enabled":true,"jetpack_social_post_already_shared":false,"jetpack_social_options":{"image_generator_settings":{"template":"highway","default_image_id":0,"font":"","enabled":false},"version":2}},"categories":[1082],"tags":[],"class_list":["post-31467","post","type-post","status-publish","format-standard","has-post-thumbnail","hentry","category-tuxpan"],"jetpack_publicize_connections":[],"jetpack_featured_media_url":"https:\/\/i0.wp.com\/politicosaldesnudo.com.mx\/wp-content\/uploads\/2024\/02\/5c-2.jpg?fit=1280%2C580&ssl=1","jetpack-related-posts":[],"jetpack_sharing_enabled":true,"_links":{"self":[{"href":"https:\/\/politicosaldesnudo.com.mx\/index.php\/wp-json\/wp\/v2\/posts\/31467","targetHints":{"allow":["GET"]}}],"collection":[{"href":"https:\/\/politicosaldesnudo.com.mx\/index.php\/wp-json\/wp\/v2\/posts"}],"about":[{"href":"https:\/\/politicosaldesnudo.com.mx\/index.php\/wp-json\/wp\/v2\/types\/post"}],"author":[{"embeddable":true,"href":"https:\/\/politicosaldesnudo.com.mx\/index.php\/wp-json\/wp\/v2\/users\/4"}],"replies":[{"embeddable":true,"href":"https:\/\/politicosaldesnudo.com.mx\/index.php\/wp-json\/wp\/v2\/comments?post=31467"}],"version-history":[{"count":0,"href":"https:\/\/politicosaldesnudo.com.mx\/index.php\/wp-json\/wp\/v2\/posts\/31467\/revisions"}],"wp:featuredmedia":[{"embeddable":true,"href":"https:\/\/politicosaldesnudo.com.mx\/index.php\/wp-json\/wp\/v2\/media\/31468"}],"wp:attachment":[{"href":"https:\/\/politicosaldesnudo.com.mx\/index.php\/wp-json\/wp\/v2\/media?parent=31467"}],"wp:term":[{"taxonomy":"category","embeddable":true,"href":"https:\/\/politicosaldesnudo.com.mx\/index.php\/wp-json\/wp\/v2\/categories?post=31467"},{"taxonomy":"post_tag","embeddable":true,"href":"https:\/\/politicosaldesnudo.com.mx\/index.php\/wp-json\/wp\/v2\/tags?post=31467"}],"curies":[{"name":"wp","href":"https:\/\/api.w.org\/{rel}","templated":true}]}}