{"id":31499,"date":"2024-02-17T10:30:46","date_gmt":"2024-02-17T16:30:46","guid":{"rendered":"https:\/\/politicosaldesnudo.com.mx\/?p=31499"},"modified":"2024-02-17T10:30:46","modified_gmt":"2024-02-17T16:30:46","slug":"se-dara-continuidad-a-la-cuarta-transformacion-asegura-amlo","status":"publish","type":"post","link":"https:\/\/politicosaldesnudo.com.mx\/index.php\/2024\/02\/17\/se-dara-continuidad-a-la-cuarta-transformacion-asegura-amlo\/","title":{"rendered":"Se dar\u00e1 continuidad a la Cuarta Transformaci\u00f3n, asegura AMLO"},"content":{"rendered":"<p><span style=\"font-size: 14pt;\">Como lo ha venido haciendo desde hace ya varios meses, el presidente Andr\u00e9s Manuel L\u00f3pez Obrador asegur\u00f3 que el movimiento que encabeza continuar\u00e1; y remarc\u00f3 que quien lo sustituya en el cargo tendr\u00e1 el mismo pensamiento que \u00e9l ha enarbolado.<\/span><\/p>\n<p><span style=\"font-size: 14pt;\">\u201cYa me faltan siete meses y d\u00edas, pero estoy absolutamente seguro. No puedo decir m\u00e1s cosas porque me pueden sancionar o cepillar, pero s\u00ed les digo que quien me va a sustituir tiene el mismo pensamiento, las mismas ideas, y por eso me voy a retirar tranquilo. Me voy a jubilar porque tambi\u00e9n soy maderista, son partidario del sufragio efectivo, no reelecci\u00f3n\u201d.<\/span><\/p>\n<p><span style=\"font-size: 14pt;\">Al encabezar un acto sobre programas del Bienestar en el estadio \u201cVenustiano Carranza\u201d, el jefe del ejecutivo agreg\u00f3: \u201cVengo a decirles que vamos a continuar con la transformaci\u00f3n. Va a seguir la misma estrategia en el tiempo que me queda, vamos a seguir combatiendo la corrupci\u00f3n, porque eso era lo que imped\u00eda el desarrollo de nuestro pueblo y de nuestro querido M\u00e9xico, el bandidaje oficial, la corrupci\u00f3n\u201d.<\/span><\/p>\n<p><span style=\"font-size: 14pt;\">Plante\u00f3 que cuando se combate la corrupci\u00f3n y hay austeridad en el gobierno se logran ahorros presupuestales que permiten distribuir mejor. \u201cCon justicia, el presupuesto y alcanza a todos\u201d.<\/span><\/p>\n<p><span style=\"font-size: 14pt;\">Destac\u00f3 estar en la tierra de Jos\u00e9 Mar\u00eda Morelos y del general L\u00e1zaro C\u00e1rdenas y reiter\u00f3 que la transformaci\u00f3n no es lucha de un solo hombre, sino el resultado del esfuerzo de todo el pueblo<\/span><\/p>\n<p><span style=\"font-size: 14pt;\">Remarc\u00f3 que como parte del paquete de iniciativas de reformas constitucionales que recientemente envi\u00f3 al Congreso de la Uni\u00f3n, destaca el que los programas sociales sean considerados como derechos desde la carta magna.<\/span><\/p>\n","protected":false},"excerpt":{"rendered":"<p>Como lo ha venido haciendo desde hace ya varios meses, el presidente Andr\u00e9s Manuel L\u00f3pez Obrador asegur\u00f3 que el movimiento<\/p>\n","protected":false},"author":4,"featured_media":31500,"comment_status":"closed","ping_status":"closed","sticky":false,"template":"","format":"standard","meta":{"colormag_page_container_layout":"default_layout","colormag_page_sidebar_layout":"default_layout","_jetpack_memberships_contains_paid_content":false,"footnotes":"","jetpack_publicize_message":"","jetpack_publicize_feature_enabled":true,"jetpack_social_post_already_shared":false,"jetpack_social_options":{"image_generator_settings":{"template":"highway","default_image_id":0,"font":"","enabled":false},"version":2}},"categories":[33],"tags":[],"class_list":["post-31499","post","type-post","status-publish","format-standard","has-post-thumbnail","hentry","category-nacional"],"jetpack_publicize_connections":[],"jetpack_featured_media_url":"https:\/\/i0.wp.com\/politicosaldesnudo.com.mx\/wp-content\/uploads\/2024\/02\/FQZSHNBJBZBDHLPI4Z5LAFDEMA.jpg?fit=1920%2C1277&ssl=1","jetpack-related-posts":[],"jetpack_sharing_enabled":true,"_links":{"self":[{"href":"https:\/\/politicosaldesnudo.com.mx\/index.php\/wp-json\/wp\/v2\/posts\/31499","targetHints":{"allow":["GET"]}}],"collection":[{"href":"https:\/\/politicosaldesnudo.com.mx\/index.php\/wp-json\/wp\/v2\/posts"}],"about":[{"href":"https:\/\/politicosaldesnudo.com.mx\/index.php\/wp-json\/wp\/v2\/types\/post"}],"author":[{"embeddable":true,"href":"https:\/\/politicosaldesnudo.com.mx\/index.php\/wp-json\/wp\/v2\/users\/4"}],"replies":[{"embeddable":true,"href":"https:\/\/politicosaldesnudo.com.mx\/index.php\/wp-json\/wp\/v2\/comments?post=31499"}],"version-history":[{"count":0,"href":"https:\/\/politicosaldesnudo.com.mx\/index.php\/wp-json\/wp\/v2\/posts\/31499\/revisions"}],"wp:featuredmedia":[{"embeddable":true,"href":"https:\/\/politicosaldesnudo.com.mx\/index.php\/wp-json\/wp\/v2\/media\/31500"}],"wp:attachment":[{"href":"https:\/\/politicosaldesnudo.com.mx\/index.php\/wp-json\/wp\/v2\/media?parent=31499"}],"wp:term":[{"taxonomy":"category","embeddable":true,"href":"https:\/\/politicosaldesnudo.com.mx\/index.php\/wp-json\/wp\/v2\/categories?post=31499"},{"taxonomy":"post_tag","embeddable":true,"href":"https:\/\/politicosaldesnudo.com.mx\/index.php\/wp-json\/wp\/v2\/tags?post=31499"}],"curies":[{"name":"wp","href":"https:\/\/api.w.org\/{rel}","templated":true}]}}