{"id":31502,"date":"2024-02-17T10:34:24","date_gmt":"2024-02-17T16:34:24","guid":{"rendered":"https:\/\/politicosaldesnudo.com.mx\/?p=31502"},"modified":"2024-02-17T10:34:24","modified_gmt":"2024-02-17T16:34:24","slug":"otra-orden-de-captura-para-garcia-cabeza-de-vaca","status":"publish","type":"post","link":"https:\/\/politicosaldesnudo.com.mx\/index.php\/2024\/02\/17\/otra-orden-de-captura-para-garcia-cabeza-de-vaca\/","title":{"rendered":"Otra orden de captura para Garc\u00eda Cabeza de Vaca"},"content":{"rendered":"<p><span style=\"font-size: 14pt;\">A petici\u00f3n de la Fiscal\u00eda General de la Rep\u00fablica (FGR), un juez federal gir\u00f3 una nueva orden de captura contra el ex gobernador panista de Tamaulipas Francisco Javier Garc\u00eda Cabeza de Vaca, confirm\u00f3 su abogado Javier Coello Trejo.<\/span><\/p>\n<p><span style=\"font-size: 14pt;\">Los delitos que se imputan al panista, quien se encuentra en la lista de candidatos a diputados federales plurinominales de su partido, son lavado de dinero, operaciones con recursos de procedencia il\u00edcita y delincuencia organizada.<\/span><\/p>\n<p><span style=\"font-size: 14pt;\">De nueva cuenta, las indagatorias de los fiscales que llevan el caso involucran a familiares directos del ex gobernante, quien de acuerdo con diversas versiones vive en Estados Unidos. El pasado 6 de diciembre, el pol\u00edtico logr\u00f3 que otro juez cancelara un tercer intento por detenerlo.<\/span><\/p>\n<p><span style=\"font-size: 14pt;\">Antes, siendo gobernador, logr\u00f3 una victoria en la Suprema Corte de Justicia de la Naci\u00f3n (SCJN) para mantener el fuero constitucional y se anulara el primer mandato de captura, tambi\u00e9n por operaciones con recursos de procedencia il\u00edcita y delincuencia organizada.<\/span><\/p>\n<p><span style=\"font-size: 14pt;\">Las denuncia contra del ex mandatario y su grupo compacto de pol\u00edticos panistas es por haberse adjudicado propiedades y negocios a la sombra del poder, el cual ostent\u00f3 de 2016 a 2022.<\/span><\/p>\n<p><span style=\"font-size: 14pt;\">La nueva orden judicial est\u00e1 sustentada en investigaciones iniciadas en 2020, a\u00f1o desde el cual ha pasado m\u00e1s tiempo en Estados Unidos, a ra\u00edz de que la FGR gir\u00f3 una orden de aprehensi\u00f3n en su contra, el 4 de octubre de 2022.<\/span><\/p>\n<p><span style=\"font-size: 14pt;\">En diciembre pasado, la jueza del octavo distrito de Tamaulipas, Adriana Yolanda Vega Marroqu\u00edn, le concedi\u00f3 un amparo, luego de considerar que no hab\u00eda evidencias suficientes que acreditaran los delitos que se le atribuyen.<\/span><\/p>\n","protected":false},"excerpt":{"rendered":"<p>A petici\u00f3n de la Fiscal\u00eda General de la Rep\u00fablica (FGR), un juez federal gir\u00f3 una nueva orden de captura contra<\/p>\n","protected":false},"author":4,"featured_media":31503,"comment_status":"closed","ping_status":"closed","sticky":false,"template":"","format":"standard","meta":{"colormag_page_container_layout":"default_layout","colormag_page_sidebar_layout":"default_layout","_jetpack_memberships_contains_paid_content":false,"footnotes":"","jetpack_publicize_message":"","jetpack_publicize_feature_enabled":true,"jetpack_social_post_already_shared":false,"jetpack_social_options":{"image_generator_settings":{"template":"highway","default_image_id":0,"font":"","enabled":false},"version":2}},"categories":[33],"tags":[],"class_list":["post-31502","post","type-post","status-publish","format-standard","has-post-thumbnail","hentry","category-nacional"],"jetpack_publicize_connections":[],"jetpack_featured_media_url":"https:\/\/i0.wp.com\/politicosaldesnudo.com.mx\/wp-content\/uploads\/2024\/02\/BB1h6nA2.jpg?fit=1201%2C740&ssl=1","jetpack-related-posts":[],"jetpack_sharing_enabled":true,"_links":{"self":[{"href":"https:\/\/politicosaldesnudo.com.mx\/index.php\/wp-json\/wp\/v2\/posts\/31502","targetHints":{"allow":["GET"]}}],"collection":[{"href":"https:\/\/politicosaldesnudo.com.mx\/index.php\/wp-json\/wp\/v2\/posts"}],"about":[{"href":"https:\/\/politicosaldesnudo.com.mx\/index.php\/wp-json\/wp\/v2\/types\/post"}],"author":[{"embeddable":true,"href":"https:\/\/politicosaldesnudo.com.mx\/index.php\/wp-json\/wp\/v2\/users\/4"}],"replies":[{"embeddable":true,"href":"https:\/\/politicosaldesnudo.com.mx\/index.php\/wp-json\/wp\/v2\/comments?post=31502"}],"version-history":[{"count":0,"href":"https:\/\/politicosaldesnudo.com.mx\/index.php\/wp-json\/wp\/v2\/posts\/31502\/revisions"}],"wp:featuredmedia":[{"embeddable":true,"href":"https:\/\/politicosaldesnudo.com.mx\/index.php\/wp-json\/wp\/v2\/media\/31503"}],"wp:attachment":[{"href":"https:\/\/politicosaldesnudo.com.mx\/index.php\/wp-json\/wp\/v2\/media?parent=31502"}],"wp:term":[{"taxonomy":"category","embeddable":true,"href":"https:\/\/politicosaldesnudo.com.mx\/index.php\/wp-json\/wp\/v2\/categories?post=31502"},{"taxonomy":"post_tag","embeddable":true,"href":"https:\/\/politicosaldesnudo.com.mx\/index.php\/wp-json\/wp\/v2\/tags?post=31502"}],"curies":[{"name":"wp","href":"https:\/\/api.w.org\/{rel}","templated":true}]}}