{"id":31552,"date":"2024-02-18T12:22:46","date_gmt":"2024-02-18T18:22:46","guid":{"rendered":"https:\/\/politicosaldesnudo.com.mx\/?p=31552"},"modified":"2024-02-18T12:22:46","modified_gmt":"2024-02-18T18:22:46","slug":"el-porvenir-llegara-acompanado-de-una-senora-que-se-llama-justicia-amlo","status":"publish","type":"post","link":"https:\/\/politicosaldesnudo.com.mx\/index.php\/2024\/02\/18\/el-porvenir-llegara-acompanado-de-una-senora-que-se-llama-justicia-amlo\/","title":{"rendered":"El porvenir llegar\u00e1 acompa\u00f1ado de \u00abuna se\u00f1ora que se llama&#8230; justicia\u00bb: AMLO"},"content":{"rendered":"<div class=\"col col1\">\n<p class=\"s-s\"><span style=\"font-size: 14pt;\">A dos semanas de que arranquen las campa\u00f1as presidenciales, el presidente Andr\u00e9s Manuel L\u00f3pez Obrador afirm\u00f3 ayer que la transformaci\u00f3n del pa\u00eds va a continuar, y ante una multitud reunida en la Unidad Deportiva de Zihuatanejo afirm\u00f3 que \u201cel futuro, el porvenir viene acompa\u00f1ado de una se\u00f1ora\u2026\u201d. En ese momento hizo una pausa y mientras los asistentes gritaban\u00a0<q>Claudia<\/q>, el mandatario complet\u00f3 la frase: \u201cuna se\u00f1ora\u2026 que se llama justicia. No puedo decir m\u00e1s\u201d.<\/span><\/p>\n<p><span style=\"font-size: 14pt;\">De gira por Zihuatanejo, donde encabez\u00f3 por la ma\u00f1ana una ceremonia de evaluaci\u00f3n de los programas de Bienestar, el mandatario continu\u00f3 : \u201cEstoy contento por eso, porque voy a entregar la banda presidencial a alguien que piensa como pienso yo. Y me retiro porque soy maderista. Acu\u00e9rdense, \u2018sufragio efectivo, no relecci\u00f3n\u2019\u201d.<\/span><\/p>\n<p><span style=\"font-size: 14pt;\">M\u00e1s tarde, el tabasque\u00f1o visit\u00f3 Atoyac de \u00c1lvarez, donde declar\u00f3 que\u00a0<q>no hay nada que temer, porque va a continuar la transformaci\u00f3n hacia adelante<\/q>.<\/span><\/p>\n<p><span style=\"font-size: 14pt;\">En Zihuatanejo, L\u00f3pez Obrador insisti\u00f3 en su llamado a mantener la solidaridad y la uni\u00f3n de las familias mexicanas como protecci\u00f3n ante problemas como la crisis por consumo de fentanilo que padece Estados Unidos.<\/span><\/p>\n<p><span style=\"font-size: 14pt;\">\u201c\u00bfPor qu\u00e9 tienen la crisis nuestros vecinos, hermanos, en Estados Unidos? Porque all\u00e1 los j\u00f3venes desde que est\u00e1n en la adolescencia se tienen que ir de la casa, ya \u2018ahuecan el ala\u2019 para buscar qu\u00e9 van a hacer. Aqu\u00ed no, aqu\u00ed siempre estamos juntos\u201d, sostuvo el mandatario, quien se\u00f1al\u00f3 que\u00a0<q>la familia mexicana es la principal instituci\u00f3n de seguridad social<\/q>.<\/span><\/p>\n<p><span style=\"font-size: 14pt;\"><q>Es muy importante enaltecer, exaltar esta forma de vida alejada de lo material, porque eso es lo que nos ha perjudicado mucho. Muchos se deslumbran con carros \u00faltimo modelo, la ropa de marca, las alhajas, puro lujo barato, eso no es la felicidad<\/q>, dijo, y afirm\u00f3 que esta es\u00a0<q>que podamos estar apapach\u00e1ndonos en la familia<\/q>.<\/span><\/p>\n<\/div>\n<div class=\"col col2\">\n<p><span style=\"font-size: 14pt;\">Al hablar de seguridad, dio a conocer que se inici\u00f3 la construcci\u00f3n de un cuartel para 500 elementos de Guardia Nacional en este municipio de la regi\u00f3n de Costa Grande, para proteger tanto a sus pobladores como a los turistas que lo visitan.<\/span><\/p>\n<p><span style=\"font-size: 14pt;\"><q>Hay que mejorar la seguridad, no de manera fascista, porque hay quienes quieren enfrentar la violencia con la violencia, el mal no se puede enfrentar con el mal, el mal se enfrenta haciendo el bien, que no haya pobreza, que no haya necesidades, que se atienda a los j\u00f3venes, la paz es fruto de la justicia y as\u00ed vamos a seguir avanzando<\/q>, declar\u00f3.<\/span><\/p>\n<p><span style=\"font-size: 14pt;\">Ante una multitudinaria asistencia al Centro de Deportes La Mariscal de Atoyac de \u00c1lvarez, en un ambiente festivo, afirm\u00f3 que\u00a0<q>lo que comenzamos, lo que se sembr\u00f3, empez\u00f3 a dar frutos<\/q>\u00a0y recalc\u00f3 que la transformaci\u00f3n del pa\u00eds\u00a0<q>no es la labor de un solo hombre, un dirigente o un pu\u00f1ado de dirigentes, es un movimiento de transformaci\u00f3n que hemos impulsado desde abajo<\/q>.<\/span><\/p>\n<p><span style=\"font-size: 14pt;\">L\u00f3pez Obrador dio un espaldarazo a la gobernadora Evelyn Salgado, para quien al finalizar ambas ceremonias pidi\u00f3 un\u00a0<q>viva<\/q>. Tambi\u00e9n reconoci\u00f3 el trabajo del presidente municipal de Zihuatanejo, Jorge S\u00e1nchez Allec, de extracci\u00f3n pri\u00edsta, al manifestar que\u00a0<q>como estoy viendo, est\u00e1 trabajando bien<\/q>.<\/span><\/p>\n<p><span style=\"font-size: 14pt;\">Agreg\u00f3:\u00a0<q>que sean del partido que sea, nada m\u00e1s que le cumplan al pueblo, porque el partido m\u00e1s importante es el partido del pueblo, el partido que se llama M\u00e9xico<\/q>.<\/span><\/p>\n<\/div>\n","protected":false},"excerpt":{"rendered":"<p>A dos semanas de que arranquen las campa\u00f1as presidenciales, el presidente Andr\u00e9s Manuel L\u00f3pez Obrador afirm\u00f3 ayer que la transformaci\u00f3n<\/p>\n","protected":false},"author":4,"featured_media":31553,"comment_status":"closed","ping_status":"closed","sticky":false,"template":"","format":"standard","meta":{"colormag_page_container_layout":"default_layout","colormag_page_sidebar_layout":"default_layout","_jetpack_memberships_contains_paid_content":false,"footnotes":"","jetpack_publicize_message":"","jetpack_publicize_feature_enabled":true,"jetpack_social_post_already_shared":false,"jetpack_social_options":{"image_generator_settings":{"template":"highway","default_image_id":0,"font":"","enabled":false},"version":2}},"categories":[33],"tags":[],"class_list":["post-31552","post","type-post","status-publish","format-standard","has-post-thumbnail","hentry","category-nacional"],"jetpack_publicize_connections":[],"jetpack_featured_media_url":"https:\/\/i0.wp.com\/politicosaldesnudo.com.mx\/wp-content\/uploads\/2024\/02\/a4-1.jpg?fit=1256%2C838&ssl=1","jetpack-related-posts":[],"jetpack_sharing_enabled":true,"_links":{"self":[{"href":"https:\/\/politicosaldesnudo.com.mx\/index.php\/wp-json\/wp\/v2\/posts\/31552","targetHints":{"allow":["GET"]}}],"collection":[{"href":"https:\/\/politicosaldesnudo.com.mx\/index.php\/wp-json\/wp\/v2\/posts"}],"about":[{"href":"https:\/\/politicosaldesnudo.com.mx\/index.php\/wp-json\/wp\/v2\/types\/post"}],"author":[{"embeddable":true,"href":"https:\/\/politicosaldesnudo.com.mx\/index.php\/wp-json\/wp\/v2\/users\/4"}],"replies":[{"embeddable":true,"href":"https:\/\/politicosaldesnudo.com.mx\/index.php\/wp-json\/wp\/v2\/comments?post=31552"}],"version-history":[{"count":0,"href":"https:\/\/politicosaldesnudo.com.mx\/index.php\/wp-json\/wp\/v2\/posts\/31552\/revisions"}],"wp:featuredmedia":[{"embeddable":true,"href":"https:\/\/politicosaldesnudo.com.mx\/index.php\/wp-json\/wp\/v2\/media\/31553"}],"wp:attachment":[{"href":"https:\/\/politicosaldesnudo.com.mx\/index.php\/wp-json\/wp\/v2\/media?parent=31552"}],"wp:term":[{"taxonomy":"category","embeddable":true,"href":"https:\/\/politicosaldesnudo.com.mx\/index.php\/wp-json\/wp\/v2\/categories?post=31552"},{"taxonomy":"post_tag","embeddable":true,"href":"https:\/\/politicosaldesnudo.com.mx\/index.php\/wp-json\/wp\/v2\/tags?post=31552"}],"curies":[{"name":"wp","href":"https:\/\/api.w.org\/{rel}","templated":true}]}}