{"id":31559,"date":"2024-02-18T12:32:43","date_gmt":"2024-02-18T18:32:43","guid":{"rendered":"https:\/\/politicosaldesnudo.com.mx\/?p=31559"},"modified":"2024-02-18T12:32:43","modified_gmt":"2024-02-18T18:32:43","slug":"importaciones-de-granos-creceran-15-en-2024-cna","status":"publish","type":"post","link":"https:\/\/politicosaldesnudo.com.mx\/index.php\/2024\/02\/18\/importaciones-de-granos-creceran-15-en-2024-cna\/","title":{"rendered":"Importaciones de granos crecer\u00e1n 15% en 2024: CNA"},"content":{"rendered":"<div class=\"col col1\">\n<p class=\"s-s\"><span style=\"font-size: 14pt;\">El sector agropecuario mexicano enfrenta una grave crisis por la ca\u00edda de la producci\u00f3n de granos y oleaginosas, debido a la sequ\u00eda, los bajos precios internacionales y la falta de apoyos gubernamentales, lo que provocar\u00e1 un nuevo aumento de 15 por ciento en las importaciones de este a\u00f1o, alert\u00f3 Juan Cortina, presidente del Consejo Nacional Agropecuario (CNA).<\/span><\/p>\n<p><span style=\"font-size: 14pt;\">En el contexto de la Convenci\u00f3n Anual de la Industria C\u00e1rnica 2024, Cortina se\u00f1al\u00f3 que 60 por ciento de los productores del pa\u00eds se dedican a este rubro, que es el que m\u00e1s le da de comer a la mayor\u00eda de los mexicanos, pero que no cuenta con programas que atiendan su problem\u00e1tica.<\/span><\/p>\n<p><span style=\"font-size: 14pt;\">\u00abLos precios han venido colapsando por una mayor producci\u00f3n en todo el mundo, la sequ\u00eda en M\u00e9xico ha agravado la situaci\u00f3n y la producci\u00f3n va a caer fuertemente este 2024, por temas de clima y los precios seguir\u00e1n muy bajos, son precios internacionales basados en d\u00f3lares, entonces son menos pesos por esos d\u00f3lares y los productores tendr\u00e1n un severo problema de precios, de costos de producci\u00f3n, de baja productividad\u00bb, explic\u00f3.<\/span><\/p>\n<p><span style=\"font-size: 14pt;\">Agreg\u00f3 que esta situaci\u00f3n afecta tambi\u00e9n al sector pecuario, que es el mayor consumidor de granos, y que ha sufrido los precios altos en los \u00faltimos a\u00f1os y ahora se ver\u00e1 beneficiado por los precios bajos, pero que tendr\u00e1 que enfrentar la escasez de grano nacional.<\/span><\/p>\n<p><span style=\"font-size: 14pt;\"><q>En 2023 importamos granos a nivel r\u00e9cord, y en 2024 tendremos otro aumento de 15 por ciento. Actualmente ya importamos 50 por ciento de lo que consumimos.<\/q><\/span><\/p>\n<p><span style=\"font-size: 14pt;\">Cortina lament\u00f3 que en M\u00e9xico se haya perdido la oportunidad de producir m\u00e1s y mejor, al quitarles a los agricultores las herramientas para poder hacerlo.<\/span><\/p>\n<\/div>\n<div class=\"col col2\">\n<p><span style=\"font-size: 14pt;\"><q>Todo este debate del ma\u00edz transg\u00e9nico se me hace un sinsentido total<\/q>, dijo en alusi\u00f3n al conflicto entre M\u00e9xico y Estado Unidos por la prohibici\u00f3n de grano gen\u00e9ticamente modificado.\u00a0<q>Si no les damos a los productores las herramientas para poder enfrentar la sequ\u00eda, para poder incrementar la productividad por hect\u00e1rea, \u00bfc\u00f3mo le van a hacer? Hay otros pa\u00edses que s\u00ed tienen esas posibilidades, por ejemplo China, que ya aprob\u00f3 todos los ma\u00edces transg\u00e9nicos, y probablemente en cuatro a\u00f1os va a dejar de importar ma\u00edz<\/q>.<\/span><\/p>\n<p><span style=\"font-size: 14pt;\">Asimismo, consider\u00f3 que es un sinsentido decir que se est\u00e1n defendiendo los ma\u00edces originarios de M\u00e9xico, cuando los dos tipos de agricultura pueden subsistir sin ning\u00fan problema.<\/span><\/p>\n<p><span style=\"font-size: 14pt;\"><q>Si hay alguien que quiere producir con el ma\u00edz que utilizaban los mayas, que lo hagan, para eso est\u00e1 la tierra, pero seguramente necesitar\u00e1n apoyos, porque s\u00f3lo sacar\u00e1n una tonelada por hect\u00e1rea y la deber\u00e1n vender a mayor precio, pero lo pueden hacer, con programas del gobierno dirigidos, pero lo que no se puede es obligar a todos los productores a usar esas tecnolog\u00edas, pues lo que ocasionar\u00e1 es que se desplome la producci\u00f3n, yendo a la quiebra y seguir importando desde Estados Unidos<\/q>.<\/span><\/p>\n<p><span style=\"font-size: 14pt;\">El presidente del CNA hizo un llamado al gobierno federal a poner en marcha pol\u00edticas p\u00fablicas que apoyen a la agricultura comercial, que es la que garantiza la seguridad alimentaria del pa\u00eds, y que impulse la innovaci\u00f3n y la competitividad del sector.<\/span><\/p>\n<\/div>\n","protected":false},"excerpt":{"rendered":"<p>El sector agropecuario mexicano enfrenta una grave crisis por la ca\u00edda de la producci\u00f3n de granos y oleaginosas, debido a<\/p>\n","protected":false},"author":4,"featured_media":31560,"comment_status":"closed","ping_status":"closed","sticky":false,"template":"","format":"standard","meta":{"colormag_page_container_layout":"default_layout","colormag_page_sidebar_layout":"default_layout","_jetpack_memberships_contains_paid_content":false,"footnotes":"","jetpack_publicize_message":"","jetpack_publicize_feature_enabled":true,"jetpack_social_post_already_shared":false,"jetpack_social_options":{"image_generator_settings":{"template":"highway","default_image_id":0,"font":"","enabled":false},"version":2}},"categories":[2050],"tags":[],"class_list":["post-31559","post","type-post","status-publish","format-standard","has-post-thumbnail","hentry","category-economia"],"jetpack_publicize_connections":[],"jetpack_featured_media_url":"https:\/\/i0.wp.com\/politicosaldesnudo.com.mx\/wp-content\/uploads\/2024\/02\/Importaciones-de-granos-creceran-15-en-2024-CNA.jpg?fit=1200%2C900&ssl=1","jetpack-related-posts":[],"jetpack_sharing_enabled":true,"_links":{"self":[{"href":"https:\/\/politicosaldesnudo.com.mx\/index.php\/wp-json\/wp\/v2\/posts\/31559","targetHints":{"allow":["GET"]}}],"collection":[{"href":"https:\/\/politicosaldesnudo.com.mx\/index.php\/wp-json\/wp\/v2\/posts"}],"about":[{"href":"https:\/\/politicosaldesnudo.com.mx\/index.php\/wp-json\/wp\/v2\/types\/post"}],"author":[{"embeddable":true,"href":"https:\/\/politicosaldesnudo.com.mx\/index.php\/wp-json\/wp\/v2\/users\/4"}],"replies":[{"embeddable":true,"href":"https:\/\/politicosaldesnudo.com.mx\/index.php\/wp-json\/wp\/v2\/comments?post=31559"}],"version-history":[{"count":0,"href":"https:\/\/politicosaldesnudo.com.mx\/index.php\/wp-json\/wp\/v2\/posts\/31559\/revisions"}],"wp:featuredmedia":[{"embeddable":true,"href":"https:\/\/politicosaldesnudo.com.mx\/index.php\/wp-json\/wp\/v2\/media\/31560"}],"wp:attachment":[{"href":"https:\/\/politicosaldesnudo.com.mx\/index.php\/wp-json\/wp\/v2\/media?parent=31559"}],"wp:term":[{"taxonomy":"category","embeddable":true,"href":"https:\/\/politicosaldesnudo.com.mx\/index.php\/wp-json\/wp\/v2\/categories?post=31559"},{"taxonomy":"post_tag","embeddable":true,"href":"https:\/\/politicosaldesnudo.com.mx\/index.php\/wp-json\/wp\/v2\/tags?post=31559"}],"curies":[{"name":"wp","href":"https:\/\/api.w.org\/{rel}","templated":true}]}}