{"id":31839,"date":"2024-02-21T08:54:58","date_gmt":"2024-02-21T14:54:58","guid":{"rendered":"https:\/\/politicosaldesnudo.com.mx\/?p=31839"},"modified":"2024-02-21T08:54:58","modified_gmt":"2024-02-21T14:54:58","slug":"morena-definira-sus-candidaturas-plurinominales","status":"publish","type":"post","link":"https:\/\/politicosaldesnudo.com.mx\/index.php\/2024\/02\/21\/morena-definira-sus-candidaturas-plurinominales\/","title":{"rendered":"Morena definir\u00e1 sus candidaturas plurinominales"},"content":{"rendered":"<p class=\"western\"><span style=\"font-size: 14pt;\">El consejo nacional de Morena aprob\u00f3 esta noche que se realice la insaculaci\u00f3n para definir a sus candidatos plurinominales y de acuerdo con varios de los participantes se incluir\u00edan consejeros nacionales del partido.<\/span><\/p>\n<p><span style=\"font-size: 14pt;\">La sesi\u00f3n se realiz\u00f3 v\u00eda zoom, pasadas las 20 horas, para desahogar un \u201cpronunciamiento sobre candidaturas de representaci\u00f3n proporcional en el proceso electoral federal 2023-2025\u201d.<\/span><\/p>\n<p>&nbsp;<\/p>\n","protected":false},"excerpt":{"rendered":"<p>El consejo nacional de Morena aprob\u00f3 esta noche que se realice la insaculaci\u00f3n para definir a sus candidatos plurinominales y<\/p>\n","protected":false},"author":4,"featured_media":31840,"comment_status":"closed","ping_status":"closed","sticky":false,"template":"","format":"standard","meta":{"colormag_page_container_layout":"default_layout","colormag_page_sidebar_layout":"default_layout","_jetpack_memberships_contains_paid_content":false,"footnotes":"","jetpack_publicize_message":"","jetpack_publicize_feature_enabled":true,"jetpack_social_post_already_shared":false,"jetpack_social_options":{"image_generator_settings":{"template":"highway","default_image_id":0,"font":"","enabled":false},"version":2}},"categories":[33],"tags":[],"class_list":["post-31839","post","type-post","status-publish","format-standard","has-post-thumbnail","hentry","category-nacional"],"jetpack_publicize_connections":[],"jetpack_featured_media_url":"https:\/\/i0.wp.com\/politicosaldesnudo.com.mx\/wp-content\/uploads\/2024\/02\/mario-delgado-morena-1-920x425-1.jpeg?fit=920%2C425&ssl=1","jetpack-related-posts":[],"jetpack_sharing_enabled":true,"_links":{"self":[{"href":"https:\/\/politicosaldesnudo.com.mx\/index.php\/wp-json\/wp\/v2\/posts\/31839","targetHints":{"allow":["GET"]}}],"collection":[{"href":"https:\/\/politicosaldesnudo.com.mx\/index.php\/wp-json\/wp\/v2\/posts"}],"about":[{"href":"https:\/\/politicosaldesnudo.com.mx\/index.php\/wp-json\/wp\/v2\/types\/post"}],"author":[{"embeddable":true,"href":"https:\/\/politicosaldesnudo.com.mx\/index.php\/wp-json\/wp\/v2\/users\/4"}],"replies":[{"embeddable":true,"href":"https:\/\/politicosaldesnudo.com.mx\/index.php\/wp-json\/wp\/v2\/comments?post=31839"}],"version-history":[{"count":0,"href":"https:\/\/politicosaldesnudo.com.mx\/index.php\/wp-json\/wp\/v2\/posts\/31839\/revisions"}],"wp:featuredmedia":[{"embeddable":true,"href":"https:\/\/politicosaldesnudo.com.mx\/index.php\/wp-json\/wp\/v2\/media\/31840"}],"wp:attachment":[{"href":"https:\/\/politicosaldesnudo.com.mx\/index.php\/wp-json\/wp\/v2\/media?parent=31839"}],"wp:term":[{"taxonomy":"category","embeddable":true,"href":"https:\/\/politicosaldesnudo.com.mx\/index.php\/wp-json\/wp\/v2\/categories?post=31839"},{"taxonomy":"post_tag","embeddable":true,"href":"https:\/\/politicosaldesnudo.com.mx\/index.php\/wp-json\/wp\/v2\/tags?post=31839"}],"curies":[{"name":"wp","href":"https:\/\/api.w.org\/{rel}","templated":true}]}}