{"id":31906,"date":"2024-02-22T08:22:52","date_gmt":"2024-02-22T14:22:52","guid":{"rendered":"https:\/\/politicosaldesnudo.com.mx\/?p=31906"},"modified":"2024-02-22T08:22:52","modified_gmt":"2024-02-22T14:22:52","slug":"incumple-senado-prorroga-para-designar-a-dos-comisionados-del-inai","status":"publish","type":"post","link":"https:\/\/politicosaldesnudo.com.mx\/index.php\/2024\/02\/22\/incumple-senado-prorroga-para-designar-a-dos-comisionados-del-inai\/","title":{"rendered":"Incumple Senado pr\u00f3rroga para designar a dos comisionados del Inai"},"content":{"rendered":"<p><span style=\"font-size: 14pt;\">El Senado de la Rep\u00fablica no logr\u00f3 la pr\u00f3rroga que pidi\u00f3 a la Suprema Corte de Justicia de la Naci\u00f3n (SCJN) para designar a dos comisionados del Instituto Nacional de Transparencia, Acceso a la Informaci\u00f3n y Protecci\u00f3n de Datos Personales (Inai), luego de que la ministra presidenta, Norma Pi\u00f1a rechaz\u00f3 ampliar el plazo que venci\u00f3 el 15 de diciembre.<\/span><\/p>\n<p class=\"western\"><span style=\"font-size: 14pt;\">Pi\u00f1a Hern\u00e1ndez se\u00f1al\u00f3 que los legisladores cuentan con 10 d\u00edas h\u00e1biles, a partir de este jueves, para comprobar ante la SCJN que ya pusieron en marcha el procedimiento para concretar los nombramientos pendientes.<\/span><\/p>\n<p class=\"western\"><span style=\"font-size: 14pt;\">\u201cD\u00edgasele a la promovente que no se est\u00e1 en posibilidades de otorgar el plazo mayor que solicita, toda vez que este fue concedido por el Pleno de este Alto Tribunal, sin que la suscrita cuente con facultades para modificar tal determinaci\u00f3n\u00bb, explic\u00f3 la ministra.<\/span><\/p>\n<p class=\"western\"><span style=\"font-size: 14pt;\">Esto, luego de que la representante de la C\u00e1mara de Senadores ante la Corte pidi\u00f3 que se otorgara \u201cuna pr\u00f3rroga suficiente\u201d para dar cumplimiento a la sentencia del pleno del m\u00e1ximo tribunal del pa\u00eds para designar a los comisionados del Inai.<\/span><\/p>\n<p class=\"western\"><span style=\"font-size: 14pt;\">La SCJN orden\u00f3 al Senado designar a los dos comisionados a m\u00e1s tardar el 15 de diciembre, lo que no ocurri\u00f3 pues, nueve d\u00edas antes de la fecha se\u00f1alada, Morena y sus aliados emitieron votos nulos y ninguno de los aspirantes logr\u00f3 la mayor\u00eda calificada que se requer\u00eda.<\/span><\/p>\n<p class=\"western\"><span style=\"font-size: 14pt;\">\u201cToda vez que ha concluido el plazo concedido para cumplir con la ejecutoria del asunto, requi\u00e9rase a la C\u00e1mara de Senadores del Congreso de la Uni\u00f3n, por conducto de quien legalmente lo representa, para que de inmediato informe a este Alto Tribunal sobre los actos generados para la designaci\u00f3n y nombramiento de las personas comisionadas que ocupar\u00e1n las vacantes\u201d, se\u00f1ala el acuerdo.<\/span><\/p>\n<p class=\"western\"><span style=\"font-size: 14pt;\">Se trata de las vacantes que dejaron los comisionados Rosendoevgueny Monterrey Chepov y Francisco Javier Acu\u00f1a Llamas, quienes culminaron sus nombramientos en marzo de 2022 y 2023, respectivamente.<\/span><\/p>\n","protected":false},"excerpt":{"rendered":"<p>El Senado de la Rep\u00fablica no logr\u00f3 la pr\u00f3rroga que pidi\u00f3 a la Suprema Corte de Justicia de la Naci\u00f3n<\/p>\n","protected":false},"author":4,"featured_media":31907,"comment_status":"closed","ping_status":"closed","sticky":false,"template":"","format":"standard","meta":{"colormag_page_container_layout":"default_layout","colormag_page_sidebar_layout":"default_layout","_jetpack_memberships_contains_paid_content":false,"footnotes":"","jetpack_publicize_message":"","jetpack_publicize_feature_enabled":true,"jetpack_social_post_already_shared":false,"jetpack_social_options":{"image_generator_settings":{"template":"highway","default_image_id":0,"font":"","enabled":false},"version":2}},"categories":[33],"tags":[],"class_list":["post-31906","post","type-post","status-publish","format-standard","has-post-thumbnail","hentry","category-nacional"],"jetpack_publicize_connections":[],"jetpack_featured_media_url":"https:\/\/i0.wp.com\/politicosaldesnudo.com.mx\/wp-content\/uploads\/2024\/02\/SalonSesiones9-2-scaled.jpg?fit=2560%2C1707&ssl=1","jetpack-related-posts":[],"jetpack_sharing_enabled":true,"_links":{"self":[{"href":"https:\/\/politicosaldesnudo.com.mx\/index.php\/wp-json\/wp\/v2\/posts\/31906","targetHints":{"allow":["GET"]}}],"collection":[{"href":"https:\/\/politicosaldesnudo.com.mx\/index.php\/wp-json\/wp\/v2\/posts"}],"about":[{"href":"https:\/\/politicosaldesnudo.com.mx\/index.php\/wp-json\/wp\/v2\/types\/post"}],"author":[{"embeddable":true,"href":"https:\/\/politicosaldesnudo.com.mx\/index.php\/wp-json\/wp\/v2\/users\/4"}],"replies":[{"embeddable":true,"href":"https:\/\/politicosaldesnudo.com.mx\/index.php\/wp-json\/wp\/v2\/comments?post=31906"}],"version-history":[{"count":0,"href":"https:\/\/politicosaldesnudo.com.mx\/index.php\/wp-json\/wp\/v2\/posts\/31906\/revisions"}],"wp:featuredmedia":[{"embeddable":true,"href":"https:\/\/politicosaldesnudo.com.mx\/index.php\/wp-json\/wp\/v2\/media\/31907"}],"wp:attachment":[{"href":"https:\/\/politicosaldesnudo.com.mx\/index.php\/wp-json\/wp\/v2\/media?parent=31906"}],"wp:term":[{"taxonomy":"category","embeddable":true,"href":"https:\/\/politicosaldesnudo.com.mx\/index.php\/wp-json\/wp\/v2\/categories?post=31906"},{"taxonomy":"post_tag","embeddable":true,"href":"https:\/\/politicosaldesnudo.com.mx\/index.php\/wp-json\/wp\/v2\/tags?post=31906"}],"curies":[{"name":"wp","href":"https:\/\/api.w.org\/{rel}","templated":true}]}}