{"id":31974,"date":"2024-02-22T21:05:24","date_gmt":"2024-02-23T03:05:24","guid":{"rendered":"https:\/\/politicosaldesnudo.com.mx\/?p=31974"},"modified":"2024-02-22T21:05:24","modified_gmt":"2024-02-23T03:05:24","slug":"con-las-jornadas-de-salud-visual-se-mejora-la-calidad-de-vida-de-mas-tuxpenos","status":"publish","type":"post","link":"https:\/\/politicosaldesnudo.com.mx\/index.php\/2024\/02\/22\/con-las-jornadas-de-salud-visual-se-mejora-la-calidad-de-vida-de-mas-tuxpenos\/","title":{"rendered":"Con las Jornadas de Salud Visual se mejora la calidad de vida de m\u00e1s tuxpe\u00f1os"},"content":{"rendered":"<p><span style=\"font-size: 14pt;\">Tuxpan, Ver., 22 febrero 2024.- Con el fin de preservar la salud visual de las familias tuxpe\u00f1as, se realiz\u00f3 la jornada de prevenci\u00f3n de enfermedades en los ojos, en la planta baja de la presidencia municipal.<\/span><\/p>\n<p><img data-recalc-dims=\"1\" loading=\"lazy\" decoding=\"async\" class=\"aligncenter size-large wp-image-31978\" src=\"https:\/\/i0.wp.com\/politicosaldesnudo.com.mx\/wp-content\/uploads\/2024\/02\/WhatsApp-Image-2024-02-22-at-18.06.43-2-1024x768.jpeg?resize=800%2C600&#038;ssl=1\" alt=\"\" width=\"800\" height=\"600\" srcset=\"https:\/\/i0.wp.com\/politicosaldesnudo.com.mx\/wp-content\/uploads\/2024\/02\/WhatsApp-Image-2024-02-22-at-18.06.43-2.jpeg?resize=1024%2C768&amp;ssl=1 1024w, https:\/\/i0.wp.com\/politicosaldesnudo.com.mx\/wp-content\/uploads\/2024\/02\/WhatsApp-Image-2024-02-22-at-18.06.43-2.jpeg?resize=300%2C225&amp;ssl=1 300w, https:\/\/i0.wp.com\/politicosaldesnudo.com.mx\/wp-content\/uploads\/2024\/02\/WhatsApp-Image-2024-02-22-at-18.06.43-2.jpeg?resize=768%2C576&amp;ssl=1 768w, https:\/\/i0.wp.com\/politicosaldesnudo.com.mx\/wp-content\/uploads\/2024\/02\/WhatsApp-Image-2024-02-22-at-18.06.43-2.jpeg?resize=1536%2C1152&amp;ssl=1 1536w, https:\/\/i0.wp.com\/politicosaldesnudo.com.mx\/wp-content\/uploads\/2024\/02\/WhatsApp-Image-2024-02-22-at-18.06.43-2.jpeg?w=1600&amp;ssl=1 1600w\" sizes=\"auto, (max-width: 800px) 100vw, 800px\" \/><\/p>\n<p><span style=\"font-size: 14pt;\">Oftalm\u00f3logos del Grupo \u00d3ptico del Totonacapan llevaron a cabo de manera gratuita valoraciones para detectar defectos visuales como astigmatismo, miop\u00eda, presbicia, hipermetrop\u00eda, entre otros.<\/span><\/p>\n<p><img data-recalc-dims=\"1\" loading=\"lazy\" decoding=\"async\" class=\"aligncenter size-large wp-image-31977\" src=\"https:\/\/i0.wp.com\/politicosaldesnudo.com.mx\/wp-content\/uploads\/2024\/02\/WhatsApp-Image-2024-02-22-at-18.06.43-1-1024x768.jpeg?resize=800%2C600&#038;ssl=1\" alt=\"\" width=\"800\" height=\"600\" srcset=\"https:\/\/i0.wp.com\/politicosaldesnudo.com.mx\/wp-content\/uploads\/2024\/02\/WhatsApp-Image-2024-02-22-at-18.06.43-1.jpeg?resize=1024%2C768&amp;ssl=1 1024w, https:\/\/i0.wp.com\/politicosaldesnudo.com.mx\/wp-content\/uploads\/2024\/02\/WhatsApp-Image-2024-02-22-at-18.06.43-1.jpeg?resize=300%2C225&amp;ssl=1 300w, https:\/\/i0.wp.com\/politicosaldesnudo.com.mx\/wp-content\/uploads\/2024\/02\/WhatsApp-Image-2024-02-22-at-18.06.43-1.jpeg?resize=768%2C576&amp;ssl=1 768w, https:\/\/i0.wp.com\/politicosaldesnudo.com.mx\/wp-content\/uploads\/2024\/02\/WhatsApp-Image-2024-02-22-at-18.06.43-1.jpeg?resize=1536%2C1152&amp;ssl=1 1536w, https:\/\/i0.wp.com\/politicosaldesnudo.com.mx\/wp-content\/uploads\/2024\/02\/WhatsApp-Image-2024-02-22-at-18.06.43-1.jpeg?w=1600&amp;ssl=1 1600w\" sizes=\"auto, (max-width: 800px) 100vw, 800px\" \/><\/p>\n<p><span style=\"font-size: 14pt;\">Adem\u00e1s, a quienes lo requirieron, se les brind\u00f3 la oportunidad de adquirir lentes con una gran variedad de modelos de armazones y excelente calidad, a un costo muy bajo, apoyando con ello a la econom\u00eda familiar.<\/span><\/p>\n<p><img data-recalc-dims=\"1\" loading=\"lazy\" decoding=\"async\" class=\"aligncenter size-large wp-image-31976\" src=\"https:\/\/i0.wp.com\/politicosaldesnudo.com.mx\/wp-content\/uploads\/2024\/02\/WhatsApp-Image-2024-02-22-at-18.06.42-1024x681.jpeg?resize=800%2C532&#038;ssl=1\" alt=\"\" width=\"800\" height=\"532\" srcset=\"https:\/\/i0.wp.com\/politicosaldesnudo.com.mx\/wp-content\/uploads\/2024\/02\/WhatsApp-Image-2024-02-22-at-18.06.42.jpeg?resize=1024%2C681&amp;ssl=1 1024w, https:\/\/i0.wp.com\/politicosaldesnudo.com.mx\/wp-content\/uploads\/2024\/02\/WhatsApp-Image-2024-02-22-at-18.06.42.jpeg?resize=300%2C199&amp;ssl=1 300w, https:\/\/i0.wp.com\/politicosaldesnudo.com.mx\/wp-content\/uploads\/2024\/02\/WhatsApp-Image-2024-02-22-at-18.06.42.jpeg?resize=768%2C511&amp;ssl=1 768w, https:\/\/i0.wp.com\/politicosaldesnudo.com.mx\/wp-content\/uploads\/2024\/02\/WhatsApp-Image-2024-02-22-at-18.06.42.jpeg?w=1280&amp;ssl=1 1280w\" sizes=\"auto, (max-width: 800px) 100vw, 800px\" \/><\/p>\n<p><span style=\"font-size: 14pt;\">La s\u00edndica Beatriz Pi\u00f1a invit\u00f3 a la poblaci\u00f3n a que acudan el pr\u00f3ximo jueves a la jornada de salud visual, de 10:00 de la ma\u00f1ana a 3:00 de la tarde, en esa misma sede.<\/span><\/p>\n<p><img data-recalc-dims=\"1\" loading=\"lazy\" decoding=\"async\" class=\"aligncenter size-large wp-image-31975\" src=\"https:\/\/i0.wp.com\/politicosaldesnudo.com.mx\/wp-content\/uploads\/2024\/02\/WhatsApp-Image-2024-02-22-at-18.06.42-1-1024x681.jpeg?resize=800%2C532&#038;ssl=1\" alt=\"\" width=\"800\" height=\"532\" srcset=\"https:\/\/i0.wp.com\/politicosaldesnudo.com.mx\/wp-content\/uploads\/2024\/02\/WhatsApp-Image-2024-02-22-at-18.06.42-1.jpeg?resize=1024%2C681&amp;ssl=1 1024w, https:\/\/i0.wp.com\/politicosaldesnudo.com.mx\/wp-content\/uploads\/2024\/02\/WhatsApp-Image-2024-02-22-at-18.06.42-1.jpeg?resize=300%2C199&amp;ssl=1 300w, https:\/\/i0.wp.com\/politicosaldesnudo.com.mx\/wp-content\/uploads\/2024\/02\/WhatsApp-Image-2024-02-22-at-18.06.42-1.jpeg?resize=768%2C511&amp;ssl=1 768w, https:\/\/i0.wp.com\/politicosaldesnudo.com.mx\/wp-content\/uploads\/2024\/02\/WhatsApp-Image-2024-02-22-at-18.06.42-1.jpeg?w=1280&amp;ssl=1 1280w\" sizes=\"auto, (max-width: 800px) 100vw, 800px\" \/><\/p>\n<p><span style=\"font-size: 14pt;\">Con estas campa\u00f1as, el gobierno de Tuxpan que preside el Lic. Jos\u00e9 Manuel Pozos Castro, y la sindicatura \u00fanica, a cargo de la Mtra. Beatriz Pi\u00f1a Vergara, cumplen con el compromiso de fomentar la cultura de la prevenci\u00f3n y autocuidado de la salud.<\/span><\/p>\n","protected":false},"excerpt":{"rendered":"<p>Tuxpan, Ver., 22 febrero 2024.- Con el fin de preservar la salud visual de las familias tuxpe\u00f1as, se realiz\u00f3 la<\/p>\n","protected":false},"author":4,"featured_media":31979,"comment_status":"closed","ping_status":"closed","sticky":false,"template":"","format":"standard","meta":{"colormag_page_container_layout":"default_layout","colormag_page_sidebar_layout":"default_layout","_jetpack_memberships_contains_paid_content":false,"footnotes":"","jetpack_publicize_message":"","jetpack_publicize_feature_enabled":true,"jetpack_social_post_already_shared":false,"jetpack_social_options":{"image_generator_settings":{"template":"highway","default_image_id":0,"font":"","enabled":false},"version":2}},"categories":[1082],"tags":[],"class_list":["post-31974","post","type-post","status-publish","format-standard","has-post-thumbnail","hentry","category-tuxpan"],"jetpack_publicize_connections":[],"jetpack_featured_media_url":"https:\/\/i0.wp.com\/politicosaldesnudo.com.mx\/wp-content\/uploads\/2024\/02\/WhatsApp-Image-2024-02-22-at-18.06.43.jpeg?fit=1280%2C851&ssl=1","jetpack-related-posts":[],"jetpack_sharing_enabled":true,"_links":{"self":[{"href":"https:\/\/politicosaldesnudo.com.mx\/index.php\/wp-json\/wp\/v2\/posts\/31974","targetHints":{"allow":["GET"]}}],"collection":[{"href":"https:\/\/politicosaldesnudo.com.mx\/index.php\/wp-json\/wp\/v2\/posts"}],"about":[{"href":"https:\/\/politicosaldesnudo.com.mx\/index.php\/wp-json\/wp\/v2\/types\/post"}],"author":[{"embeddable":true,"href":"https:\/\/politicosaldesnudo.com.mx\/index.php\/wp-json\/wp\/v2\/users\/4"}],"replies":[{"embeddable":true,"href":"https:\/\/politicosaldesnudo.com.mx\/index.php\/wp-json\/wp\/v2\/comments?post=31974"}],"version-history":[{"count":0,"href":"https:\/\/politicosaldesnudo.com.mx\/index.php\/wp-json\/wp\/v2\/posts\/31974\/revisions"}],"wp:featuredmedia":[{"embeddable":true,"href":"https:\/\/politicosaldesnudo.com.mx\/index.php\/wp-json\/wp\/v2\/media\/31979"}],"wp:attachment":[{"href":"https:\/\/politicosaldesnudo.com.mx\/index.php\/wp-json\/wp\/v2\/media?parent=31974"}],"wp:term":[{"taxonomy":"category","embeddable":true,"href":"https:\/\/politicosaldesnudo.com.mx\/index.php\/wp-json\/wp\/v2\/categories?post=31974"},{"taxonomy":"post_tag","embeddable":true,"href":"https:\/\/politicosaldesnudo.com.mx\/index.php\/wp-json\/wp\/v2\/tags?post=31974"}],"curies":[{"name":"wp","href":"https:\/\/api.w.org\/{rel}","templated":true}]}}