{"id":32070,"date":"2024-02-23T12:19:50","date_gmt":"2024-02-23T18:19:50","guid":{"rendered":"https:\/\/politicosaldesnudo.com.mx\/?p=32070"},"modified":"2024-02-23T12:19:50","modified_gmt":"2024-02-23T18:19:50","slug":"entrega-dif-tuxpan-despensas-a-grupos-de-atencion-prioritaria","status":"publish","type":"post","link":"https:\/\/politicosaldesnudo.com.mx\/index.php\/2024\/02\/23\/entrega-dif-tuxpan-despensas-a-grupos-de-atencion-prioritaria\/","title":{"rendered":"Entrega DIF Tuxpan despensas a grupos de atenci\u00f3n prioritaria"},"content":{"rendered":"<p><span style=\"font-size: 14pt;\">\u2022 La titular del DIF Municipal, Pamela Morales Huesca otorg\u00f3 m\u00e1s de 190 paquetes alimentarios a familias de las comunidades Nueva Esperanza, El Salto, Alto de San Lorenzo y Baltazar.<\/span><\/p>\n<p><span style=\"font-size: 14pt;\">Tuxpan, Ver., 22 de febrero 2024. &#8211; Como parte del Programa de Atenci\u00f3n Alimentaria a Grupos Prioritarios del DIF Estatal, la Lic. Pamela Morales Huesca, presidenta del Sistema para el Desarrollo Integral de la Familia (DIF) Tuxpan, entreg\u00f3 m\u00e1s de 190 despensas a familias de las comunidades de Nueva Esperanza, El Salto, Alto de San Lorenzo y Baltazar.<\/span><\/p>\n<p><img data-recalc-dims=\"1\" loading=\"lazy\" decoding=\"async\" class=\"aligncenter size-large wp-image-32077\" src=\"https:\/\/i0.wp.com\/politicosaldesnudo.com.mx\/wp-content\/uploads\/2024\/02\/WhatsApp-Image-2024-02-22-at-21.22.35-1024x768.jpeg?resize=800%2C600&#038;ssl=1\" alt=\"\" width=\"800\" height=\"600\" srcset=\"https:\/\/i0.wp.com\/politicosaldesnudo.com.mx\/wp-content\/uploads\/2024\/02\/WhatsApp-Image-2024-02-22-at-21.22.35.jpeg?resize=1024%2C768&amp;ssl=1 1024w, https:\/\/i0.wp.com\/politicosaldesnudo.com.mx\/wp-content\/uploads\/2024\/02\/WhatsApp-Image-2024-02-22-at-21.22.35.jpeg?resize=300%2C225&amp;ssl=1 300w, https:\/\/i0.wp.com\/politicosaldesnudo.com.mx\/wp-content\/uploads\/2024\/02\/WhatsApp-Image-2024-02-22-at-21.22.35.jpeg?resize=768%2C576&amp;ssl=1 768w, https:\/\/i0.wp.com\/politicosaldesnudo.com.mx\/wp-content\/uploads\/2024\/02\/WhatsApp-Image-2024-02-22-at-21.22.35.jpeg?resize=1536%2C1152&amp;ssl=1 1536w, https:\/\/i0.wp.com\/politicosaldesnudo.com.mx\/wp-content\/uploads\/2024\/02\/WhatsApp-Image-2024-02-22-at-21.22.35.jpeg?w=1600&amp;ssl=1 1600w\" sizes=\"auto, (max-width: 800px) 100vw, 800px\" \/><\/p>\n<p><span style=\"font-size: 14pt;\">Durante la ma\u00f1ana de este jueves, la titular del DIF Municipal acudi\u00f3 a las comunidades ubicadas en la ruta Tamiahua, donde salud\u00f3 a agentes municipales y beneficiados, expresando el compromiso del organismo que encabeza y del Alcalde Jos\u00e9 Manuel Pozos Castro; garantizar el derecho a la alimentaci\u00f3n de las personas m\u00e1s vulnerables.<\/span><\/p>\n<p><img data-recalc-dims=\"1\" loading=\"lazy\" decoding=\"async\" class=\"aligncenter size-large wp-image-32075\" src=\"https:\/\/i0.wp.com\/politicosaldesnudo.com.mx\/wp-content\/uploads\/2024\/02\/WhatsApp-Image-2024-02-22-at-21.22.34-4-1024x768.jpeg?resize=800%2C600&#038;ssl=1\" alt=\"\" width=\"800\" height=\"600\" srcset=\"https:\/\/i0.wp.com\/politicosaldesnudo.com.mx\/wp-content\/uploads\/2024\/02\/WhatsApp-Image-2024-02-22-at-21.22.34-4.jpeg?resize=1024%2C768&amp;ssl=1 1024w, https:\/\/i0.wp.com\/politicosaldesnudo.com.mx\/wp-content\/uploads\/2024\/02\/WhatsApp-Image-2024-02-22-at-21.22.34-4.jpeg?resize=300%2C225&amp;ssl=1 300w, https:\/\/i0.wp.com\/politicosaldesnudo.com.mx\/wp-content\/uploads\/2024\/02\/WhatsApp-Image-2024-02-22-at-21.22.34-4.jpeg?resize=768%2C576&amp;ssl=1 768w, https:\/\/i0.wp.com\/politicosaldesnudo.com.mx\/wp-content\/uploads\/2024\/02\/WhatsApp-Image-2024-02-22-at-21.22.34-4.jpeg?resize=1536%2C1152&amp;ssl=1 1536w, https:\/\/i0.wp.com\/politicosaldesnudo.com.mx\/wp-content\/uploads\/2024\/02\/WhatsApp-Image-2024-02-22-at-21.22.34-4.jpeg?w=1600&amp;ssl=1 1600w\" sizes=\"auto, (max-width: 800px) 100vw, 800px\" \/><\/p>\n<p><span style=\"font-size: 14pt;\">Acompa\u00f1ada del Director del DIF Municipal, Eliseo Reyes Melchor y del personal de la coordinaci\u00f3n de asistencia alimentaria y desarrollo comunitario, Morales Huesca destac\u00f3 que en la instituci\u00f3n que preside adem\u00e1s de contar con el respaldo alimentario que se promueve desde el Gobierno y el DIF de Veracruz, a nivel local tambi\u00e9n se cuentan con programas en los rubros de salud, asistencia social y capacitaci\u00f3n.<\/span><\/p>\n<p><img data-recalc-dims=\"1\" loading=\"lazy\" decoding=\"async\" class=\"aligncenter size-large wp-image-32074\" src=\"https:\/\/i0.wp.com\/politicosaldesnudo.com.mx\/wp-content\/uploads\/2024\/02\/WhatsApp-Image-2024-02-22-at-21.22.34-3-1024x768.jpeg?resize=800%2C600&#038;ssl=1\" alt=\"\" width=\"800\" height=\"600\" srcset=\"https:\/\/i0.wp.com\/politicosaldesnudo.com.mx\/wp-content\/uploads\/2024\/02\/WhatsApp-Image-2024-02-22-at-21.22.34-3.jpeg?resize=1024%2C768&amp;ssl=1 1024w, https:\/\/i0.wp.com\/politicosaldesnudo.com.mx\/wp-content\/uploads\/2024\/02\/WhatsApp-Image-2024-02-22-at-21.22.34-3.jpeg?resize=300%2C225&amp;ssl=1 300w, https:\/\/i0.wp.com\/politicosaldesnudo.com.mx\/wp-content\/uploads\/2024\/02\/WhatsApp-Image-2024-02-22-at-21.22.34-3.jpeg?resize=768%2C576&amp;ssl=1 768w, https:\/\/i0.wp.com\/politicosaldesnudo.com.mx\/wp-content\/uploads\/2024\/02\/WhatsApp-Image-2024-02-22-at-21.22.34-3.jpeg?resize=1536%2C1152&amp;ssl=1 1536w, https:\/\/i0.wp.com\/politicosaldesnudo.com.mx\/wp-content\/uploads\/2024\/02\/WhatsApp-Image-2024-02-22-at-21.22.34-3.jpeg?w=1600&amp;ssl=1 1600w\" sizes=\"auto, (max-width: 800px) 100vw, 800px\" \/><\/p>\n<p><span style=\"font-size: 14pt;\">Por ello, invit\u00f3 a las autoridades comunitarias y a sus representados acercarse a la instituci\u00f3n para que tengan acceso a m\u00e1s beneficios como son las jornadas de atenci\u00f3n medica general y odontol\u00f3gica, talleres de capacitaci\u00f3n y emprendimiento en reposter\u00eda, manualidades, panader\u00eda, pizza, entre otros.<\/span><\/p>\n<p><img data-recalc-dims=\"1\" loading=\"lazy\" decoding=\"async\" class=\"aligncenter size-large wp-image-32073\" src=\"https:\/\/i0.wp.com\/politicosaldesnudo.com.mx\/wp-content\/uploads\/2024\/02\/WhatsApp-Image-2024-02-22-at-21.22.34-2-1024x682.jpeg?resize=800%2C533&#038;ssl=1\" alt=\"\" width=\"800\" height=\"533\" srcset=\"https:\/\/i0.wp.com\/politicosaldesnudo.com.mx\/wp-content\/uploads\/2024\/02\/WhatsApp-Image-2024-02-22-at-21.22.34-2.jpeg?resize=1024%2C682&amp;ssl=1 1024w, https:\/\/i0.wp.com\/politicosaldesnudo.com.mx\/wp-content\/uploads\/2024\/02\/WhatsApp-Image-2024-02-22-at-21.22.34-2.jpeg?resize=300%2C200&amp;ssl=1 300w, https:\/\/i0.wp.com\/politicosaldesnudo.com.mx\/wp-content\/uploads\/2024\/02\/WhatsApp-Image-2024-02-22-at-21.22.34-2.jpeg?resize=768%2C512&amp;ssl=1 768w, https:\/\/i0.wp.com\/politicosaldesnudo.com.mx\/wp-content\/uploads\/2024\/02\/WhatsApp-Image-2024-02-22-at-21.22.34-2.jpeg?resize=1536%2C1023&amp;ssl=1 1536w, https:\/\/i0.wp.com\/politicosaldesnudo.com.mx\/wp-content\/uploads\/2024\/02\/WhatsApp-Image-2024-02-22-at-21.22.34-2.jpeg?w=1600&amp;ssl=1 1600w\" sizes=\"auto, (max-width: 800px) 100vw, 800px\" \/><\/p>\n<p><span style=\"font-size: 14pt;\">Cabe destacar que el Programa de Atenci\u00f3n Alimentaria a Grupos Prioritarios continuar\u00e1 llegando a m\u00e1s familias vulnerables del campo y la ciudad.<\/span><\/p>\n<p><img data-recalc-dims=\"1\" loading=\"lazy\" decoding=\"async\" class=\"aligncenter size-large wp-image-32072\" src=\"https:\/\/i0.wp.com\/politicosaldesnudo.com.mx\/wp-content\/uploads\/2024\/02\/WhatsApp-Image-2024-02-22-at-21.22.34-1-1024x682.jpeg?resize=800%2C533&#038;ssl=1\" alt=\"\" width=\"800\" height=\"533\" srcset=\"https:\/\/i0.wp.com\/politicosaldesnudo.com.mx\/wp-content\/uploads\/2024\/02\/WhatsApp-Image-2024-02-22-at-21.22.34-1.jpeg?resize=1024%2C682&amp;ssl=1 1024w, https:\/\/i0.wp.com\/politicosaldesnudo.com.mx\/wp-content\/uploads\/2024\/02\/WhatsApp-Image-2024-02-22-at-21.22.34-1.jpeg?resize=300%2C200&amp;ssl=1 300w, https:\/\/i0.wp.com\/politicosaldesnudo.com.mx\/wp-content\/uploads\/2024\/02\/WhatsApp-Image-2024-02-22-at-21.22.34-1.jpeg?resize=768%2C512&amp;ssl=1 768w, https:\/\/i0.wp.com\/politicosaldesnudo.com.mx\/wp-content\/uploads\/2024\/02\/WhatsApp-Image-2024-02-22-at-21.22.34-1.jpeg?resize=1536%2C1023&amp;ssl=1 1536w, https:\/\/i0.wp.com\/politicosaldesnudo.com.mx\/wp-content\/uploads\/2024\/02\/WhatsApp-Image-2024-02-22-at-21.22.34-1.jpeg?w=1600&amp;ssl=1 1600w\" sizes=\"auto, (max-width: 800px) 100vw, 800px\" \/><\/p>\n","protected":false},"excerpt":{"rendered":"<p>\u2022 La titular del DIF Municipal, Pamela Morales Huesca otorg\u00f3 m\u00e1s de 190 paquetes alimentarios a familias de las comunidades<\/p>\n","protected":false},"author":4,"featured_media":32076,"comment_status":"closed","ping_status":"closed","sticky":false,"template":"","format":"standard","meta":{"colormag_page_container_layout":"default_layout","colormag_page_sidebar_layout":"default_layout","_jetpack_memberships_contains_paid_content":false,"footnotes":"","jetpack_publicize_message":"","jetpack_publicize_feature_enabled":true,"jetpack_social_post_already_shared":false,"jetpack_social_options":{"image_generator_settings":{"template":"highway","default_image_id":0,"font":"","enabled":false},"version":2}},"categories":[1082],"tags":[],"class_list":["post-32070","post","type-post","status-publish","format-standard","has-post-thumbnail","hentry","category-tuxpan"],"jetpack_publicize_connections":[],"jetpack_featured_media_url":"https:\/\/i0.wp.com\/politicosaldesnudo.com.mx\/wp-content\/uploads\/2024\/02\/WhatsApp-Image-2024-02-22-at-21.22.34.jpeg?fit=1600%2C1066&ssl=1","jetpack-related-posts":[],"jetpack_sharing_enabled":true,"_links":{"self":[{"href":"https:\/\/politicosaldesnudo.com.mx\/index.php\/wp-json\/wp\/v2\/posts\/32070","targetHints":{"allow":["GET"]}}],"collection":[{"href":"https:\/\/politicosaldesnudo.com.mx\/index.php\/wp-json\/wp\/v2\/posts"}],"about":[{"href":"https:\/\/politicosaldesnudo.com.mx\/index.php\/wp-json\/wp\/v2\/types\/post"}],"author":[{"embeddable":true,"href":"https:\/\/politicosaldesnudo.com.mx\/index.php\/wp-json\/wp\/v2\/users\/4"}],"replies":[{"embeddable":true,"href":"https:\/\/politicosaldesnudo.com.mx\/index.php\/wp-json\/wp\/v2\/comments?post=32070"}],"version-history":[{"count":0,"href":"https:\/\/politicosaldesnudo.com.mx\/index.php\/wp-json\/wp\/v2\/posts\/32070\/revisions"}],"wp:featuredmedia":[{"embeddable":true,"href":"https:\/\/politicosaldesnudo.com.mx\/index.php\/wp-json\/wp\/v2\/media\/32076"}],"wp:attachment":[{"href":"https:\/\/politicosaldesnudo.com.mx\/index.php\/wp-json\/wp\/v2\/media?parent=32070"}],"wp:term":[{"taxonomy":"category","embeddable":true,"href":"https:\/\/politicosaldesnudo.com.mx\/index.php\/wp-json\/wp\/v2\/categories?post=32070"},{"taxonomy":"post_tag","embeddable":true,"href":"https:\/\/politicosaldesnudo.com.mx\/index.php\/wp-json\/wp\/v2\/tags?post=32070"}],"curies":[{"name":"wp","href":"https:\/\/api.w.org\/{rel}","templated":true}]}}