{"id":32165,"date":"2024-02-26T01:53:50","date_gmt":"2024-02-26T07:53:50","guid":{"rendered":"https:\/\/politicosaldesnudo.com.mx\/?p=32165"},"modified":"2024-02-26T01:53:50","modified_gmt":"2024-02-26T07:53:50","slug":"se-inauguro-la-pavimentacion-con-concreto-hidraulico-de-la-calle-miguel-hidalgo-de-la-colonia-insurgentes","status":"publish","type":"post","link":"https:\/\/politicosaldesnudo.com.mx\/index.php\/2024\/02\/26\/se-inauguro-la-pavimentacion-con-concreto-hidraulico-de-la-calle-miguel-hidalgo-de-la-colonia-insurgentes\/","title":{"rendered":"Se inaugur\u00f3 la pavimentaci\u00f3n con concreto hidr\u00e1ulico de la calle Miguel Hidalgo, de la colonia Insurgentes"},"content":{"rendered":"<p><span style=\"font-size: 14pt;\">Tuxpan, Ver., 25 de febrero de 2024.- Como parte del compromiso de acercar bienestar y progreso a donde m\u00e1s se necesita, el gobierno de Tuxpan inaugur\u00f3 la construcci\u00f3n de pavimentaci\u00f3n con concreto hidr\u00e1ulico de la calle Miguel Hidalgo, de la colonia Insurgentes.<\/span><\/p>\n<audio class=\"wp-audio-shortcode\" id=\"audio-32165-1\" preload=\"none\" style=\"width: 100%;\" controls=\"controls\"><source type=\"audio\/mpeg\" src=\"https:\/\/politicosaldesnudo.com.mx\/wp-content\/uploads\/2024\/02\/WhatsApp-Audio-2024-02-25-at-18.13.42.mp3?_=1\" \/><a href=\"https:\/\/politicosaldesnudo.com.mx\/wp-content\/uploads\/2024\/02\/WhatsApp-Audio-2024-02-25-at-18.13.42.mp3\">https:\/\/politicosaldesnudo.com.mx\/wp-content\/uploads\/2024\/02\/WhatsApp-Audio-2024-02-25-at-18.13.42.mp3<\/a><\/audio>\n<p><span style=\"font-size: 14pt;\">El alcalde Jos\u00e9 Manuel Pozos Castro; la s\u00edndica \u00fanica Mtra. Beatriz Pi\u00f1a Vergara; las regidoras y los regidores Maryanela Monroy Flores, Anah\u00ed Aguilar L\u00f3pez, Juan G\u00f3mez Garc\u00eda, Luis Demetrio L\u00f3pez Mar\u00edn y Axel Bernal Herrera encabezaron la entrega de la obra.<\/span><\/p>\n<p><span style=\"font-size: 14pt;\">Se destinaron 2 millones 991 mil 732 pesos del Fondo de Aportaciones para la Infraestructura Social Municipal, para aplicar concreto hidr\u00e1ulico a 283 metros, entre las calles Leona Vicario e Ignacio Allende.<\/span><\/p>\n<p><img data-recalc-dims=\"1\" loading=\"lazy\" decoding=\"async\" class=\"aligncenter size-large wp-image-32168\" src=\"https:\/\/i0.wp.com\/politicosaldesnudo.com.mx\/wp-content\/uploads\/2024\/02\/WhatsApp-Image-2024-02-25-at-18.08.21-1024x681.jpeg?resize=800%2C532&#038;ssl=1\" alt=\"\" width=\"800\" height=\"532\" srcset=\"https:\/\/i0.wp.com\/politicosaldesnudo.com.mx\/wp-content\/uploads\/2024\/02\/WhatsApp-Image-2024-02-25-at-18.08.21.jpeg?resize=1024%2C681&amp;ssl=1 1024w, https:\/\/i0.wp.com\/politicosaldesnudo.com.mx\/wp-content\/uploads\/2024\/02\/WhatsApp-Image-2024-02-25-at-18.08.21.jpeg?resize=300%2C199&amp;ssl=1 300w, https:\/\/i0.wp.com\/politicosaldesnudo.com.mx\/wp-content\/uploads\/2024\/02\/WhatsApp-Image-2024-02-25-at-18.08.21.jpeg?resize=768%2C511&amp;ssl=1 768w, https:\/\/i0.wp.com\/politicosaldesnudo.com.mx\/wp-content\/uploads\/2024\/02\/WhatsApp-Image-2024-02-25-at-18.08.21.jpeg?w=1280&amp;ssl=1 1280w\" sizes=\"auto, (max-width: 800px) 100vw, 800px\" \/><\/p>\n<p><span style=\"font-size: 14pt;\">El alcalde Jos\u00e9 Manuel Pozos mencion\u00f3 en su mensaje que quienes integran el cabildo se sienten orgullosos cada vez que inauguran una calle, porque son obras que benefician a la poblaci\u00f3n.<\/span><\/p>\n<p><span style=\"font-size: 14pt;\">\u201cPor eso les expreso mi reconocimiento, porque cada proyecto que se hace lleva el respaldo y la aprobaci\u00f3n de todos\u2026 porque desde el inicio de esta administraci\u00f3n nos hicimos el compromiso de que la justicia social y las obras lleguen a donde m\u00e1s se necesitan\u201d, dijo.<\/span><\/p>\n<p><span style=\"font-size: 14pt;\">Pozos Castro se\u00f1al\u00f3 la relevancia de esta urbanizaci\u00f3n, ya que se da un gran paso para enlazar calles importantes de las colonias Insurgentes, Obrera, Ampliaci\u00f3n Obrera y El Retiro.<\/span><\/p>\n<p><img data-recalc-dims=\"1\" loading=\"lazy\" decoding=\"async\" class=\"aligncenter size-large wp-image-32169\" src=\"https:\/\/i0.wp.com\/politicosaldesnudo.com.mx\/wp-content\/uploads\/2024\/02\/WhatsApp-Image-2024-02-25-at-18.08.221-1024x681.jpeg?resize=800%2C532&#038;ssl=1\" alt=\"\" width=\"800\" height=\"532\" srcset=\"https:\/\/i0.wp.com\/politicosaldesnudo.com.mx\/wp-content\/uploads\/2024\/02\/WhatsApp-Image-2024-02-25-at-18.08.221.jpeg?resize=1024%2C681&amp;ssl=1 1024w, https:\/\/i0.wp.com\/politicosaldesnudo.com.mx\/wp-content\/uploads\/2024\/02\/WhatsApp-Image-2024-02-25-at-18.08.221.jpeg?resize=300%2C199&amp;ssl=1 300w, https:\/\/i0.wp.com\/politicosaldesnudo.com.mx\/wp-content\/uploads\/2024\/02\/WhatsApp-Image-2024-02-25-at-18.08.221.jpeg?resize=768%2C511&amp;ssl=1 768w, https:\/\/i0.wp.com\/politicosaldesnudo.com.mx\/wp-content\/uploads\/2024\/02\/WhatsApp-Image-2024-02-25-at-18.08.221.jpeg?w=1280&amp;ssl=1 1280w\" sizes=\"auto, (max-width: 800px) 100vw, 800px\" \/><\/p>\n<p><span style=\"font-size: 14pt;\">As\u00ed mismo, destac\u00f3 que hoy las obras se hacen con calidad, porque es la \u00fanica manera de que sean de gran utilidad y puedan durar muchos a\u00f1os. En ese sentido tambi\u00e9n agradeci\u00f3 a los vecinos de la calle que participaron supervisando este proyecto:<\/span><\/p>\n<p><span style=\"font-size: 14pt;\">\u201cCuando la sociedad participa y trabaja de la mano del gobierno, se logran obras y acciones que mejoran la calidad de vida de todos. Tengan la seguridad de que continuaremos trabajando muy cerca con ustedes, como lo hemos venido haciendo\u201d, finaliz\u00f3.<\/span><\/p>\n<p><span style=\"font-size: 14pt;\">La presidenta del Comit\u00e9 de Contralor\u00eda Social, Laura Heidi Gallardo Beltr\u00e1n, dio la bienvenida a las autoridades y agradeci\u00f3 por la obra, ya que -dijo- en m\u00e1s de 43 a\u00f1os no se hab\u00eda invertido en su colonia.<\/span><\/p>\n<p><span style=\"font-size: 14pt;\">Dijo que con esta calle se beneficiar\u00e1n todas las familias que ah\u00ed residen, pues ya no tendr\u00e1n que enlodarse en \u00e9poca de lluvia.<\/span><\/p>\n<p><img data-recalc-dims=\"1\" loading=\"lazy\" decoding=\"async\" class=\"aligncenter size-large wp-image-32170\" src=\"https:\/\/i0.wp.com\/politicosaldesnudo.com.mx\/wp-content\/uploads\/2024\/02\/WhatsApp-Image-2024-02-25-at-18.08.22-1024x681.jpeg?resize=800%2C532&#038;ssl=1\" alt=\"\" width=\"800\" height=\"532\" srcset=\"https:\/\/i0.wp.com\/politicosaldesnudo.com.mx\/wp-content\/uploads\/2024\/02\/WhatsApp-Image-2024-02-25-at-18.08.22.jpeg?resize=1024%2C681&amp;ssl=1 1024w, https:\/\/i0.wp.com\/politicosaldesnudo.com.mx\/wp-content\/uploads\/2024\/02\/WhatsApp-Image-2024-02-25-at-18.08.22.jpeg?resize=300%2C199&amp;ssl=1 300w, https:\/\/i0.wp.com\/politicosaldesnudo.com.mx\/wp-content\/uploads\/2024\/02\/WhatsApp-Image-2024-02-25-at-18.08.22.jpeg?resize=768%2C511&amp;ssl=1 768w, https:\/\/i0.wp.com\/politicosaldesnudo.com.mx\/wp-content\/uploads\/2024\/02\/WhatsApp-Image-2024-02-25-at-18.08.22.jpeg?w=1280&amp;ssl=1 1280w\" sizes=\"auto, (max-width: 800px) 100vw, 800px\" \/><\/p>\n<p><span style=\"font-size: 14pt;\">Este evento tambi\u00e9n cont\u00f3 con la presencia de vecinos de la calle Miguel Hidalgo; Jes\u00fas Carballo Serrano, director de Desarrollo Social; Pedro de Jes\u00fas Espinoza P\u00e9rez, director de Obras P\u00fablicas; Inocente Hern\u00e1ndez Salinas y Evelio Santos Lecona, consejero y vocal comunitario, respectivamente, del Consejo de Desarrollo Municipal; directores y coordinadores de \u00e1rea del Ayuntamiento.<\/span><\/p>\n<p><span style=\"font-size: 14pt;\">*Este programa es p\u00fablico, ajeno a cualquier partido pol\u00edtico. Queda prohibido el uso con fines ajenos a los establecidos en este programa.<\/span><\/p>\n","protected":false},"excerpt":{"rendered":"<p>Tuxpan, Ver., 25 de febrero de 2024.- Como parte del compromiso de acercar bienestar y progreso a donde m\u00e1s se<\/p>\n","protected":false},"author":4,"featured_media":32167,"comment_status":"closed","ping_status":"closed","sticky":false,"template":"","format":"standard","meta":{"colormag_page_container_layout":"default_layout","colormag_page_sidebar_layout":"default_layout","_jetpack_memberships_contains_paid_content":false,"footnotes":"","jetpack_publicize_message":"","jetpack_publicize_feature_enabled":true,"jetpack_social_post_already_shared":false,"jetpack_social_options":{"image_generator_settings":{"template":"highway","default_image_id":0,"font":"","enabled":false},"version":2}},"categories":[1082],"tags":[],"class_list":["post-32165","post","type-post","status-publish","format-standard","has-post-thumbnail","hentry","category-tuxpan"],"jetpack_publicize_connections":[],"jetpack_featured_media_url":"https:\/\/i0.wp.com\/politicosaldesnudo.com.mx\/wp-content\/uploads\/2024\/02\/WhatsApp-Image-2024-02-25-at-18.08.211.jpeg?fit=1280%2C851&ssl=1","jetpack-related-posts":[],"jetpack_sharing_enabled":true,"_links":{"self":[{"href":"https:\/\/politicosaldesnudo.com.mx\/index.php\/wp-json\/wp\/v2\/posts\/32165","targetHints":{"allow":["GET"]}}],"collection":[{"href":"https:\/\/politicosaldesnudo.com.mx\/index.php\/wp-json\/wp\/v2\/posts"}],"about":[{"href":"https:\/\/politicosaldesnudo.com.mx\/index.php\/wp-json\/wp\/v2\/types\/post"}],"author":[{"embeddable":true,"href":"https:\/\/politicosaldesnudo.com.mx\/index.php\/wp-json\/wp\/v2\/users\/4"}],"replies":[{"embeddable":true,"href":"https:\/\/politicosaldesnudo.com.mx\/index.php\/wp-json\/wp\/v2\/comments?post=32165"}],"version-history":[{"count":0,"href":"https:\/\/politicosaldesnudo.com.mx\/index.php\/wp-json\/wp\/v2\/posts\/32165\/revisions"}],"wp:featuredmedia":[{"embeddable":true,"href":"https:\/\/politicosaldesnudo.com.mx\/index.php\/wp-json\/wp\/v2\/media\/32167"}],"wp:attachment":[{"href":"https:\/\/politicosaldesnudo.com.mx\/index.php\/wp-json\/wp\/v2\/media?parent=32165"}],"wp:term":[{"taxonomy":"category","embeddable":true,"href":"https:\/\/politicosaldesnudo.com.mx\/index.php\/wp-json\/wp\/v2\/categories?post=32165"},{"taxonomy":"post_tag","embeddable":true,"href":"https:\/\/politicosaldesnudo.com.mx\/index.php\/wp-json\/wp\/v2\/tags?post=32165"}],"curies":[{"name":"wp","href":"https:\/\/api.w.org\/{rel}","templated":true}]}}