{"id":32263,"date":"2024-02-27T10:01:30","date_gmt":"2024-02-27T16:01:30","guid":{"rendered":"https:\/\/politicosaldesnudo.com.mx\/?p=32263"},"modified":"2024-02-27T10:18:02","modified_gmt":"2024-02-27T16:18:02","slug":"sectur-invita-a-eventos-previa-veda-electoral","status":"publish","type":"post","link":"https:\/\/politicosaldesnudo.com.mx\/index.php\/2024\/02\/27\/sectur-invita-a-eventos-previa-veda-electoral\/","title":{"rendered":"Sectur invita a eventos, previa veda electoral"},"content":{"rendered":"<p><span style=\"font-size: 14pt;\">Xalapa.- El titular de la Secretar\u00eda de Turismo de Veracruz, Iv\u00e1n Mart\u00ednez Olvera dio a conocer los diferentes eventos que se llevar\u00e1n a cabo en municipios como Coatepec, Xalapa, mismos que implicar\u00e1n una importante derrama econ\u00f3mica para la regi\u00f3n, as\u00ed como la entrega del Galard\u00f3n Tesoros de M\u00e9xico y la entrega de credenciales a prestadores de servicios.<\/span><\/p>\n<p><span style=\"font-size: 14pt;\">En conferencia de prensa, el funcionario estatal destac\u00f3 la entrega del Est\u00e1ndar de Calidad \u201cTesoros de M\u00e9xico\u201d, un reconocimiento importante a nivel nacional y que en Veracruz se entrega a las empresas Saberes Ancestrales de la Vainilla.<\/span><\/p>\n<p><span style=\"font-size: 14pt;\">\u201cVeracruz obtiene por primera vez este distintivo que desde 2008 promueve la Secretar\u00eda de Turismo del Gobierno de M\u00e9xico, se entrega el d\u00eda de hoy a la empresa Saberes Ancestrales de la Vainilla, ubicada en Papantla\u201d.<\/span><\/p>\n<p><span style=\"font-size: 14pt;\">Destac\u00f3 que recientemente se entregaron 26 reconocimientos, uno para el estado de Veracruz, por lo que esta empresa se suma a las 166 nacionales que lo han recibido.<\/span><\/p>\n<p><span style=\"font-size: 14pt;\">M\u00c1S DE 150 AUTOM\u00d3VILES EN EXHIBICI\u00d3N EN COATEPEC<\/span><\/p>\n<p><span style=\"font-size: 14pt;\">Por otra parte, Mart\u00ednez Olvera inform\u00f3 que los d\u00edas 13 y 14 de abril se llevar\u00e1 a cabo el C\u00f3ctel Autom\u00f3vil, en el Sal\u00f3n Texin de Coatepec, con una afluencia estimada de 5 mil asistentes.<\/span><\/p>\n<p><span style=\"font-size: 14pt;\">\u201cSe ha llevado a cabo en diferentes ciudades del pa\u00eds y aqu\u00ed en Veracruz en esta ocasi\u00f3n se estar\u00e1 presentando en Coatepec, ser\u00e1n 12 marcas automotrices y m\u00e1s de 36 patrocinadores de diferentes sectores. Podremos ir a ver autos cl\u00e1sicos, autos de alta gama, ver el manejo especializado de los pilotos\u201d.<\/span><\/p>\n<p><span style=\"font-size: 14pt;\">SECTUR LLEVAR\u00c1 A CABO CONFERENCIAS EN EL MARCO DEL D\u00cdA INTERNACIONAL DE LA MUJER<\/span><\/p>\n<p><span style=\"font-size: 14pt;\">Asimismo, el titular de la SECTUR dio a conocer que se llevar\u00e1 cabo una serie de conferencias magistrales en el marco de la conmemoraci\u00f3n del D\u00eda Internacional de la Mujer, el pr\u00f3ximo 8 de marzo en el Hotel HB de Xalapa a partir de las 10 de la ma\u00f1ana.<\/span><\/p>\n<p><span style=\"font-size: 14pt;\">Mart\u00ednez Olvera indic\u00f3 que dichas conferencias estar\u00e1n a cargo de 4 mujeres exitosas en diferentes \u00e1mbitos profesionales que explicar\u00e1n su experiencia de vida y su punto de vista acerca del 8 de marzo.<\/span><\/p>\n<p><span style=\"font-size: 14pt;\">Entre ellas Sof\u00eda Castrej\u00f3n Ponce de Le\u00f3n, premio M\u00e1s Potencial de la Competencia e Innovaci\u00f3n por Harvard en 2023; Ana Cristina Trujillo Dur\u00e1n, estudiante de la Universidad Veracruzana; Luz Miranda Atilano Ferrer, astronauta an\u00f3nima m\u00e1s joven del pa\u00eds; y Graciela Elizabeth Nany Gonz\u00e1lez premio estatal de la Divulgaci\u00f3n Cient\u00edfico y Premio Estatal a la Mujer Veracruzana.<\/span><\/p>\n<p><span style=\"font-size: 14pt;\">Finalmente, dijo se aprovechar\u00e1 para promocionar empresas conducidas por mujeres.<\/span><\/p>\n","protected":false},"excerpt":{"rendered":"<p>Xalapa.- El titular de la Secretar\u00eda de Turismo de Veracruz, Iv\u00e1n Mart\u00ednez Olvera dio a conocer los diferentes eventos que [&hellip;]<\/p>\n","protected":false},"author":4,"featured_media":32264,"comment_status":"closed","ping_status":"closed","sticky":false,"template":"","format":"standard","meta":{"site-sidebar-layout":"default","site-content-layout":"","ast-site-content-layout":"default","site-content-style":"default","site-sidebar-style":"default","ast-global-header-display":"","ast-banner-title-visibility":"","ast-main-header-display":"","ast-hfb-above-header-display":"","ast-hfb-below-header-display":"","ast-hfb-mobile-header-display":"","site-post-title":"","ast-breadcrumbs-content":"","ast-featured-img":"","footer-sml-layout":"","ast-disable-related-posts":"","theme-transparent-header-meta":"","adv-header-id-meta":"","stick-header-meta":"","header-above-stick-meta":"","header-main-stick-meta":"","header-below-stick-meta":"","astra-migrate-meta-layouts":"default","ast-page-background-enabled":"default","ast-page-background-meta":{"desktop":{"background-color":"var(--ast-global-color-5)","background-image":"","background-repeat":"repeat","background-position":"center center","background-size":"auto","background-attachment":"scroll","background-type":"","background-media":"","overlay-type":"","overlay-color":"","overlay-opacity":"","overlay-gradient":""},"tablet":{"background-color":"","background-image":"","background-repeat":"repeat","background-position":"center center","background-size":"auto","background-attachment":"scroll","background-type":"","background-media":"","overlay-type":"","overlay-color":"","overlay-opacity":"","overlay-gradient":""},"mobile":{"background-color":"","background-image":"","background-repeat":"repeat","background-position":"center center","background-size":"auto","background-attachment":"scroll","background-type":"","background-media":"","overlay-type":"","overlay-color":"","overlay-opacity":"","overlay-gradient":""}},"ast-content-background-meta":{"desktop":{"background-color":"var(--ast-global-color-4)","background-image":"","background-repeat":"repeat","background-position":"center center","background-size":"auto","background-attachment":"scroll","background-type":"","background-media":"","overlay-type":"","overlay-color":"","overlay-opacity":"","overlay-gradient":""},"tablet":{"background-color":"var(--ast-global-color-4)","background-image":"","background-repeat":"repeat","background-position":"center center","background-size":"auto","background-attachment":"scroll","background-type":"","background-media":"","overlay-type":"","overlay-color":"","overlay-opacity":"","overlay-gradient":""},"mobile":{"background-color":"var(--ast-global-color-4)","background-image":"","background-repeat":"repeat","background-position":"center center","background-size":"auto","background-attachment":"scroll","background-type":"","background-media":"","overlay-type":"","overlay-color":"","overlay-opacity":"","overlay-gradient":""}},"_jetpack_newsletter_access":"","_jetpack_dont_email_post_to_subs":false,"_jetpack_newsletter_tier_id":0,"_jetpack_memberships_contains_paywalled_content":false,"_jetpack_feature_clip_id":0,"_jetpack_memberships_contains_paid_content":false,"footnotes":"","jetpack_publicize_message":"","jetpack_publicize_feature_enabled":true,"jetpack_social_post_already_shared":false,"jetpack_social_options":{"image_generator_settings":{"template":"highway","default_image_id":0,"font":"","enabled":false},"version":2},"jetpack_post_was_ever_published":false},"categories":[30,1],"tags":[3107,216,100],"class_list":["post-32263","post","type-post","status-publish","format-standard","has-post-thumbnail","hentry","category-estados","category-sin-categoria","tag-eventos","tag-sectur","tag-veracruz"],"yoast_head":"<!-- This site is optimized with the Yoast SEO plugin v28.3 - https:\/\/yoast.com\/product\/yoast-seo-wordpress\/ -->\n<title>Sectur invita a eventos, previa veda electoral - Pol\u00edticos al Desnudo<\/title>\n<meta name=\"robots\" content=\"index, follow, max-snippet:-1, max-image-preview:large, max-video-preview:-1\" \/>\n<link rel=\"canonical\" href=\"https:\/\/politicosaldesnudo.com.mx\/index.php\/2024\/02\/27\/sectur-invita-a-eventos-previa-veda-electoral\/\" \/>\n<meta property=\"og:locale\" content=\"es_ES\" \/>\n<meta property=\"og:type\" content=\"article\" \/>\n<meta property=\"og:title\" content=\"Sectur invita a eventos, previa veda electoral - Pol\u00edticos al Desnudo\" \/>\n<meta property=\"og:description\" content=\"Xalapa.- El titular de la Secretar\u00eda de Turismo de Veracruz, Iv\u00e1n Mart\u00ednez Olvera dio a conocer los diferentes eventos que [&hellip;]\" \/>\n<meta property=\"og:url\" content=\"https:\/\/politicosaldesnudo.com.mx\/index.php\/2024\/02\/27\/sectur-invita-a-eventos-previa-veda-electoral\/\" \/>\n<meta property=\"og:site_name\" content=\"Pol\u00edticos al Desnudo\" \/>\n<meta property=\"article:publisher\" content=\"https:\/\/www.facebook.com\/PoliticosAD\" \/>\n<meta property=\"article:published_time\" content=\"2024-02-27T16:01:30+00:00\" \/>\n<meta property=\"article:modified_time\" content=\"2024-02-27T16:18:02+00:00\" \/>\n<meta property=\"og:image\" content=\"https:\/\/i0.wp.com\/politicosaldesnudo.com.mx\/wp-content\/uploads\/2024\/02\/8b-10.jpg?fit=1280%2C963&ssl=1\" \/>\n\t<meta property=\"og:image:width\" content=\"1280\" \/>\n\t<meta property=\"og:image:height\" content=\"963\" \/>\n\t<meta property=\"og:image:type\" content=\"image\/jpeg\" \/>\n<meta name=\"author\" content=\"Redacci\u00f3n Pol\u00edticos\" \/>\n<meta name=\"twitter:card\" content=\"summary_large_image\" \/>\n<meta name=\"twitter:label1\" content=\"Escrito por\" \/>\n\t<meta name=\"twitter:data1\" content=\"Redacci\u00f3n Pol\u00edticos\" \/>\n\t<meta name=\"twitter:label2\" content=\"Tiempo de lectura\" \/>\n\t<meta name=\"twitter:data2\" content=\"2 minutos\" \/>\n<script type=\"application\/ld+json\" class=\"yoast-schema-graph\">{\"@context\":\"https:\\\/\\\/schema.org\",\"@graph\":[{\"@type\":\"Article\",\"@id\":\"https:\\\/\\\/politicosaldesnudo.com.mx\\\/index.php\\\/2024\\\/02\\\/27\\\/sectur-invita-a-eventos-previa-veda-electoral\\\/#article\",\"isPartOf\":{\"@id\":\"https:\\\/\\\/politicosaldesnudo.com.mx\\\/index.php\\\/2024\\\/02\\\/27\\\/sectur-invita-a-eventos-previa-veda-electoral\\\/\"},\"author\":{\"name\":\"Redacci\u00f3n Pol\u00edticos\",\"@id\":\"https:\\\/\\\/politicosaldesnudo.com.mx\\\/#\\\/schema\\\/person\\\/ef3a64e561cc3f3f5dc52fab81adde7e\"},\"headline\":\"Sectur invita a eventos, previa veda electoral\",\"datePublished\":\"2024-02-27T16:01:30+00:00\",\"dateModified\":\"2024-02-27T16:18:02+00:00\",\"mainEntityOfPage\":{\"@id\":\"https:\\\/\\\/politicosaldesnudo.com.mx\\\/index.php\\\/2024\\\/02\\\/27\\\/sectur-invita-a-eventos-previa-veda-electoral\\\/\"},\"wordCount\":455,\"publisher\":{\"@id\":\"https:\\\/\\\/politicosaldesnudo.com.mx\\\/#organization\"},\"image\":{\"@id\":\"https:\\\/\\\/politicosaldesnudo.com.mx\\\/index.php\\\/2024\\\/02\\\/27\\\/sectur-invita-a-eventos-previa-veda-electoral\\\/#primaryimage\"},\"thumbnailUrl\":\"https:\\\/\\\/i0.wp.com\\\/politicosaldesnudo.com.mx\\\/wp-content\\\/uploads\\\/2024\\\/02\\\/8b-10.jpg?fit=1280%2C963&ssl=1\",\"keywords\":[\"EVENTOS\",\"SECTUR\",\"VERACRUZ\"],\"articleSection\":[\"ESTADOS\"],\"inLanguage\":\"es\"},{\"@type\":\"WebPage\",\"@id\":\"https:\\\/\\\/politicosaldesnudo.com.mx\\\/index.php\\\/2024\\\/02\\\/27\\\/sectur-invita-a-eventos-previa-veda-electoral\\\/\",\"url\":\"https:\\\/\\\/politicosaldesnudo.com.mx\\\/index.php\\\/2024\\\/02\\\/27\\\/sectur-invita-a-eventos-previa-veda-electoral\\\/\",\"name\":\"Sectur invita a eventos, previa veda electoral - Pol\u00edticos al Desnudo\",\"isPartOf\":{\"@id\":\"https:\\\/\\\/politicosaldesnudo.com.mx\\\/#website\"},\"primaryImageOfPage\":{\"@id\":\"https:\\\/\\\/politicosaldesnudo.com.mx\\\/index.php\\\/2024\\\/02\\\/27\\\/sectur-invita-a-eventos-previa-veda-electoral\\\/#primaryimage\"},\"image\":{\"@id\":\"https:\\\/\\\/politicosaldesnudo.com.mx\\\/index.php\\\/2024\\\/02\\\/27\\\/sectur-invita-a-eventos-previa-veda-electoral\\\/#primaryimage\"},\"thumbnailUrl\":\"https:\\\/\\\/i0.wp.com\\\/politicosaldesnudo.com.mx\\\/wp-content\\\/uploads\\\/2024\\\/02\\\/8b-10.jpg?fit=1280%2C963&ssl=1\",\"datePublished\":\"2024-02-27T16:01:30+00:00\",\"dateModified\":\"2024-02-27T16:18:02+00:00\",\"breadcrumb\":{\"@id\":\"https:\\\/\\\/politicosaldesnudo.com.mx\\\/index.php\\\/2024\\\/02\\\/27\\\/sectur-invita-a-eventos-previa-veda-electoral\\\/#breadcrumb\"},\"inLanguage\":\"es\",\"potentialAction\":[{\"@type\":\"ReadAction\",\"target\":[\"https:\\\/\\\/politicosaldesnudo.com.mx\\\/index.php\\\/2024\\\/02\\\/27\\\/sectur-invita-a-eventos-previa-veda-electoral\\\/\"]}]},{\"@type\":\"ImageObject\",\"inLanguage\":\"es\",\"@id\":\"https:\\\/\\\/politicosaldesnudo.com.mx\\\/index.php\\\/2024\\\/02\\\/27\\\/sectur-invita-a-eventos-previa-veda-electoral\\\/#primaryimage\",\"url\":\"https:\\\/\\\/i0.wp.com\\\/politicosaldesnudo.com.mx\\\/wp-content\\\/uploads\\\/2024\\\/02\\\/8b-10.jpg?fit=1280%2C963&ssl=1\",\"contentUrl\":\"https:\\\/\\\/i0.wp.com\\\/politicosaldesnudo.com.mx\\\/wp-content\\\/uploads\\\/2024\\\/02\\\/8b-10.jpg?fit=1280%2C963&ssl=1\",\"width\":1280,\"height\":963},{\"@type\":\"BreadcrumbList\",\"@id\":\"https:\\\/\\\/politicosaldesnudo.com.mx\\\/index.php\\\/2024\\\/02\\\/27\\\/sectur-invita-a-eventos-previa-veda-electoral\\\/#breadcrumb\",\"itemListElement\":[{\"@type\":\"ListItem\",\"position\":1,\"name\":\"Portada\",\"item\":\"https:\\\/\\\/politicosaldesnudo.com.mx\\\/\"},{\"@type\":\"ListItem\",\"position\":2,\"name\":\"Sectur invita a eventos, previa veda electoral\"}]},{\"@type\":\"WebSite\",\"@id\":\"https:\\\/\\\/politicosaldesnudo.com.mx\\\/#website\",\"url\":\"https:\\\/\\\/politicosaldesnudo.com.mx\\\/\",\"name\":\"Pol\u00edticos al Desnudo\",\"description\":\"\",\"publisher\":{\"@id\":\"https:\\\/\\\/politicosaldesnudo.com.mx\\\/#organization\"},\"potentialAction\":[{\"@type\":\"SearchAction\",\"target\":{\"@type\":\"EntryPoint\",\"urlTemplate\":\"https:\\\/\\\/politicosaldesnudo.com.mx\\\/?s={search_term_string}\"},\"query-input\":{\"@type\":\"PropertyValueSpecification\",\"valueRequired\":true,\"valueName\":\"search_term_string\"}}],\"inLanguage\":\"es\"},{\"@type\":\"Organization\",\"@id\":\"https:\\\/\\\/politicosaldesnudo.com.mx\\\/#organization\",\"name\":\"Pol\u00edticos al Desnudo\",\"url\":\"https:\\\/\\\/politicosaldesnudo.com.mx\\\/\",\"logo\":{\"@type\":\"ImageObject\",\"inLanguage\":\"es\",\"@id\":\"https:\\\/\\\/politicosaldesnudo.com.mx\\\/#\\\/schema\\\/logo\\\/image\\\/\",\"url\":\"https:\\\/\\\/i0.wp.com\\\/politicosaldesnudo.com.mx\\\/wp-content\\\/uploads\\\/2026\\\/08\\\/cropped-logo.webp?fit=400%2C126&ssl=1\",\"contentUrl\":\"https:\\\/\\\/i0.wp.com\\\/politicosaldesnudo.com.mx\\\/wp-content\\\/uploads\\\/2026\\\/08\\\/cropped-logo.webp?fit=400%2C126&ssl=1\",\"width\":400,\"height\":126,\"caption\":\"Pol\u00edticos al Desnudo\"},\"image\":{\"@id\":\"https:\\\/\\\/politicosaldesnudo.com.mx\\\/#\\\/schema\\\/logo\\\/image\\\/\"},\"sameAs\":[\"https:\\\/\\\/www.facebook.com\\\/PoliticosAD\"]},{\"@type\":\"Person\",\"@id\":\"https:\\\/\\\/politicosaldesnudo.com.mx\\\/#\\\/schema\\\/person\\\/ef3a64e561cc3f3f5dc52fab81adde7e\",\"name\":\"Redacci\u00f3n Pol\u00edticos\",\"url\":\"https:\\\/\\\/politicosaldesnudo.com.mx\\\/index.php\\\/author\\\/redaccion-politicos\\\/\"}]}<\/script>\n<!-- \/ Yoast SEO plugin. -->","yoast_head_json":{"title":"Sectur invita a eventos, previa veda electoral - Pol\u00edticos al Desnudo","robots":{"index":"index","follow":"follow","max-snippet":"max-snippet:-1","max-image-preview":"max-image-preview:large","max-video-preview":"max-video-preview:-1"},"canonical":"https:\/\/politicosaldesnudo.com.mx\/index.php\/2024\/02\/27\/sectur-invita-a-eventos-previa-veda-electoral\/","og_locale":"es_ES","og_type":"article","og_title":"Sectur invita a eventos, previa veda electoral - Pol\u00edticos al Desnudo","og_description":"Xalapa.- El titular de la Secretar\u00eda de Turismo de Veracruz, Iv\u00e1n Mart\u00ednez Olvera dio a conocer los diferentes eventos que [&hellip;]","og_url":"https:\/\/politicosaldesnudo.com.mx\/index.php\/2024\/02\/27\/sectur-invita-a-eventos-previa-veda-electoral\/","og_site_name":"Pol\u00edticos al Desnudo","article_publisher":"https:\/\/www.facebook.com\/PoliticosAD","article_published_time":"2024-02-27T16:01:30+00:00","article_modified_time":"2024-02-27T16:18:02+00:00","og_image":[{"width":1280,"height":963,"url":"https:\/\/i0.wp.com\/politicosaldesnudo.com.mx\/wp-content\/uploads\/2024\/02\/8b-10.jpg?fit=1280%2C963&ssl=1","type":"image\/jpeg"}],"author":"Redacci\u00f3n Pol\u00edticos","twitter_card":"summary_large_image","twitter_misc":{"Escrito por":"Redacci\u00f3n Pol\u00edticos","Tiempo de lectura":"2 minutos"},"schema":{"@context":"https:\/\/schema.org","@graph":[{"@type":"Article","@id":"https:\/\/politicosaldesnudo.com.mx\/index.php\/2024\/02\/27\/sectur-invita-a-eventos-previa-veda-electoral\/#article","isPartOf":{"@id":"https:\/\/politicosaldesnudo.com.mx\/index.php\/2024\/02\/27\/sectur-invita-a-eventos-previa-veda-electoral\/"},"author":{"name":"Redacci\u00f3n Pol\u00edticos","@id":"https:\/\/politicosaldesnudo.com.mx\/#\/schema\/person\/ef3a64e561cc3f3f5dc52fab81adde7e"},"headline":"Sectur invita a eventos, previa veda electoral","datePublished":"2024-02-27T16:01:30+00:00","dateModified":"2024-02-27T16:18:02+00:00","mainEntityOfPage":{"@id":"https:\/\/politicosaldesnudo.com.mx\/index.php\/2024\/02\/27\/sectur-invita-a-eventos-previa-veda-electoral\/"},"wordCount":455,"publisher":{"@id":"https:\/\/politicosaldesnudo.com.mx\/#organization"},"image":{"@id":"https:\/\/politicosaldesnudo.com.mx\/index.php\/2024\/02\/27\/sectur-invita-a-eventos-previa-veda-electoral\/#primaryimage"},"thumbnailUrl":"https:\/\/i0.wp.com\/politicosaldesnudo.com.mx\/wp-content\/uploads\/2024\/02\/8b-10.jpg?fit=1280%2C963&ssl=1","keywords":["EVENTOS","SECTUR","VERACRUZ"],"articleSection":["ESTADOS"],"inLanguage":"es"},{"@type":"WebPage","@id":"https:\/\/politicosaldesnudo.com.mx\/index.php\/2024\/02\/27\/sectur-invita-a-eventos-previa-veda-electoral\/","url":"https:\/\/politicosaldesnudo.com.mx\/index.php\/2024\/02\/27\/sectur-invita-a-eventos-previa-veda-electoral\/","name":"Sectur invita a eventos, previa veda electoral - Pol\u00edticos al Desnudo","isPartOf":{"@id":"https:\/\/politicosaldesnudo.com.mx\/#website"},"primaryImageOfPage":{"@id":"https:\/\/politicosaldesnudo.com.mx\/index.php\/2024\/02\/27\/sectur-invita-a-eventos-previa-veda-electoral\/#primaryimage"},"image":{"@id":"https:\/\/politicosaldesnudo.com.mx\/index.php\/2024\/02\/27\/sectur-invita-a-eventos-previa-veda-electoral\/#primaryimage"},"thumbnailUrl":"https:\/\/i0.wp.com\/politicosaldesnudo.com.mx\/wp-content\/uploads\/2024\/02\/8b-10.jpg?fit=1280%2C963&ssl=1","datePublished":"2024-02-27T16:01:30+00:00","dateModified":"2024-02-27T16:18:02+00:00","breadcrumb":{"@id":"https:\/\/politicosaldesnudo.com.mx\/index.php\/2024\/02\/27\/sectur-invita-a-eventos-previa-veda-electoral\/#breadcrumb"},"inLanguage":"es","potentialAction":[{"@type":"ReadAction","target":["https:\/\/politicosaldesnudo.com.mx\/index.php\/2024\/02\/27\/sectur-invita-a-eventos-previa-veda-electoral\/"]}]},{"@type":"ImageObject","inLanguage":"es","@id":"https:\/\/politicosaldesnudo.com.mx\/index.php\/2024\/02\/27\/sectur-invita-a-eventos-previa-veda-electoral\/#primaryimage","url":"https:\/\/i0.wp.com\/politicosaldesnudo.com.mx\/wp-content\/uploads\/2024\/02\/8b-10.jpg?fit=1280%2C963&ssl=1","contentUrl":"https:\/\/i0.wp.com\/politicosaldesnudo.com.mx\/wp-content\/uploads\/2024\/02\/8b-10.jpg?fit=1280%2C963&ssl=1","width":1280,"height":963},{"@type":"BreadcrumbList","@id":"https:\/\/politicosaldesnudo.com.mx\/index.php\/2024\/02\/27\/sectur-invita-a-eventos-previa-veda-electoral\/#breadcrumb","itemListElement":[{"@type":"ListItem","position":1,"name":"Portada","item":"https:\/\/politicosaldesnudo.com.mx\/"},{"@type":"ListItem","position":2,"name":"Sectur invita a eventos, previa veda electoral"}]},{"@type":"WebSite","@id":"https:\/\/politicosaldesnudo.com.mx\/#website","url":"https:\/\/politicosaldesnudo.com.mx\/","name":"Pol\u00edticos al Desnudo","description":"","publisher":{"@id":"https:\/\/politicosaldesnudo.com.mx\/#organization"},"potentialAction":[{"@type":"SearchAction","target":{"@type":"EntryPoint","urlTemplate":"https:\/\/politicosaldesnudo.com.mx\/?s={search_term_string}"},"query-input":{"@type":"PropertyValueSpecification","valueRequired":true,"valueName":"search_term_string"}}],"inLanguage":"es"},{"@type":"Organization","@id":"https:\/\/politicosaldesnudo.com.mx\/#organization","name":"Pol\u00edticos al Desnudo","url":"https:\/\/politicosaldesnudo.com.mx\/","logo":{"@type":"ImageObject","inLanguage":"es","@id":"https:\/\/politicosaldesnudo.com.mx\/#\/schema\/logo\/image\/","url":"https:\/\/i0.wp.com\/politicosaldesnudo.com.mx\/wp-content\/uploads\/2026\/08\/cropped-logo.webp?fit=400%2C126&ssl=1","contentUrl":"https:\/\/i0.wp.com\/politicosaldesnudo.com.mx\/wp-content\/uploads\/2026\/08\/cropped-logo.webp?fit=400%2C126&ssl=1","width":400,"height":126,"caption":"Pol\u00edticos al Desnudo"},"image":{"@id":"https:\/\/politicosaldesnudo.com.mx\/#\/schema\/logo\/image\/"},"sameAs":["https:\/\/www.facebook.com\/PoliticosAD"]},{"@type":"Person","@id":"https:\/\/politicosaldesnudo.com.mx\/#\/schema\/person\/ef3a64e561cc3f3f5dc52fab81adde7e","name":"Redacci\u00f3n Pol\u00edticos","url":"https:\/\/politicosaldesnudo.com.mx\/index.php\/author\/redaccion-politicos\/"}]}},"jetpack_publicize_connections":[],"jetpack-related-posts":[{"id":88294,"url":"https:\/\/politicosaldesnudo.com.mx\/index.php\/2026\/09\/04\/hallan-muerto-al-diputado-federal-zenyazen-escobar-en-la-carretera-xalapa-veracruz\/","url_meta":{"origin":32263,"position":0},"title":"Hallan muerto al diputado federal Zenyazen Escobar en la carretera Xalapa-Veracruz","author":"Redacci\u00f3n Pol\u00edticos","date":"4 de septiembre de 2026","format":false,"excerpt":"La Fiscal\u00eda estatal confirm\u00f3 el fallecimiento del legislador morenista; hasta el momento se desconocen las circunstancias en las que perdi\u00f3 la vida. Xalapa, Ver.\u2013 El diputado federal de Morena, Zenyazen Roberto Escobar Garc\u00eda, fue localizado sin vida la ma\u00f1ana de este viernes 4 de septiembre en las inmediaciones de la\u2026","rel":"","context":"En \u00abESTADOS\u00bb","block_context":{"text":"ESTADOS","link":"https:\/\/politicosaldesnudo.com.mx\/index.php\/category\/estados\/"},"img":{"alt_text":"","src":"https:\/\/i0.wp.com\/politicosaldesnudo.com.mx\/wp-content\/uploads\/2026\/09\/9d6aa119-7d82-423c-918c-95271fc20c14.png?fit=1200%2C675&ssl=1&resize=350%2C200","width":350,"height":200,"srcset":"https:\/\/i0.wp.com\/politicosaldesnudo.com.mx\/wp-content\/uploads\/2026\/09\/9d6aa119-7d82-423c-918c-95271fc20c14.png?fit=1200%2C675&ssl=1&resize=350%2C200 1x, https:\/\/i0.wp.com\/politicosaldesnudo.com.mx\/wp-content\/uploads\/2026\/09\/9d6aa119-7d82-423c-918c-95271fc20c14.png?fit=1200%2C675&ssl=1&resize=525%2C300 1.5x, https:\/\/i0.wp.com\/politicosaldesnudo.com.mx\/wp-content\/uploads\/2026\/09\/9d6aa119-7d82-423c-918c-95271fc20c14.png?fit=1200%2C675&ssl=1&resize=700%2C400 2x, https:\/\/i0.wp.com\/politicosaldesnudo.com.mx\/wp-content\/uploads\/2026\/09\/9d6aa119-7d82-423c-918c-95271fc20c14.png?fit=1200%2C675&ssl=1&resize=1050%2C600 3x"},"classes":[]},{"id":88238,"url":"https:\/\/politicosaldesnudo.com.mx\/index.php\/2026\/08\/31\/veracruz-xalapa-y-cordoba-entran-al-mapa-nacional-de-desapariciones-concentran-mas-de-mil-800-casos\/","url_meta":{"origin":32263,"position":1},"title":"Veracruz, Xalapa y C\u00f3rdoba entran al mapa nacional de desapariciones; concentran m\u00e1s de mil 800 casos","author":"Redacci\u00f3n Pol\u00edticos","date":"31 de agosto de 2026","format":false,"excerpt":"Tres municipios veracruzanos figuran entre los 100 del pa\u00eds con mayor n\u00famero acumulado de personas desaparecidas. Veracruz puerto, Xalapa y C\u00f3rdoba re\u00fanen en conjunto mil 875 registros, seg\u00fan el Informe Municipal 2026 elaborado por Red Lupa con datos del Registro Nacional de Personas Desaparecidas y No Localizadas. Los casos documentados\u2026","rel":"","context":"En \u00abESTADOS\u00bb","block_context":{"text":"ESTADOS","link":"https:\/\/politicosaldesnudo.com.mx\/index.php\/category\/estados\/"},"img":{"alt_text":"","src":"https:\/\/i0.wp.com\/politicosaldesnudo.com.mx\/wp-content\/uploads\/2026\/08\/mapa-desapariciones-veracruz-1280x720-1.jpg?fit=1200%2C675&ssl=1&resize=350%2C200","width":350,"height":200,"srcset":"https:\/\/i0.wp.com\/politicosaldesnudo.com.mx\/wp-content\/uploads\/2026\/08\/mapa-desapariciones-veracruz-1280x720-1.jpg?fit=1200%2C675&ssl=1&resize=350%2C200 1x, https:\/\/i0.wp.com\/politicosaldesnudo.com.mx\/wp-content\/uploads\/2026\/08\/mapa-desapariciones-veracruz-1280x720-1.jpg?fit=1200%2C675&ssl=1&resize=525%2C300 1.5x, https:\/\/i0.wp.com\/politicosaldesnudo.com.mx\/wp-content\/uploads\/2026\/08\/mapa-desapariciones-veracruz-1280x720-1.jpg?fit=1200%2C675&ssl=1&resize=700%2C400 2x, https:\/\/i0.wp.com\/politicosaldesnudo.com.mx\/wp-content\/uploads\/2026\/08\/mapa-desapariciones-veracruz-1280x720-1.jpg?fit=1200%2C675&ssl=1&resize=1050%2C600 3x"},"classes":[]},{"id":88291,"url":"https:\/\/politicosaldesnudo.com.mx\/index.php\/2026\/09\/02\/nahle-ordena-reducir-sueldazo-de-sobrina-de-amlo-en-veracruz\/","url_meta":{"origin":32263,"position":2},"title":"Nahle ordena reducir \u201csueldazo\u201d de sobrina de AMLO en Veracruz","author":"Redacci\u00f3n Pol\u00edticos","date":"2 de septiembre de 2026","format":false,"excerpt":"La gobernadora neg\u00f3 que exista nepotismo en su administraci\u00f3n, pero reconoci\u00f3 que la percepci\u00f3n econ\u00f3mica de Erandi L\u00f3pez Herrer\u00eda resultaba excesiva. Xalapa, Ver.\u2014 La pol\u00e9mica por la presencia de familiares del expresidente Andr\u00e9s Manuel L\u00f3pez Obrador en el Gobierno de Veracruz escal\u00f3 luego de que Roc\u00edo Nahle ordenara revisar y\u2026","rel":"","context":"En \u00abESTADOS\u00bb","block_context":{"text":"ESTADOS","link":"https:\/\/politicosaldesnudo.com.mx\/index.php\/category\/estados\/"},"img":{"alt_text":"","src":"https:\/\/i0.wp.com\/politicosaldesnudo.com.mx\/wp-content\/uploads\/2026\/09\/Afiliaciones-de-Morena-1140x544-1.jpg?fit=1140%2C544&ssl=1&resize=350%2C200","width":350,"height":200,"srcset":"https:\/\/i0.wp.com\/politicosaldesnudo.com.mx\/wp-content\/uploads\/2026\/09\/Afiliaciones-de-Morena-1140x544-1.jpg?fit=1140%2C544&ssl=1&resize=350%2C200 1x, https:\/\/i0.wp.com\/politicosaldesnudo.com.mx\/wp-content\/uploads\/2026\/09\/Afiliaciones-de-Morena-1140x544-1.jpg?fit=1140%2C544&ssl=1&resize=525%2C300 1.5x, https:\/\/i0.wp.com\/politicosaldesnudo.com.mx\/wp-content\/uploads\/2026\/09\/Afiliaciones-de-Morena-1140x544-1.jpg?fit=1140%2C544&ssl=1&resize=700%2C400 2x, https:\/\/i0.wp.com\/politicosaldesnudo.com.mx\/wp-content\/uploads\/2026\/09\/Afiliaciones-de-Morena-1140x544-1.jpg?fit=1140%2C544&ssl=1&resize=1050%2C600 3x"},"classes":[]},{"id":87944,"url":"https:\/\/politicosaldesnudo.com.mx\/index.php\/2026\/08\/21\/muere-atanasio-garcia-duran-historico-referente-de-la-izquierda-veracruzana\/","url_meta":{"origin":32263,"position":3},"title":"Muere Atanasio Garc\u00eda Dur\u00e1n, hist\u00f3rico referente de la izquierda veracruzana","author":"Redacci\u00f3n Pol\u00edticos","date":"21 de agosto de 2026","format":false,"excerpt":"El maestro, acad\u00e9mico y exdiputado local Atanasio Garc\u00eda Dur\u00e1n falleci\u00f3 la noche del jueves 20 de agosto, a los 83 a\u00f1os. Adem\u00e1s de su amplia trayectoria en la educaci\u00f3n y la pol\u00edtica de Veracruz, fue padre del exgobernador Cuitl\u00e1huac Garc\u00eda Jim\u00e9nez. Garc\u00eda Dur\u00e1n permanec\u00eda hospitalizado desde principios de agosto debido\u2026","rel":"","context":"En \u00abESTADOS\u00bb","block_context":{"text":"ESTADOS","link":"https:\/\/politicosaldesnudo.com.mx\/index.php\/category\/estados\/"},"img":{"alt_text":"","src":"https:\/\/i0.wp.com\/politicosaldesnudo.com.mx\/wp-content\/uploads\/2026\/08\/fallecio-atanasio-garcia-padre-del-ex-gobernador-de-veracruz-cuitlahuac-garcia_93a1df84-098a-43c7-adf2-51d88e2d2666_media.webp?fit=1200%2C848&ssl=1&resize=350%2C200","width":350,"height":200,"srcset":"https:\/\/i0.wp.com\/politicosaldesnudo.com.mx\/wp-content\/uploads\/2026\/08\/fallecio-atanasio-garcia-padre-del-ex-gobernador-de-veracruz-cuitlahuac-garcia_93a1df84-098a-43c7-adf2-51d88e2d2666_media.webp?fit=1200%2C848&ssl=1&resize=350%2C200 1x, https:\/\/i0.wp.com\/politicosaldesnudo.com.mx\/wp-content\/uploads\/2026\/08\/fallecio-atanasio-garcia-padre-del-ex-gobernador-de-veracruz-cuitlahuac-garcia_93a1df84-098a-43c7-adf2-51d88e2d2666_media.webp?fit=1200%2C848&ssl=1&resize=525%2C300 1.5x, https:\/\/i0.wp.com\/politicosaldesnudo.com.mx\/wp-content\/uploads\/2026\/08\/fallecio-atanasio-garcia-padre-del-ex-gobernador-de-veracruz-cuitlahuac-garcia_93a1df84-098a-43c7-adf2-51d88e2d2666_media.webp?fit=1200%2C848&ssl=1&resize=700%2C400 2x, https:\/\/i0.wp.com\/politicosaldesnudo.com.mx\/wp-content\/uploads\/2026\/08\/fallecio-atanasio-garcia-padre-del-ex-gobernador-de-veracruz-cuitlahuac-garcia_93a1df84-098a-43c7-adf2-51d88e2d2666_media.webp?fit=1200%2C848&ssl=1&resize=1050%2C600 3x"},"classes":[]},{"id":88285,"url":"https:\/\/politicosaldesnudo.com.mx\/index.php\/2026\/09\/01\/que-los-enfermos-esperen\/","url_meta":{"origin":32263,"position":4},"title":"Que los enfermos esperen","author":"Redacci\u00f3n Pol\u00edticos","date":"1 de septiembre de 2026","format":false,"excerpt":"R\u00fabrica Por Aurelio Contreras Moreno Algo muy grave est\u00e1 sucediendo con el manejo del dinero p\u00fablico en Veracruz. Y no se trata solamente de gastar mucho, gastar mal o de las prioridades cuestionables de una administraci\u00f3n. El problema de fondo es otro: la opacidad, el desorden administrativo y la ausencia\u2026","rel":"","context":"En \u00abOPINI\u00d3N\u00bb","block_context":{"text":"OPINI\u00d3N","link":"https:\/\/politicosaldesnudo.com.mx\/index.php\/category\/columnistas\/"},"img":{"alt_text":"","src":"https:\/\/i0.wp.com\/politicosaldesnudo.com.mx\/wp-content\/uploads\/2026\/09\/RUBRICA-0109.png?fit=1200%2C659&ssl=1&resize=350%2C200","width":350,"height":200,"srcset":"https:\/\/i0.wp.com\/politicosaldesnudo.com.mx\/wp-content\/uploads\/2026\/09\/RUBRICA-0109.png?fit=1200%2C659&ssl=1&resize=350%2C200 1x, https:\/\/i0.wp.com\/politicosaldesnudo.com.mx\/wp-content\/uploads\/2026\/09\/RUBRICA-0109.png?fit=1200%2C659&ssl=1&resize=525%2C300 1.5x, https:\/\/i0.wp.com\/politicosaldesnudo.com.mx\/wp-content\/uploads\/2026\/09\/RUBRICA-0109.png?fit=1200%2C659&ssl=1&resize=700%2C400 2x, https:\/\/i0.wp.com\/politicosaldesnudo.com.mx\/wp-content\/uploads\/2026\/09\/RUBRICA-0109.png?fit=1200%2C659&ssl=1&resize=1050%2C600 3x"},"classes":[]},{"id":87653,"url":"https:\/\/politicosaldesnudo.com.mx\/index.php\/2026\/08\/11\/veracruz-tendra-lluvias-estas-regiones-podrian-registrar-los-mayores-acumulados\/","url_meta":{"origin":32263,"position":5},"title":"Veracruz tendr\u00e1 lluvias; estas regiones podr\u00edan registrar los mayores acumulados","author":"Redacci\u00f3n Pol\u00edticos","date":"11 de agosto de 2026","format":false,"excerpt":"El potencial de precipitaciones aumentar\u00e1 entre mi\u00e9rcoles y jueves por el paso de una onda tropical. En el sur del estado se esperan los mayores acumulados. Veracruz, Ver. \u2014 El estado de Veracruz mantendr\u00e1 condiciones favorables para la presencia de lluvias durante los pr\u00f3ximos d\u00edas, principalmente durante las noches y\u2026","rel":"","context":"En \u00abESTADOS\u00bb","block_context":{"text":"ESTADOS","link":"https:\/\/politicosaldesnudo.com.mx\/index.php\/category\/estados\/"},"img":{"alt_text":"","src":"https:\/\/i0.wp.com\/politicosaldesnudo.com.mx\/wp-content\/uploads\/2026\/08\/LLUVIAS.jpg?fit=1200%2C740&ssl=1&resize=350%2C200","width":350,"height":200,"srcset":"https:\/\/i0.wp.com\/politicosaldesnudo.com.mx\/wp-content\/uploads\/2026\/08\/LLUVIAS.jpg?fit=1200%2C740&ssl=1&resize=350%2C200 1x, https:\/\/i0.wp.com\/politicosaldesnudo.com.mx\/wp-content\/uploads\/2026\/08\/LLUVIAS.jpg?fit=1200%2C740&ssl=1&resize=525%2C300 1.5x, https:\/\/i0.wp.com\/politicosaldesnudo.com.mx\/wp-content\/uploads\/2026\/08\/LLUVIAS.jpg?fit=1200%2C740&ssl=1&resize=700%2C400 2x, https:\/\/i0.wp.com\/politicosaldesnudo.com.mx\/wp-content\/uploads\/2026\/08\/LLUVIAS.jpg?fit=1200%2C740&ssl=1&resize=1050%2C600 3x"},"classes":[]}],"jetpack_sharing_enabled":true,"jetpack_featured_media_url":"https:\/\/i0.wp.com\/politicosaldesnudo.com.mx\/wp-content\/uploads\/2024\/02\/8b-10.jpg?fit=1280%2C963&ssl=1","_links":{"self":[{"href":"https:\/\/politicosaldesnudo.com.mx\/index.php\/wp-json\/wp\/v2\/posts\/32263","targetHints":{"allow":["GET"]}}],"collection":[{"href":"https:\/\/politicosaldesnudo.com.mx\/index.php\/wp-json\/wp\/v2\/posts"}],"about":[{"href":"https:\/\/politicosaldesnudo.com.mx\/index.php\/wp-json\/wp\/v2\/types\/post"}],"author":[{"embeddable":true,"href":"https:\/\/politicosaldesnudo.com.mx\/index.php\/wp-json\/wp\/v2\/users\/4"}],"replies":[{"embeddable":true,"href":"https:\/\/politicosaldesnudo.com.mx\/index.php\/wp-json\/wp\/v2\/comments?post=32263"}],"version-history":[{"count":0,"href":"https:\/\/politicosaldesnudo.com.mx\/index.php\/wp-json\/wp\/v2\/posts\/32263\/revisions"}],"wp:featuredmedia":[{"embeddable":true,"href":"https:\/\/politicosaldesnudo.com.mx\/index.php\/wp-json\/wp\/v2\/media\/32264"}],"wp:attachment":[{"href":"https:\/\/politicosaldesnudo.com.mx\/index.php\/wp-json\/wp\/v2\/media?parent=32263"}],"wp:term":[{"taxonomy":"category","embeddable":true,"href":"https:\/\/politicosaldesnudo.com.mx\/index.php\/wp-json\/wp\/v2\/categories?post=32263"},{"taxonomy":"post_tag","embeddable":true,"href":"https:\/\/politicosaldesnudo.com.mx\/index.php\/wp-json\/wp\/v2\/tags?post=32263"}],"curies":[{"name":"wp","href":"https:\/\/api.w.org\/{rel}","templated":true}]}}