{"id":32288,"date":"2024-02-27T10:51:06","date_gmt":"2024-02-27T16:51:06","guid":{"rendered":"https:\/\/politicosaldesnudo.com.mx\/?p=32288"},"modified":"2024-02-27T10:51:06","modified_gmt":"2024-02-27T16:51:06","slug":"seguridad-y-autosuficiencia-metas-de-la-reforma-electrica-bartlett","status":"publish","type":"post","link":"https:\/\/politicosaldesnudo.com.mx\/index.php\/2024\/02\/27\/seguridad-y-autosuficiencia-metas-de-la-reforma-electrica-bartlett\/","title":{"rendered":"Seguridad y autosuficiencia, metas de la reforma el\u00e9ctrica: Bartlett"},"content":{"rendered":"<div class=\"col col1\">\n<p class=\"s-s\"><span style=\"font-size: 14pt;\">La iniciativa de reforma constitucional en materia energ\u00e9tica pretende que se asuma que la generaci\u00f3n de energ\u00eda el\u00e9ctrica tenga un car\u00e1cter estrat\u00e9gico y, en esa l\u00f3gica, no puede considerar que la Comisi\u00f3n Federal de Electricidad ejerza un monopolio de Estado porque no tiene af\u00e1n de lucro, afirm\u00f3 su director, Manuel Bartlett. Asimismo, se propone\u00a0<q>eliminar el concepto de empresa productiva del Estado, incorporado al texto constitucional por recomendaci\u00f3n de organismos internacionales financieros de corte neoliberal<\/q>.<\/span><\/p>\n<p><span style=\"font-size: 14pt;\">Destac\u00f3 que se propone a\u00f1adir que la planeaci\u00f3n y el control del sistema el\u00e9ctrico nacional vigente en nuestra Constituci\u00f3n tenga un objetivo espec\u00edfico: preservar la seguridad y autosuficiencia energ\u00e9tica de la naci\u00f3n, y proveer al pueblo de la electricidad al menor precio posible<\/span><\/p>\n<p><span style=\"font-size: 14pt;\">Durante la conferencia presidencial, Bartlett mencion\u00f3 que el principio fundamental de estas modificaciones es garantizar la soberan\u00eda energ\u00e9tica para evitar la dependencia de las tarifas en el extranjero o bien de las empresas privadas en el mercado nacional. La experiencia reciente demuestra que la dependencia en exceso de fuentes energ\u00e9ticas externas o privadas exponen a las naciones a vulnerabilidades geopol\u00edticas y fluctuaciones en los precios internacionales. Explic\u00f3 que bajo el actual modelo, basado en el otorgamiento de permisos ajenos a cualquier sistema de planeaci\u00f3n nacional ordenado, se entregaron licencias sin tomar en consideraci\u00f3n las necesidades de las diversas regiones del pa\u00eds y se concentraron en las de mayor capacidad econ\u00f3mica, abandonando a las de menores recursos.<\/span><\/p>\n<\/div>\n<div class=\"col col2\">\n<p><span style=\"font-size: 14pt;\">Enfatiz\u00f3 que una de las caracter\u00edsticas del esquema aprobado en la reforma de 2013, es que se otorgaron ventajas a favor de las empresas privadas en contra de la empresa p\u00fablica.\u00a0<q>En esta falsa competencia, la CFE est\u00e1 obligada a adquirir la electricidad a las empresas privadas, garantiz\u00e1ndoles as\u00ed su rentabilidad<\/q>. Por ello, se plantea que las empresas particulares,\u00a0<q>no puedan tener prevalencia sobre la empresa p\u00fablica del Estado<\/q>\u00a0que representa la garant\u00eda de continuidad y accesibilidad .<\/span><\/p>\n<p><span style=\"font-size: 14pt;\">Adem\u00e1s, se propone eliminar la obligaci\u00f3n de que las firmas p\u00fablicas se gu\u00eden por el concepto de las mejores pr\u00e1cticas porque, de acuerdo con la propia definici\u00f3n neoliberal,\u00a0<q>se refiere a un gobierno corporativo que se constituye por accionistas e inversionistas que no se aplica a la empresa p\u00fablica<\/q>.<\/span><\/p>\n<\/div>\n","protected":false},"excerpt":{"rendered":"<p>La iniciativa de reforma constitucional en materia energ\u00e9tica pretende que se asuma que la generaci\u00f3n de energ\u00eda el\u00e9ctrica tenga un [&hellip;]<\/p>\n","protected":false},"author":4,"featured_media":32289,"comment_status":"closed","ping_status":"closed","sticky":false,"template":"","format":"standard","meta":{"site-sidebar-layout":"default","site-content-layout":"","ast-site-content-layout":"default","site-content-style":"default","site-sidebar-style":"default","ast-global-header-display":"","ast-banner-title-visibility":"","ast-main-header-display":"","ast-hfb-above-header-display":"","ast-hfb-below-header-display":"","ast-hfb-mobile-header-display":"","site-post-title":"","ast-breadcrumbs-content":"","ast-featured-img":"","footer-sml-layout":"","ast-disable-related-posts":"","theme-transparent-header-meta":"","adv-header-id-meta":"","stick-header-meta":"","header-above-stick-meta":"","header-main-stick-meta":"","header-below-stick-meta":"","astra-migrate-meta-layouts":"default","ast-page-background-enabled":"default","ast-page-background-meta":{"desktop":{"background-color":"var(--ast-global-color-5)","background-image":"","background-repeat":"repeat","background-position":"center center","background-size":"auto","background-attachment":"scroll","background-type":"","background-media":"","overlay-type":"","overlay-color":"","overlay-opacity":"","overlay-gradient":""},"tablet":{"background-color":"","background-image":"","background-repeat":"repeat","background-position":"center center","background-size":"auto","background-attachment":"scroll","background-type":"","background-media":"","overlay-type":"","overlay-color":"","overlay-opacity":"","overlay-gradient":""},"mobile":{"background-color":"","background-image":"","background-repeat":"repeat","background-position":"center center","background-size":"auto","background-attachment":"scroll","background-type":"","background-media":"","overlay-type":"","overlay-color":"","overlay-opacity":"","overlay-gradient":""}},"ast-content-background-meta":{"desktop":{"background-color":"var(--ast-global-color-4)","background-image":"","background-repeat":"repeat","background-position":"center center","background-size":"auto","background-attachment":"scroll","background-type":"","background-media":"","overlay-type":"","overlay-color":"","overlay-opacity":"","overlay-gradient":""},"tablet":{"background-color":"var(--ast-global-color-4)","background-image":"","background-repeat":"repeat","background-position":"center center","background-size":"auto","background-attachment":"scroll","background-type":"","background-media":"","overlay-type":"","overlay-color":"","overlay-opacity":"","overlay-gradient":""},"mobile":{"background-color":"var(--ast-global-color-4)","background-image":"","background-repeat":"repeat","background-position":"center center","background-size":"auto","background-attachment":"scroll","background-type":"","background-media":"","overlay-type":"","overlay-color":"","overlay-opacity":"","overlay-gradient":""}},"_jetpack_newsletter_access":"","_jetpack_dont_email_post_to_subs":false,"_jetpack_newsletter_tier_id":0,"_jetpack_memberships_contains_paywalled_content":false,"_jetpack_feature_clip_id":0,"_jetpack_memberships_contains_paid_content":false,"footnotes":"","jetpack_publicize_message":"","jetpack_publicize_feature_enabled":true,"jetpack_social_post_already_shared":false,"jetpack_social_options":{"image_generator_settings":{"template":"highway","default_image_id":0,"font":"","enabled":false},"version":2},"jetpack_post_was_ever_published":false},"categories":[2050],"tags":[2442,1241],"class_list":["post-32288","post","type-post","status-publish","format-standard","has-post-thumbnail","hentry","category-economia","tag-manuel-bartlett","tag-reforma-electrica"],"yoast_head":"<!-- This site is optimized with the Yoast SEO plugin v28.3 - https:\/\/yoast.com\/product\/yoast-seo-wordpress\/ -->\n<title>Seguridad y autosuficiencia, metas de la reforma el\u00e9ctrica: Bartlett - Pol\u00edticos al Desnudo<\/title>\n<meta name=\"robots\" content=\"index, follow, max-snippet:-1, max-image-preview:large, max-video-preview:-1\" \/>\n<link rel=\"canonical\" href=\"https:\/\/politicosaldesnudo.com.mx\/index.php\/2024\/02\/27\/seguridad-y-autosuficiencia-metas-de-la-reforma-electrica-bartlett\/\" \/>\n<meta property=\"og:locale\" content=\"es_ES\" \/>\n<meta property=\"og:type\" content=\"article\" \/>\n<meta property=\"og:title\" content=\"Seguridad y autosuficiencia, metas de la reforma el\u00e9ctrica: Bartlett - Pol\u00edticos al Desnudo\" \/>\n<meta property=\"og:description\" content=\"La iniciativa de reforma constitucional en materia energ\u00e9tica pretende que se asuma que la generaci\u00f3n de energ\u00eda el\u00e9ctrica tenga un [&hellip;]\" \/>\n<meta property=\"og:url\" content=\"https:\/\/politicosaldesnudo.com.mx\/index.php\/2024\/02\/27\/seguridad-y-autosuficiencia-metas-de-la-reforma-electrica-bartlett\/\" \/>\n<meta property=\"og:site_name\" content=\"Pol\u00edticos al Desnudo\" \/>\n<meta property=\"article:publisher\" content=\"https:\/\/www.facebook.com\/PoliticosAD\" \/>\n<meta property=\"article:published_time\" content=\"2024-02-27T16:51:06+00:00\" \/>\n<meta property=\"og:image\" content=\"https:\/\/i0.wp.com\/politicosaldesnudo.com.mx\/wp-content\/uploads\/2024\/02\/f608x342-389982_419705_0.jpg?fit=608%2C342&ssl=1\" \/>\n\t<meta property=\"og:image:width\" content=\"608\" \/>\n\t<meta property=\"og:image:height\" content=\"342\" \/>\n\t<meta property=\"og:image:type\" content=\"image\/jpeg\" \/>\n<meta name=\"author\" content=\"Redacci\u00f3n Pol\u00edticos\" \/>\n<meta name=\"twitter:card\" content=\"summary_large_image\" \/>\n<meta name=\"twitter:label1\" content=\"Escrito por\" \/>\n\t<meta name=\"twitter:data1\" content=\"Redacci\u00f3n Pol\u00edticos\" \/>\n\t<meta name=\"twitter:label2\" content=\"Tiempo de lectura\" \/>\n\t<meta name=\"twitter:data2\" content=\"2 minutos\" \/>\n<script type=\"application\/ld+json\" class=\"yoast-schema-graph\">{\"@context\":\"https:\\\/\\\/schema.org\",\"@graph\":[{\"@type\":\"Article\",\"@id\":\"https:\\\/\\\/politicosaldesnudo.com.mx\\\/index.php\\\/2024\\\/02\\\/27\\\/seguridad-y-autosuficiencia-metas-de-la-reforma-electrica-bartlett\\\/#article\",\"isPartOf\":{\"@id\":\"https:\\\/\\\/politicosaldesnudo.com.mx\\\/index.php\\\/2024\\\/02\\\/27\\\/seguridad-y-autosuficiencia-metas-de-la-reforma-electrica-bartlett\\\/\"},\"author\":{\"name\":\"Redacci\u00f3n Pol\u00edticos\",\"@id\":\"https:\\\/\\\/politicosaldesnudo.com.mx\\\/#\\\/schema\\\/person\\\/ef3a64e561cc3f3f5dc52fab81adde7e\"},\"headline\":\"Seguridad y autosuficiencia, metas de la reforma el\u00e9ctrica: Bartlett\",\"datePublished\":\"2024-02-27T16:51:06+00:00\",\"mainEntityOfPage\":{\"@id\":\"https:\\\/\\\/politicosaldesnudo.com.mx\\\/index.php\\\/2024\\\/02\\\/27\\\/seguridad-y-autosuficiencia-metas-de-la-reforma-electrica-bartlett\\\/\"},\"wordCount\":406,\"publisher\":{\"@id\":\"https:\\\/\\\/politicosaldesnudo.com.mx\\\/#organization\"},\"image\":{\"@id\":\"https:\\\/\\\/politicosaldesnudo.com.mx\\\/index.php\\\/2024\\\/02\\\/27\\\/seguridad-y-autosuficiencia-metas-de-la-reforma-electrica-bartlett\\\/#primaryimage\"},\"thumbnailUrl\":\"https:\\\/\\\/i0.wp.com\\\/politicosaldesnudo.com.mx\\\/wp-content\\\/uploads\\\/2024\\\/02\\\/f608x342-389982_419705_0.jpg?fit=608%2C342&ssl=1\",\"keywords\":[\"MANUEL BARTLETT\",\"REFORMA ELECTRICA\"],\"articleSection\":[\"ECONOM\u00cdA\"],\"inLanguage\":\"es\"},{\"@type\":\"WebPage\",\"@id\":\"https:\\\/\\\/politicosaldesnudo.com.mx\\\/index.php\\\/2024\\\/02\\\/27\\\/seguridad-y-autosuficiencia-metas-de-la-reforma-electrica-bartlett\\\/\",\"url\":\"https:\\\/\\\/politicosaldesnudo.com.mx\\\/index.php\\\/2024\\\/02\\\/27\\\/seguridad-y-autosuficiencia-metas-de-la-reforma-electrica-bartlett\\\/\",\"name\":\"Seguridad y autosuficiencia, metas de la reforma el\u00e9ctrica: Bartlett - Pol\u00edticos al Desnudo\",\"isPartOf\":{\"@id\":\"https:\\\/\\\/politicosaldesnudo.com.mx\\\/#website\"},\"primaryImageOfPage\":{\"@id\":\"https:\\\/\\\/politicosaldesnudo.com.mx\\\/index.php\\\/2024\\\/02\\\/27\\\/seguridad-y-autosuficiencia-metas-de-la-reforma-electrica-bartlett\\\/#primaryimage\"},\"image\":{\"@id\":\"https:\\\/\\\/politicosaldesnudo.com.mx\\\/index.php\\\/2024\\\/02\\\/27\\\/seguridad-y-autosuficiencia-metas-de-la-reforma-electrica-bartlett\\\/#primaryimage\"},\"thumbnailUrl\":\"https:\\\/\\\/i0.wp.com\\\/politicosaldesnudo.com.mx\\\/wp-content\\\/uploads\\\/2024\\\/02\\\/f608x342-389982_419705_0.jpg?fit=608%2C342&ssl=1\",\"datePublished\":\"2024-02-27T16:51:06+00:00\",\"breadcrumb\":{\"@id\":\"https:\\\/\\\/politicosaldesnudo.com.mx\\\/index.php\\\/2024\\\/02\\\/27\\\/seguridad-y-autosuficiencia-metas-de-la-reforma-electrica-bartlett\\\/#breadcrumb\"},\"inLanguage\":\"es\",\"potentialAction\":[{\"@type\":\"ReadAction\",\"target\":[\"https:\\\/\\\/politicosaldesnudo.com.mx\\\/index.php\\\/2024\\\/02\\\/27\\\/seguridad-y-autosuficiencia-metas-de-la-reforma-electrica-bartlett\\\/\"]}]},{\"@type\":\"ImageObject\",\"inLanguage\":\"es\",\"@id\":\"https:\\\/\\\/politicosaldesnudo.com.mx\\\/index.php\\\/2024\\\/02\\\/27\\\/seguridad-y-autosuficiencia-metas-de-la-reforma-electrica-bartlett\\\/#primaryimage\",\"url\":\"https:\\\/\\\/i0.wp.com\\\/politicosaldesnudo.com.mx\\\/wp-content\\\/uploads\\\/2024\\\/02\\\/f608x342-389982_419705_0.jpg?fit=608%2C342&ssl=1\",\"contentUrl\":\"https:\\\/\\\/i0.wp.com\\\/politicosaldesnudo.com.mx\\\/wp-content\\\/uploads\\\/2024\\\/02\\\/f608x342-389982_419705_0.jpg?fit=608%2C342&ssl=1\",\"width\":608,\"height\":342},{\"@type\":\"BreadcrumbList\",\"@id\":\"https:\\\/\\\/politicosaldesnudo.com.mx\\\/index.php\\\/2024\\\/02\\\/27\\\/seguridad-y-autosuficiencia-metas-de-la-reforma-electrica-bartlett\\\/#breadcrumb\",\"itemListElement\":[{\"@type\":\"ListItem\",\"position\":1,\"name\":\"Portada\",\"item\":\"https:\\\/\\\/politicosaldesnudo.com.mx\\\/\"},{\"@type\":\"ListItem\",\"position\":2,\"name\":\"Seguridad y autosuficiencia, metas de la reforma el\u00e9ctrica: Bartlett\"}]},{\"@type\":\"WebSite\",\"@id\":\"https:\\\/\\\/politicosaldesnudo.com.mx\\\/#website\",\"url\":\"https:\\\/\\\/politicosaldesnudo.com.mx\\\/\",\"name\":\"Pol\u00edticos al Desnudo\",\"description\":\"\",\"publisher\":{\"@id\":\"https:\\\/\\\/politicosaldesnudo.com.mx\\\/#organization\"},\"potentialAction\":[{\"@type\":\"SearchAction\",\"target\":{\"@type\":\"EntryPoint\",\"urlTemplate\":\"https:\\\/\\\/politicosaldesnudo.com.mx\\\/?s={search_term_string}\"},\"query-input\":{\"@type\":\"PropertyValueSpecification\",\"valueRequired\":true,\"valueName\":\"search_term_string\"}}],\"inLanguage\":\"es\"},{\"@type\":\"Organization\",\"@id\":\"https:\\\/\\\/politicosaldesnudo.com.mx\\\/#organization\",\"name\":\"Pol\u00edticos al Desnudo\",\"url\":\"https:\\\/\\\/politicosaldesnudo.com.mx\\\/\",\"logo\":{\"@type\":\"ImageObject\",\"inLanguage\":\"es\",\"@id\":\"https:\\\/\\\/politicosaldesnudo.com.mx\\\/#\\\/schema\\\/logo\\\/image\\\/\",\"url\":\"https:\\\/\\\/i0.wp.com\\\/politicosaldesnudo.com.mx\\\/wp-content\\\/uploads\\\/2026\\\/08\\\/cropped-logo.webp?fit=400%2C126&ssl=1\",\"contentUrl\":\"https:\\\/\\\/i0.wp.com\\\/politicosaldesnudo.com.mx\\\/wp-content\\\/uploads\\\/2026\\\/08\\\/cropped-logo.webp?fit=400%2C126&ssl=1\",\"width\":400,\"height\":126,\"caption\":\"Pol\u00edticos al Desnudo\"},\"image\":{\"@id\":\"https:\\\/\\\/politicosaldesnudo.com.mx\\\/#\\\/schema\\\/logo\\\/image\\\/\"},\"sameAs\":[\"https:\\\/\\\/www.facebook.com\\\/PoliticosAD\"]},{\"@type\":\"Person\",\"@id\":\"https:\\\/\\\/politicosaldesnudo.com.mx\\\/#\\\/schema\\\/person\\\/ef3a64e561cc3f3f5dc52fab81adde7e\",\"name\":\"Redacci\u00f3n Pol\u00edticos\",\"url\":\"https:\\\/\\\/politicosaldesnudo.com.mx\\\/index.php\\\/author\\\/redaccion-politicos\\\/\"}]}<\/script>\n<!-- \/ Yoast SEO plugin. -->","yoast_head_json":{"title":"Seguridad y autosuficiencia, metas de la reforma el\u00e9ctrica: Bartlett - Pol\u00edticos al Desnudo","robots":{"index":"index","follow":"follow","max-snippet":"max-snippet:-1","max-image-preview":"max-image-preview:large","max-video-preview":"max-video-preview:-1"},"canonical":"https:\/\/politicosaldesnudo.com.mx\/index.php\/2024\/02\/27\/seguridad-y-autosuficiencia-metas-de-la-reforma-electrica-bartlett\/","og_locale":"es_ES","og_type":"article","og_title":"Seguridad y autosuficiencia, metas de la reforma el\u00e9ctrica: Bartlett - Pol\u00edticos al Desnudo","og_description":"La iniciativa de reforma constitucional en materia energ\u00e9tica pretende que se asuma que la generaci\u00f3n de energ\u00eda el\u00e9ctrica tenga un [&hellip;]","og_url":"https:\/\/politicosaldesnudo.com.mx\/index.php\/2024\/02\/27\/seguridad-y-autosuficiencia-metas-de-la-reforma-electrica-bartlett\/","og_site_name":"Pol\u00edticos al Desnudo","article_publisher":"https:\/\/www.facebook.com\/PoliticosAD","article_published_time":"2024-02-27T16:51:06+00:00","og_image":[{"width":608,"height":342,"url":"https:\/\/i0.wp.com\/politicosaldesnudo.com.mx\/wp-content\/uploads\/2024\/02\/f608x342-389982_419705_0.jpg?fit=608%2C342&ssl=1","type":"image\/jpeg"}],"author":"Redacci\u00f3n Pol\u00edticos","twitter_card":"summary_large_image","twitter_misc":{"Escrito por":"Redacci\u00f3n Pol\u00edticos","Tiempo de lectura":"2 minutos"},"schema":{"@context":"https:\/\/schema.org","@graph":[{"@type":"Article","@id":"https:\/\/politicosaldesnudo.com.mx\/index.php\/2024\/02\/27\/seguridad-y-autosuficiencia-metas-de-la-reforma-electrica-bartlett\/#article","isPartOf":{"@id":"https:\/\/politicosaldesnudo.com.mx\/index.php\/2024\/02\/27\/seguridad-y-autosuficiencia-metas-de-la-reforma-electrica-bartlett\/"},"author":{"name":"Redacci\u00f3n Pol\u00edticos","@id":"https:\/\/politicosaldesnudo.com.mx\/#\/schema\/person\/ef3a64e561cc3f3f5dc52fab81adde7e"},"headline":"Seguridad y autosuficiencia, metas de la reforma el\u00e9ctrica: Bartlett","datePublished":"2024-02-27T16:51:06+00:00","mainEntityOfPage":{"@id":"https:\/\/politicosaldesnudo.com.mx\/index.php\/2024\/02\/27\/seguridad-y-autosuficiencia-metas-de-la-reforma-electrica-bartlett\/"},"wordCount":406,"publisher":{"@id":"https:\/\/politicosaldesnudo.com.mx\/#organization"},"image":{"@id":"https:\/\/politicosaldesnudo.com.mx\/index.php\/2024\/02\/27\/seguridad-y-autosuficiencia-metas-de-la-reforma-electrica-bartlett\/#primaryimage"},"thumbnailUrl":"https:\/\/i0.wp.com\/politicosaldesnudo.com.mx\/wp-content\/uploads\/2024\/02\/f608x342-389982_419705_0.jpg?fit=608%2C342&ssl=1","keywords":["MANUEL BARTLETT","REFORMA ELECTRICA"],"articleSection":["ECONOM\u00cdA"],"inLanguage":"es"},{"@type":"WebPage","@id":"https:\/\/politicosaldesnudo.com.mx\/index.php\/2024\/02\/27\/seguridad-y-autosuficiencia-metas-de-la-reforma-electrica-bartlett\/","url":"https:\/\/politicosaldesnudo.com.mx\/index.php\/2024\/02\/27\/seguridad-y-autosuficiencia-metas-de-la-reforma-electrica-bartlett\/","name":"Seguridad y autosuficiencia, metas de la reforma el\u00e9ctrica: Bartlett - Pol\u00edticos al Desnudo","isPartOf":{"@id":"https:\/\/politicosaldesnudo.com.mx\/#website"},"primaryImageOfPage":{"@id":"https:\/\/politicosaldesnudo.com.mx\/index.php\/2024\/02\/27\/seguridad-y-autosuficiencia-metas-de-la-reforma-electrica-bartlett\/#primaryimage"},"image":{"@id":"https:\/\/politicosaldesnudo.com.mx\/index.php\/2024\/02\/27\/seguridad-y-autosuficiencia-metas-de-la-reforma-electrica-bartlett\/#primaryimage"},"thumbnailUrl":"https:\/\/i0.wp.com\/politicosaldesnudo.com.mx\/wp-content\/uploads\/2024\/02\/f608x342-389982_419705_0.jpg?fit=608%2C342&ssl=1","datePublished":"2024-02-27T16:51:06+00:00","breadcrumb":{"@id":"https:\/\/politicosaldesnudo.com.mx\/index.php\/2024\/02\/27\/seguridad-y-autosuficiencia-metas-de-la-reforma-electrica-bartlett\/#breadcrumb"},"inLanguage":"es","potentialAction":[{"@type":"ReadAction","target":["https:\/\/politicosaldesnudo.com.mx\/index.php\/2024\/02\/27\/seguridad-y-autosuficiencia-metas-de-la-reforma-electrica-bartlett\/"]}]},{"@type":"ImageObject","inLanguage":"es","@id":"https:\/\/politicosaldesnudo.com.mx\/index.php\/2024\/02\/27\/seguridad-y-autosuficiencia-metas-de-la-reforma-electrica-bartlett\/#primaryimage","url":"https:\/\/i0.wp.com\/politicosaldesnudo.com.mx\/wp-content\/uploads\/2024\/02\/f608x342-389982_419705_0.jpg?fit=608%2C342&ssl=1","contentUrl":"https:\/\/i0.wp.com\/politicosaldesnudo.com.mx\/wp-content\/uploads\/2024\/02\/f608x342-389982_419705_0.jpg?fit=608%2C342&ssl=1","width":608,"height":342},{"@type":"BreadcrumbList","@id":"https:\/\/politicosaldesnudo.com.mx\/index.php\/2024\/02\/27\/seguridad-y-autosuficiencia-metas-de-la-reforma-electrica-bartlett\/#breadcrumb","itemListElement":[{"@type":"ListItem","position":1,"name":"Portada","item":"https:\/\/politicosaldesnudo.com.mx\/"},{"@type":"ListItem","position":2,"name":"Seguridad y autosuficiencia, metas de la reforma el\u00e9ctrica: Bartlett"}]},{"@type":"WebSite","@id":"https:\/\/politicosaldesnudo.com.mx\/#website","url":"https:\/\/politicosaldesnudo.com.mx\/","name":"Pol\u00edticos al Desnudo","description":"","publisher":{"@id":"https:\/\/politicosaldesnudo.com.mx\/#organization"},"potentialAction":[{"@type":"SearchAction","target":{"@type":"EntryPoint","urlTemplate":"https:\/\/politicosaldesnudo.com.mx\/?s={search_term_string}"},"query-input":{"@type":"PropertyValueSpecification","valueRequired":true,"valueName":"search_term_string"}}],"inLanguage":"es"},{"@type":"Organization","@id":"https:\/\/politicosaldesnudo.com.mx\/#organization","name":"Pol\u00edticos al Desnudo","url":"https:\/\/politicosaldesnudo.com.mx\/","logo":{"@type":"ImageObject","inLanguage":"es","@id":"https:\/\/politicosaldesnudo.com.mx\/#\/schema\/logo\/image\/","url":"https:\/\/i0.wp.com\/politicosaldesnudo.com.mx\/wp-content\/uploads\/2026\/08\/cropped-logo.webp?fit=400%2C126&ssl=1","contentUrl":"https:\/\/i0.wp.com\/politicosaldesnudo.com.mx\/wp-content\/uploads\/2026\/08\/cropped-logo.webp?fit=400%2C126&ssl=1","width":400,"height":126,"caption":"Pol\u00edticos al Desnudo"},"image":{"@id":"https:\/\/politicosaldesnudo.com.mx\/#\/schema\/logo\/image\/"},"sameAs":["https:\/\/www.facebook.com\/PoliticosAD"]},{"@type":"Person","@id":"https:\/\/politicosaldesnudo.com.mx\/#\/schema\/person\/ef3a64e561cc3f3f5dc52fab81adde7e","name":"Redacci\u00f3n Pol\u00edticos","url":"https:\/\/politicosaldesnudo.com.mx\/index.php\/author\/redaccion-politicos\/"}]}},"jetpack_publicize_connections":[],"jetpack-related-posts":[{"id":87011,"url":"https:\/\/politicosaldesnudo.com.mx\/index.php\/2026\/07\/20\/crecera-mas-el-pib-si-mexico-diversifica-sus-fuentes-de-energia-electrica-cepal\/","url_meta":{"origin":32288,"position":0},"title":"Crecer\u00e1 m\u00e1s el PIB si M\u00e9xico diversifica sus fuentes de energ\u00eda el\u00e9ctrica: Cepal","author":"Redacci\u00f3n Pol\u00edticos","date":"20 de julio de 2026","format":false,"excerpt":"La transici\u00f3n energ\u00e9tica es una oportunidad para impulsar la econom\u00eda mexicana, revela un an\u00e1lisis de la Comisi\u00f3n Econ\u00f3mica para Am\u00e9rica Latina y el Caribe (Cepal).De acuerdo con el estudio publicado por el organismo, la incorporaci\u00f3n de tecnolog\u00edas renovables consolida los encadenamientos productivos y amplifica los efectos multiplicadores del sector el\u00e9ctrico.\u201cSi\u2026","rel":"","context":"En \u00abECONOM\u00cdA\u00bb","block_context":{"text":"ECONOM\u00cdA","link":"https:\/\/politicosaldesnudo.com.mx\/index.php\/category\/economia\/"},"img":{"alt_text":"","src":"https:\/\/i0.wp.com\/politicosaldesnudo.com.mx\/wp-content\/uploads\/2026\/07\/aventi.webp?fit=1200%2C741&ssl=1&resize=350%2C200","width":350,"height":200,"srcset":"https:\/\/i0.wp.com\/politicosaldesnudo.com.mx\/wp-content\/uploads\/2026\/07\/aventi.webp?fit=1200%2C741&ssl=1&resize=350%2C200 1x, https:\/\/i0.wp.com\/politicosaldesnudo.com.mx\/wp-content\/uploads\/2026\/07\/aventi.webp?fit=1200%2C741&ssl=1&resize=525%2C300 1.5x, https:\/\/i0.wp.com\/politicosaldesnudo.com.mx\/wp-content\/uploads\/2026\/07\/aventi.webp?fit=1200%2C741&ssl=1&resize=700%2C400 2x, https:\/\/i0.wp.com\/politicosaldesnudo.com.mx\/wp-content\/uploads\/2026\/07\/aventi.webp?fit=1200%2C741&ssl=1&resize=1050%2C600 3x"},"classes":[]},{"id":87252,"url":"https:\/\/politicosaldesnudo.com.mx\/index.php\/2026\/07\/27\/interrupciones-electricas-caen-39-respecto-a-2024-cfe\/","url_meta":{"origin":32288,"position":1},"title":"Interrupciones el\u00e9ctricas caen 39% respecto a 2024: CFE","author":"Redacci\u00f3n Pol\u00edticos","date":"27 de julio de 2026","format":false,"excerpt":"La \u201cinversi\u00f3n hist\u00f3rica\u201d para ampliar y modernizar las redes de transmisi\u00f3n y distribuci\u00f3n el\u00e9ctrica en M\u00e9xico, \u201cya comienza a dar resultados\u201d, asegur\u00f3 Emilia Calleja, directora general de la Comisi\u00f3n Federal de Electricidad (CFE). Durante el primer semestre de este a\u00f1o, las interrupciones en el servicio disminuyeron 39 por ciento respecto\u2026","rel":"","context":"En \u00abECONOM\u00cdA\u00bb","block_context":{"text":"ECONOM\u00cdA","link":"https:\/\/politicosaldesnudo.com.mx\/index.php\/category\/economia\/"},"img":{"alt_text":"","src":"https:\/\/i0.wp.com\/politicosaldesnudo.com.mx\/wp-content\/uploads\/2026\/07\/ANID.webp?fit=1200%2C742&ssl=1&resize=350%2C200","width":350,"height":200,"srcset":"https:\/\/i0.wp.com\/politicosaldesnudo.com.mx\/wp-content\/uploads\/2026\/07\/ANID.webp?fit=1200%2C742&ssl=1&resize=350%2C200 1x, https:\/\/i0.wp.com\/politicosaldesnudo.com.mx\/wp-content\/uploads\/2026\/07\/ANID.webp?fit=1200%2C742&ssl=1&resize=525%2C300 1.5x, https:\/\/i0.wp.com\/politicosaldesnudo.com.mx\/wp-content\/uploads\/2026\/07\/ANID.webp?fit=1200%2C742&ssl=1&resize=700%2C400 2x, https:\/\/i0.wp.com\/politicosaldesnudo.com.mx\/wp-content\/uploads\/2026\/07\/ANID.webp?fit=1200%2C742&ssl=1&resize=1050%2C600 3x"},"classes":[]},{"id":88152,"url":"https:\/\/politicosaldesnudo.com.mx\/index.php\/2026\/08\/29\/veracruz-tendra-un-sabado-caluroso-con-lluvias-y-tormentas-electricas\/","url_meta":{"origin":32288,"position":2},"title":"Veracruz tendr\u00e1 un s\u00e1bado caluroso con lluvias y tormentas el\u00e9ctricas","author":"Redacci\u00f3n Pol\u00edticos","date":"29 de agosto de 2026","format":false,"excerpt":"Este s\u00e1bado 29 de agosto se mantendr\u00e1 el ambiente caluroso durante el mediod\u00eda y parte de la tarde en gran parte del estado de Veracruz. Sin embargo, el pron\u00f3stico contempla lluvias y tormentas el\u00e9ctricas, principalmente en las regiones centro y sur. Las precipitaciones podr\u00edan intensificarse de manera aislada y dejar\u2026","rel":"","context":"En \u00abESTADOS\u00bb","block_context":{"text":"ESTADOS","link":"https:\/\/politicosaldesnudo.com.mx\/index.php\/category\/estados\/"},"img":{"alt_text":"","src":"https:\/\/i0.wp.com\/politicosaldesnudo.com.mx\/wp-content\/uploads\/2026\/08\/d0d1483f-6f3d-4483-8b68-e06fb78d47c2.png?fit=1200%2C675&ssl=1&resize=350%2C200","width":350,"height":200,"srcset":"https:\/\/i0.wp.com\/politicosaldesnudo.com.mx\/wp-content\/uploads\/2026\/08\/d0d1483f-6f3d-4483-8b68-e06fb78d47c2.png?fit=1200%2C675&ssl=1&resize=350%2C200 1x, https:\/\/i0.wp.com\/politicosaldesnudo.com.mx\/wp-content\/uploads\/2026\/08\/d0d1483f-6f3d-4483-8b68-e06fb78d47c2.png?fit=1200%2C675&ssl=1&resize=525%2C300 1.5x, https:\/\/i0.wp.com\/politicosaldesnudo.com.mx\/wp-content\/uploads\/2026\/08\/d0d1483f-6f3d-4483-8b68-e06fb78d47c2.png?fit=1200%2C675&ssl=1&resize=700%2C400 2x, https:\/\/i0.wp.com\/politicosaldesnudo.com.mx\/wp-content\/uploads\/2026\/08\/d0d1483f-6f3d-4483-8b68-e06fb78d47c2.png?fit=1200%2C675&ssl=1&resize=1050%2C600 3x"},"classes":[]},{"id":87103,"url":"https:\/\/politicosaldesnudo.com.mx\/index.php\/2026\/07\/22\/vecinos-de-acapulco-protestan-ante-la-cfe-por-apagones-prolongados-llevan-5-dias-sin-luz\/","url_meta":{"origin":32288,"position":3},"title":"Vecinos de Acapulco protestan ante la CFE por apagones prolongados; llevan 5 d\u00edas sin luz","author":"Redacci\u00f3n Pol\u00edticos","date":"22 de julio de 2026","format":false,"excerpt":"Habitantes de las colonias Brisas del Mar e Ignacio Manuel Altamirano, en la zona poniente de la ciudad de Acapulco, se manifestaron este martes en las instalaciones de la Comisi\u00f3n Federal de Electricidad (CFE) en la calle Campeche, colonia progreso, para protestar por la falta de suministro de energ\u00eda el\u00e9ctrica\u2026","rel":"","context":"En \u00abESTADOS\u00bb","block_context":{"text":"ESTADOS","link":"https:\/\/politicosaldesnudo.com.mx\/index.php\/category\/estados\/"},"img":{"alt_text":"","src":"https:\/\/i0.wp.com\/politicosaldesnudo.com.mx\/wp-content\/uploads\/2026\/07\/LALU.webp?fit=1200%2C837&ssl=1&resize=350%2C200","width":350,"height":200,"srcset":"https:\/\/i0.wp.com\/politicosaldesnudo.com.mx\/wp-content\/uploads\/2026\/07\/LALU.webp?fit=1200%2C837&ssl=1&resize=350%2C200 1x, https:\/\/i0.wp.com\/politicosaldesnudo.com.mx\/wp-content\/uploads\/2026\/07\/LALU.webp?fit=1200%2C837&ssl=1&resize=525%2C300 1.5x, https:\/\/i0.wp.com\/politicosaldesnudo.com.mx\/wp-content\/uploads\/2026\/07\/LALU.webp?fit=1200%2C837&ssl=1&resize=700%2C400 2x, https:\/\/i0.wp.com\/politicosaldesnudo.com.mx\/wp-content\/uploads\/2026\/07\/LALU.webp?fit=1200%2C837&ssl=1&resize=1050%2C600 3x"},"classes":[]},{"id":45986,"url":"https:\/\/politicosaldesnudo.com.mx\/index.php\/2024\/09\/10\/habitantes-de-los-kilometros-solicitan-atender-sus-peticiones\/","url_meta":{"origin":32288,"position":4},"title":"Habitantes de Los Kil\u00f3metros solicitan atender sus peticiones","author":"Redacci\u00f3n Pol\u00edticos","date":"10 de septiembre de 2024","format":false,"excerpt":"Este lunes habitantes de la ruta de los kil\u00f3metros acudieron al Ayuntamiento de Tuxpan para solicitar a las autoridades se atienden obras en rezago de sus comunidades como la infraestructura carretera y la ampliaci\u00f3n de red el\u00e9ctrica, obras que solicitan se contemplen en el presupuesto municipal de 2025. Arturo Simbr\u00f3n\u2026","rel":"","context":"En \u00abTUXPAN\u00bb","block_context":{"text":"TUXPAN","link":"https:\/\/politicosaldesnudo.com.mx\/index.php\/category\/tuxpan\/"},"img":{"alt_text":"","src":"https:\/\/i0.wp.com\/politicosaldesnudo.com.mx\/wp-content\/uploads\/2024\/09\/habitantes-de-los-kilometros-solicitan-atender-sus-peticiones-549460.jpeg?fit=800%2C600&ssl=1&resize=350%2C200","width":350,"height":200,"srcset":"https:\/\/i0.wp.com\/politicosaldesnudo.com.mx\/wp-content\/uploads\/2024\/09\/habitantes-de-los-kilometros-solicitan-atender-sus-peticiones-549460.jpeg?fit=800%2C600&ssl=1&resize=350%2C200 1x, https:\/\/i0.wp.com\/politicosaldesnudo.com.mx\/wp-content\/uploads\/2024\/09\/habitantes-de-los-kilometros-solicitan-atender-sus-peticiones-549460.jpeg?fit=800%2C600&ssl=1&resize=525%2C300 1.5x, https:\/\/i0.wp.com\/politicosaldesnudo.com.mx\/wp-content\/uploads\/2024\/09\/habitantes-de-los-kilometros-solicitan-atender-sus-peticiones-549460.jpeg?fit=800%2C600&ssl=1&resize=700%2C400 2x"},"classes":[]},{"id":87624,"url":"https:\/\/politicosaldesnudo.com.mx\/index.php\/2026\/08\/10\/recrimine-a-la-reforma-judicial\/","url_meta":{"origin":32288,"position":5},"title":"Recrimine a la reforma judicial","author":"Redacci\u00f3n Pol\u00edticos","date":"10 de agosto de 2026","format":false,"excerpt":"Por: Lic. Alberto Woolrich Ortiz No obstante que hasta la fecha el segundo piso de la Cuarta Transformaci\u00f3n de la Naci\u00f3n no ha dado visos de modificar su mala forma de gobernanza; la justicia y la probidad siguen teniendo millones de partidarios entre los que destacan algunos impartidores de justicia\u2026","rel":"","context":"En \u00abOPINI\u00d3N\u00bb","block_context":{"text":"OPINI\u00d3N","link":"https:\/\/politicosaldesnudo.com.mx\/index.php\/category\/columnistas\/"},"img":{"alt_text":"","src":"https:\/\/i0.wp.com\/politicosaldesnudo.com.mx\/wp-content\/uploads\/2026\/03\/WOODLRICH.jpg?fit=800%2C445&ssl=1&resize=350%2C200","width":350,"height":200,"srcset":"https:\/\/i0.wp.com\/politicosaldesnudo.com.mx\/wp-content\/uploads\/2026\/03\/WOODLRICH.jpg?fit=800%2C445&ssl=1&resize=350%2C200 1x, https:\/\/i0.wp.com\/politicosaldesnudo.com.mx\/wp-content\/uploads\/2026\/03\/WOODLRICH.jpg?fit=800%2C445&ssl=1&resize=525%2C300 1.5x, https:\/\/i0.wp.com\/politicosaldesnudo.com.mx\/wp-content\/uploads\/2026\/03\/WOODLRICH.jpg?fit=800%2C445&ssl=1&resize=700%2C400 2x"},"classes":[]}],"jetpack_sharing_enabled":true,"jetpack_featured_media_url":"https:\/\/i0.wp.com\/politicosaldesnudo.com.mx\/wp-content\/uploads\/2024\/02\/f608x342-389982_419705_0.jpg?fit=608%2C342&ssl=1","_links":{"self":[{"href":"https:\/\/politicosaldesnudo.com.mx\/index.php\/wp-json\/wp\/v2\/posts\/32288","targetHints":{"allow":["GET"]}}],"collection":[{"href":"https:\/\/politicosaldesnudo.com.mx\/index.php\/wp-json\/wp\/v2\/posts"}],"about":[{"href":"https:\/\/politicosaldesnudo.com.mx\/index.php\/wp-json\/wp\/v2\/types\/post"}],"author":[{"embeddable":true,"href":"https:\/\/politicosaldesnudo.com.mx\/index.php\/wp-json\/wp\/v2\/users\/4"}],"replies":[{"embeddable":true,"href":"https:\/\/politicosaldesnudo.com.mx\/index.php\/wp-json\/wp\/v2\/comments?post=32288"}],"version-history":[{"count":0,"href":"https:\/\/politicosaldesnudo.com.mx\/index.php\/wp-json\/wp\/v2\/posts\/32288\/revisions"}],"wp:featuredmedia":[{"embeddable":true,"href":"https:\/\/politicosaldesnudo.com.mx\/index.php\/wp-json\/wp\/v2\/media\/32289"}],"wp:attachment":[{"href":"https:\/\/politicosaldesnudo.com.mx\/index.php\/wp-json\/wp\/v2\/media?parent=32288"}],"wp:term":[{"taxonomy":"category","embeddable":true,"href":"https:\/\/politicosaldesnudo.com.mx\/index.php\/wp-json\/wp\/v2\/categories?post=32288"},{"taxonomy":"post_tag","embeddable":true,"href":"https:\/\/politicosaldesnudo.com.mx\/index.php\/wp-json\/wp\/v2\/tags?post=32288"}],"curies":[{"name":"wp","href":"https:\/\/api.w.org\/{rel}","templated":true}]}}