{"id":32443,"date":"2024-02-29T08:39:24","date_gmt":"2024-02-29T14:39:24","guid":{"rendered":"https:\/\/politicosaldesnudo.com.mx\/?p=32443"},"modified":"2024-02-29T08:39:24","modified_gmt":"2024-02-29T14:39:24","slug":"arranca-campana-de-lentes-en-escuelas","status":"publish","type":"post","link":"https:\/\/politicosaldesnudo.com.mx\/index.php\/2024\/02\/29\/arranca-campana-de-lentes-en-escuelas\/","title":{"rendered":"Arranca campa\u00f1a de lentes en escuelas"},"content":{"rendered":"<p><span style=\"font-size: 14pt;\">Tuxpan.- Con el prop\u00f3sito de apoyar a estudiantes del nivel b\u00e1sico para que tengan una excelente salud visual, la S\u00edndica \u00danica Beatriz Pi\u00f1a, dio inicio a la Jornada de Salud Visual en la Escuela Primaria \u201cMiguel Lerdo de Tejada\u201d; en donde en el primer d\u00eda, atendieron a 137 alumnas y alumnos.<\/span><\/p>\n<p><span style=\"font-size: 14pt;\">La funcionaria indic\u00f3 que esta actividad es con la finalidad de identificar a aquellos estudiantes que tengan posibles problemas de visi\u00f3n, ya que esto afecta notablemente en su desempe\u00f1o escolar; y posteriormente, corregir el problema con lentes graduados a sus necesidades.<\/span><\/p>\n<p><span style=\"font-size: 14pt;\">Esta actividad ha sido bien recibida por maestros y directivos escolares que tambi\u00e9n aprovechar para hacerse una revisi\u00f3n de la vista, para tener un buen desempe\u00f1o de sus funciones.<\/span><\/p>\n<p><span style=\"font-size: 14pt;\">La promotora de esta actividad se\u00f1al\u00f3 que dentro de su agenda de trabajo tiene pensado recorrer varias instituciones educativas de nivel b\u00e1sico, para apoyar a los estudiantes en uno de los temas fundamentales de su salud, como es el cuidado de los ojos.<\/span><\/p>\n<p><span style=\"font-size: 14pt;\">\u00abTuve la oportunidad de saludar a mis amigos y amigas docentes; y de presenciar una obra de teatro con t\u00edteres, organizado por alumnos y alumnas de cuarto grado y eso me motiva a seguir apoyando al sector educativo con campa\u00f1as de gran relevancia social, y que les permita a los ni\u00f1os fortalecer su salud visual\u00bb, concluy\u00f3.<\/span><\/p>\n","protected":false},"excerpt":{"rendered":"<p>Tuxpan.- Con el prop\u00f3sito de apoyar a estudiantes del nivel b\u00e1sico para que tengan una excelente salud visual, la S\u00edndica<\/p>\n","protected":false},"author":4,"featured_media":32444,"comment_status":"closed","ping_status":"closed","sticky":false,"template":"","format":"standard","meta":{"colormag_page_container_layout":"default_layout","colormag_page_sidebar_layout":"default_layout","_jetpack_memberships_contains_paid_content":false,"footnotes":"","jetpack_publicize_message":"","jetpack_publicize_feature_enabled":true,"jetpack_social_post_already_shared":false,"jetpack_social_options":{"image_generator_settings":{"template":"highway","default_image_id":0,"font":"","enabled":false},"version":2}},"categories":[1082],"tags":[3141,1705],"class_list":["post-32443","post","type-post","status-publish","format-standard","has-post-thumbnail","hentry","category-tuxpan","tag-campana-de-lentes","tag-salud-visual"],"jetpack_publicize_connections":[],"jetpack_featured_media_url":"https:\/\/i0.wp.com\/politicosaldesnudo.com.mx\/wp-content\/uploads\/2024\/02\/4c-10.jpg?fit=1280%2C960&ssl=1","jetpack-related-posts":[],"jetpack_sharing_enabled":true,"_links":{"self":[{"href":"https:\/\/politicosaldesnudo.com.mx\/index.php\/wp-json\/wp\/v2\/posts\/32443","targetHints":{"allow":["GET"]}}],"collection":[{"href":"https:\/\/politicosaldesnudo.com.mx\/index.php\/wp-json\/wp\/v2\/posts"}],"about":[{"href":"https:\/\/politicosaldesnudo.com.mx\/index.php\/wp-json\/wp\/v2\/types\/post"}],"author":[{"embeddable":true,"href":"https:\/\/politicosaldesnudo.com.mx\/index.php\/wp-json\/wp\/v2\/users\/4"}],"replies":[{"embeddable":true,"href":"https:\/\/politicosaldesnudo.com.mx\/index.php\/wp-json\/wp\/v2\/comments?post=32443"}],"version-history":[{"count":0,"href":"https:\/\/politicosaldesnudo.com.mx\/index.php\/wp-json\/wp\/v2\/posts\/32443\/revisions"}],"wp:featuredmedia":[{"embeddable":true,"href":"https:\/\/politicosaldesnudo.com.mx\/index.php\/wp-json\/wp\/v2\/media\/32444"}],"wp:attachment":[{"href":"https:\/\/politicosaldesnudo.com.mx\/index.php\/wp-json\/wp\/v2\/media?parent=32443"}],"wp:term":[{"taxonomy":"category","embeddable":true,"href":"https:\/\/politicosaldesnudo.com.mx\/index.php\/wp-json\/wp\/v2\/categories?post=32443"},{"taxonomy":"post_tag","embeddable":true,"href":"https:\/\/politicosaldesnudo.com.mx\/index.php\/wp-json\/wp\/v2\/tags?post=32443"}],"curies":[{"name":"wp","href":"https:\/\/api.w.org\/{rel}","templated":true}]}}