{"id":32564,"date":"2024-03-01T09:39:15","date_gmt":"2024-03-01T15:39:15","guid":{"rendered":"https:\/\/politicosaldesnudo.com.mx\/?p=32564"},"modified":"2024-03-01T09:39:15","modified_gmt":"2024-03-01T15:39:15","slug":"pide-amlo-a-los-medios-cooperacion-para-no-violar-veda-electoral","status":"publish","type":"post","link":"https:\/\/politicosaldesnudo.com.mx\/index.php\/2024\/03\/01\/pide-amlo-a-los-medios-cooperacion-para-no-violar-veda-electoral\/","title":{"rendered":"Pide AMLO a los medios cooperaci\u00f3n para no violar veda electoral"},"content":{"rendered":"<div id=\"article-content-tts\" class=\"nota-contenido mb-5\">\n<div id=\"content_nitf\">\n<div dir=\"auto\"><span style=\"font-size: 14pt;\">Para abrir su primera conferencia en el periodo de campa\u00f1as, el presidente Andr\u00e9s Manuel L\u00f3pez Obrador solicit\u00f3 la colaboraci\u00f3n de los medios de comunicaci\u00f3n \u00ab\u00bbcooperaci\u00f3n para que si hay un tema que no debemos tocar, nos auto limitemos para que no s\u00e9 de ning\u00fan motivo y no violemos la normatividad\u00bb.\u00a0<\/span><\/div>\n<div dir=\"auto\"><\/div>\n<div dir=\"auto\"><span style=\"font-size: 14pt;\">Es la primera conferencia de prensa en periodo de campa\u00f1as que restringe los posicionamiento a de los funcionarios p\u00fablicos respecto a diversos temas por las disposiciones legales. No se pueden promocionar programas ni logros de gobierno, entre otros.<\/span><\/div>\n<div dir=\"auto\"><\/div>\n<div dir=\"auto\"><span style=\"font-size: 14pt;\">M\u00e1s adelante, en medio de las restricciones tem\u00e1ticas dijo que ten\u00eda pensado leer una parte de su \u00faltimo libro Gracias, pero retomando sus cap\u00edtulos hist\u00f3ricos. Una especie de seminario hist\u00f3rico para recoger las ense\u00f1anzas de nuestros h\u00e9roes.\u00a0<\/span><\/div>\n<div dir=\"auto\"><\/div>\n<div dir=\"auto\"><span style=\"font-size: 14pt;\">\u00abVamos a hablar de Hidalgo \u00bfque hizo Hidalgo? vamos con Morelos, vamos a hablar de Ju\u00e1rez,movamos a hablar de Zapata, de Madero. La vida de Ju\u00e1rez, desde el movimiento de reforma, desde que gobern\u00f3 Oaxaca hasta las leyes de reforma.<\/span><\/div>\n<div dir=\"auto\"><\/div>\n<div dir=\"auto\"><span style=\"font-size: 14pt;\">Luego cuando los conservadores van a buscar a Maximiliano hasta el triunfo de la republics, y periodo de la republica restaurada.\u00bb<\/span><\/div>\n<div dir=\"auto\"><\/div>\n<div dir=\"auto\"><span style=\"font-size: 14pt;\">O bien la vida de Catarino Garza, \u00bfqui\u00e9n fue Catarino Garza? O el general Francisco Mugica o Heriberto Jara, h\u00e9roes an\u00f3nimos.\u00a0<\/span><\/div>\n<div dir=\"auto\"><\/div>\n<div dir=\"auto\"><span style=\"font-size: 14pt;\">\u00abEso ayuda a entender el por qu\u00e9 de nuestro movimiento, por que estamos hablando de 20 reformas, porque queremos regresarle a la constituci\u00f3n su esp\u00edritu libertario, su esp\u00edritu justiciero, \u00abque no tiene que ver con la justicia \u00a0social, con la aut\u00e9ntica democracia,con las libertades. Que trataron \u00a0de convertir la constituci\u00f3n para legalizar el,predominio de un grupo sobre el inter\u00e9s popular\u00bb.\u00a0<\/span><\/div>\n<div dir=\"auto\"><\/div>\n<div dir=\"auto\"><span style=\"font-size: 14pt;\">Es que no se ve que los neoliberales hab\u00edan decretado el fin de la historia, \u00abes no veas para atr\u00e1s, sino para adelante. \u00ab\u00bfComo vamos a tener una sociedad mejor si nos inspiramos en nuestra historia fecunda? \u00bfComo se avanza sin ideales, sin principios. Para todo se necesita ir en busca de un ideal, de una doctrina?\u00a0<\/span><\/div>\n<\/div>\n<\/div>\n","protected":false},"excerpt":{"rendered":"<p>Para abrir su primera conferencia en el periodo de campa\u00f1as, el presidente Andr\u00e9s Manuel L\u00f3pez Obrador solicit\u00f3 la colaboraci\u00f3n de<\/p>\n","protected":false},"author":4,"featured_media":32565,"comment_status":"closed","ping_status":"closed","sticky":false,"template":"","format":"standard","meta":{"colormag_page_container_layout":"default_layout","colormag_page_sidebar_layout":"default_layout","_jetpack_memberships_contains_paid_content":false,"footnotes":"","jetpack_publicize_message":"","jetpack_publicize_feature_enabled":true,"jetpack_social_post_already_shared":false,"jetpack_social_options":{"image_generator_settings":{"template":"highway","default_image_id":0,"font":"","enabled":false},"version":2}},"categories":[33],"tags":[45,3160],"class_list":["post-32564","post","type-post","status-publish","format-standard","has-post-thumbnail","hentry","category-nacional","tag-amlo","tag-veda-electoral"],"jetpack_publicize_connections":[],"jetpack_featured_media_url":"https:\/\/i0.wp.com\/politicosaldesnudo.com.mx\/wp-content\/uploads\/2024\/03\/amlo.png?fit=1997%2C1319&ssl=1","jetpack-related-posts":[],"jetpack_sharing_enabled":true,"_links":{"self":[{"href":"https:\/\/politicosaldesnudo.com.mx\/index.php\/wp-json\/wp\/v2\/posts\/32564","targetHints":{"allow":["GET"]}}],"collection":[{"href":"https:\/\/politicosaldesnudo.com.mx\/index.php\/wp-json\/wp\/v2\/posts"}],"about":[{"href":"https:\/\/politicosaldesnudo.com.mx\/index.php\/wp-json\/wp\/v2\/types\/post"}],"author":[{"embeddable":true,"href":"https:\/\/politicosaldesnudo.com.mx\/index.php\/wp-json\/wp\/v2\/users\/4"}],"replies":[{"embeddable":true,"href":"https:\/\/politicosaldesnudo.com.mx\/index.php\/wp-json\/wp\/v2\/comments?post=32564"}],"version-history":[{"count":0,"href":"https:\/\/politicosaldesnudo.com.mx\/index.php\/wp-json\/wp\/v2\/posts\/32564\/revisions"}],"wp:featuredmedia":[{"embeddable":true,"href":"https:\/\/politicosaldesnudo.com.mx\/index.php\/wp-json\/wp\/v2\/media\/32565"}],"wp:attachment":[{"href":"https:\/\/politicosaldesnudo.com.mx\/index.php\/wp-json\/wp\/v2\/media?parent=32564"}],"wp:term":[{"taxonomy":"category","embeddable":true,"href":"https:\/\/politicosaldesnudo.com.mx\/index.php\/wp-json\/wp\/v2\/categories?post=32564"},{"taxonomy":"post_tag","embeddable":true,"href":"https:\/\/politicosaldesnudo.com.mx\/index.php\/wp-json\/wp\/v2\/tags?post=32564"}],"curies":[{"name":"wp","href":"https:\/\/api.w.org\/{rel}","templated":true}]}}