{"id":32567,"date":"2024-03-01T09:41:36","date_gmt":"2024-03-01T15:41:36","guid":{"rendered":"https:\/\/politicosaldesnudo.com.mx\/?p=32567"},"modified":"2024-03-01T09:41:36","modified_gmt":"2024-03-01T15:41:36","slug":"iniciara-el-presidente-gira-de-caracter-privado-en-al-menos-23-estados","status":"publish","type":"post","link":"https:\/\/politicosaldesnudo.com.mx\/index.php\/2024\/03\/01\/iniciara-el-presidente-gira-de-caracter-privado-en-al-menos-23-estados\/","title":{"rendered":"Iniciar\u00e1 el Presidente gira de car\u00e1cter privado en al menos 23 estados"},"content":{"rendered":"<div id=\"article-content-tts\" class=\"nota-contenido mb-5\">\n<div id=\"content_nitf\">\n<div dir=\"auto\"><span style=\"font-size: 14pt;\">El presidente Andr\u00e9s Manuel L\u00f3pez Obrador anunci\u00f3 que en estos d\u00edas iniciar\u00e1 una gira de car\u00e1cter privado en \u00abal menos 23 estados\u00bb para evaluar los avances en la reestructuraci\u00f3n \u00a0de l sistema de salud, con el objetivo de concluir la construcci\u00f3n del mejor sistema de salud del mundo antes de concluir su gesti\u00f3n.<\/span><\/div>\n<div dir=\"auto\"><\/div>\n<div dir=\"auto\"><span style=\"font-size: 14pt;\">A pregunta expresa de que en su momento se anunci\u00f3 que ser\u00eda en marzo cuando estar\u00eda concluido esta modernizaci\u00f3n, L\u00f3pez Obrador dijo que el ofrecimiento es dejar este nuevo Modelo al concluir su gesti\u00f3n.<\/span><\/div>\n<div dir=\"auto\"><\/div>\n<div dir=\"auto\"><span style=\"font-size: 14pt;\">Destac\u00f3 que en sus giras de car\u00e1cter privada no sostendr\u00e1 reuniones ni siquiera con el personal m\u00e9dicas, doctores o enfermeras.<\/span><\/div>\n<div dir=\"auto\"><\/div>\n<div dir=\"auto\"><span style=\"font-size: 14pt;\">Adelant\u00f3 que el 21 de marzo habr\u00e1 una reuni\u00f3n de evaluaci\u00f3n del estado que guarda el sistema de salud, particularmente en los 23 estados que han aceptado la federalizacion de los servicios de salud. Ese d\u00eda acudir\u00e1 a Guelatao para la ceremonia del natalicio de Benito Ju\u00e1rez y posteriormente se realizar\u00e1 la reuni\u00f3n con los responsables de las instituciones de salud.<\/span><\/div>\n<div dir=\"auto\"><\/div>\n<div dir=\"auto\"><span style=\"font-size: 14pt;\">Puntualiz\u00f3 que este fin de semana arrancar\u00e1 sus recorridos en Veracruz, Puebla, Tlaxcala e Hidalgo.<\/span><\/div>\n<\/div>\n<\/div>\n","protected":false},"excerpt":{"rendered":"<p>El presidente Andr\u00e9s Manuel L\u00f3pez Obrador anunci\u00f3 que en estos d\u00edas iniciar\u00e1 una gira de car\u00e1cter privado en \u00abal menos<\/p>\n","protected":false},"author":4,"featured_media":32568,"comment_status":"closed","ping_status":"closed","sticky":false,"template":"","format":"standard","meta":{"colormag_page_container_layout":"default_layout","colormag_page_sidebar_layout":"default_layout","_jetpack_memberships_contains_paid_content":false,"footnotes":"","jetpack_publicize_message":"","jetpack_publicize_feature_enabled":true,"jetpack_social_post_already_shared":false,"jetpack_social_options":{"image_generator_settings":{"template":"highway","default_image_id":0,"font":"","enabled":false},"version":2}},"categories":[33],"tags":[45,514],"class_list":["post-32567","post","type-post","status-publish","format-standard","has-post-thumbnail","hentry","category-nacional","tag-amlo","tag-gira"],"jetpack_publicize_connections":[],"jetpack_featured_media_url":"https:\/\/i0.wp.com\/politicosaldesnudo.com.mx\/wp-content\/uploads\/2024\/03\/ca-times.brightspotcdn.jpg?fit=1200%2C798&ssl=1","jetpack-related-posts":[],"jetpack_sharing_enabled":true,"_links":{"self":[{"href":"https:\/\/politicosaldesnudo.com.mx\/index.php\/wp-json\/wp\/v2\/posts\/32567","targetHints":{"allow":["GET"]}}],"collection":[{"href":"https:\/\/politicosaldesnudo.com.mx\/index.php\/wp-json\/wp\/v2\/posts"}],"about":[{"href":"https:\/\/politicosaldesnudo.com.mx\/index.php\/wp-json\/wp\/v2\/types\/post"}],"author":[{"embeddable":true,"href":"https:\/\/politicosaldesnudo.com.mx\/index.php\/wp-json\/wp\/v2\/users\/4"}],"replies":[{"embeddable":true,"href":"https:\/\/politicosaldesnudo.com.mx\/index.php\/wp-json\/wp\/v2\/comments?post=32567"}],"version-history":[{"count":0,"href":"https:\/\/politicosaldesnudo.com.mx\/index.php\/wp-json\/wp\/v2\/posts\/32567\/revisions"}],"wp:featuredmedia":[{"embeddable":true,"href":"https:\/\/politicosaldesnudo.com.mx\/index.php\/wp-json\/wp\/v2\/media\/32568"}],"wp:attachment":[{"href":"https:\/\/politicosaldesnudo.com.mx\/index.php\/wp-json\/wp\/v2\/media?parent=32567"}],"wp:term":[{"taxonomy":"category","embeddable":true,"href":"https:\/\/politicosaldesnudo.com.mx\/index.php\/wp-json\/wp\/v2\/categories?post=32567"},{"taxonomy":"post_tag","embeddable":true,"href":"https:\/\/politicosaldesnudo.com.mx\/index.php\/wp-json\/wp\/v2\/tags?post=32567"}],"curies":[{"name":"wp","href":"https:\/\/api.w.org\/{rel}","templated":true}]}}