{"id":32587,"date":"2024-03-01T10:00:32","date_gmt":"2024-03-01T16:00:32","guid":{"rendered":"https:\/\/politicosaldesnudo.com.mx\/?p=32587"},"modified":"2024-03-01T10:00:32","modified_gmt":"2024-03-01T16:00:32","slug":"la-frontera-con-mexico-al-centro-de-la-contienda-electoral-en-eu","status":"publish","type":"post","link":"https:\/\/politicosaldesnudo.com.mx\/index.php\/2024\/03\/01\/la-frontera-con-mexico-al-centro-de-la-contienda-electoral-en-eu\/","title":{"rendered":"La frontera con M\u00e9xico, al centro de la contienda electoral en EU"},"content":{"rendered":"<p><span style=\"font-size: 14pt;\">\u201cSomos Estados Unidos. M\u00e9xico har\u00e1 lo que nosotros digamos\u201d, declar\u00f3 el presidente de la c\u00e1mara baja, el republicano Mike Johnson al argumentar que el presidente Joe Biden no quiere ejercer su poder y obligar a M\u00e9xico actuar para frenar el flujo migratorio en la frontera.<\/span><\/p>\n<p><span style=\"font-size: 14pt;\">Con el duelo electoral entre Biden y su probable contrincante republicano Donald Trump trasladado a dos puntos diferentes de la frontera de Texas con M\u00e9xico este jueves, queda claro que el tema de control fronterizo ser\u00e1 uno de los principales campos de batalla de esta elecci\u00f3n. Esto marca un triunfo republicano al obligar a los dem\u00f3cratas a la defensiva sobre el tema, el mismo que fue central en la primera campa\u00f1a exitosa de Trump en 2016 y quien ahora repite el mismo gui\u00f3n.<\/span><\/p>\n<p><span style=\"font-size: 14pt;\">Con la visita dual, tambi\u00e9n qued\u00f3 claro que los republicanos ahora tienen una narrativa de que el problema con la frontera con M\u00e9xico es que Biden ha sido demasiado deferente con M\u00e9xico y no est\u00e1 obligando al mandatario mexicano, Andr\u00e9s Manuel L\u00f3pez Obrador, a reimponer medidas como Qu\u00e9date en Mexico tal como lo logr\u00f3 el entonces presidente Trump. Ese mensaje ahora se repite en el Congreso como lo declarado por Johnson este jueves, como en la frontera y en actos de campa\u00f1a a trav\u00e9s del pais.<\/span><\/p>\n<p><span style=\"font-size: 14pt;\">Horas antes de que Trump llegara a Eagle Pass en Texas este jueves, el l\u00edder republicano de la C\u00e1mara baja dijo en Washington que el presidente Biden no necesita leyes adicionales para controlar y hasta cerrar la frontera. \u201c\u00bfC\u00f3mo reduces el flujo? La respuesta es sencilla: reinstalas Qu\u00e9date en M\u00e9xico\u201d, afirm\u00f3 Johnson.<\/span><\/p>\n<p><span style=\"font-size: 14pt;\">Insisti\u00f3 que reimplementar ese programa reducir\u00eda el flujo en 70 por ciento &#8211; algo que analistas que estudiaron la \u00faltima vez que eso estaba estaba vigente concluyen que no tuvo nada cerca de ese impacto (<a href=\"https:\/\/www.jornada.com.mx\/2024\/02\/27\/mundo\/025n1mun\">https:\/\/www.jornada.com.mx\/2024\/02\/27\/mundo\/025n1mun<\/a>).<\/span><\/p>\n<p><span style=\"font-size: 14pt;\">\u201cLe dije al presidente eso otra vez en la Casa Blanca. \u00c9l dijo que no lo pod\u00eda hacer. Le dije que eso no era cierto. El dijo, \u2018pues Mexico no quiere eso\u2019. Le dije, \u201cSr. Presidente, somos Estados Unidos, M\u00e9xico har\u00e1 lo que nosotros digamos\u201d.<\/span><\/p>\n<p><span style=\"font-size: 14pt;\">El presidente de la c\u00e1mara, la figura m\u00e1s poderosa del gobierno estadunidense despu\u00e9s del presidente y vicepresidente, ha repetido esta narrativa varias veces, haciendo eco de lo que se ha vuelto parte normal de los discursos de Trump donde cuenta c\u00f3mo amenaz\u00f3 a M\u00e9xico con aranceles para obligar a ese gobierno aceptar Qu\u00e9date en M\u00e9xico y mover unas 28 mil \u201ctropas\u201d a la frontera con Estados Unidos.<\/span><\/p>\n<p><span style=\"font-size: 14pt;\">Este jueves en Texas, Biden y Trump intercambiaron mensajes culpando al otro por la \u201ccrisis\u201d migratoria en la frontera<\/span><\/p>\n<p><span style=\"font-size: 14pt;\">\u201cEsta es una invasi\u00f3n Biden\u201d, asever\u00f3 Trump ante un mitin en Eagle Pass, con el gobernador antimigrante Greg Abbott a su lado. Subray\u00f3 que esta invasi\u00f3n es una ola de \u201ccrimen migrante\u201d al mencionar delitos cometidos por inmigrantes indocumentados como el reciente homicidio de una estudiante universitaria en Georgia por un migrante venezolano. \u201cEsto es como una guerra\u201d, proclam\u00f3 en lo que es y ser\u00e1 su mensaje constante.<\/span><\/p>\n<p><span style=\"font-size: 14pt;\">Mientras pretend\u00eda escuchar a oficiales de la Patrulla Fronteriza y oficiales estatales incluyendo Guardia Nacional sobre lo que est\u00e1 ocurriendo en la frontera, hab\u00eda una bandera antigua de la \u201cguerra de independencia de Texas\u201d con la imagen de un ca\u00f1\u00f3n y el lema de \u201cven y toma esto\u201d. Este tipo de bandera ahora es utilizada por la Guardia Nacional de Texas desde el mes pasado despu\u00e9s de la disputa entre las autoridades estatales y federales sobre el uso de alambre de p\u00faas en barreras colocadas por el gobierno de Texas en el Rio Bravo, report\u00f3 el <em>New York Times<\/em>.<\/span><\/p>\n<p><span style=\"font-size: 14pt;\">Por su parte, Biden en una visita a Brownsville -un cruce fronterizo que no ha sido afectado por la llamada crisis migratoria reciente- responsabiliz\u00f3 a Trump de descarrilar un proyecto de ley \u201cbipartidista\u201d de \u201cseguridad fronteriza\u201d que promovi\u00f3 con medidas para contratar a otros mil 500 agentes fronterizos y, resalt\u00f3, la autoridad para \u201ccerrar la frontera\u201d de manera temporal m\u00e1s entre otras iniciativas que buscaba solucionar la crisis en la frontera. Ret\u00f3 a Trump ha sumarse al este esfuerzo, \u201clo podemos hacer juntos\u201d, ya que es \u201cla iniciativa de ley se seguridad fronteriza m\u00e1s dura, mas eficientes, mas efectiva que el pais jamas ha visto\u201d.<\/span><\/p>\n<p><span style=\"font-size: 14pt;\">Pero esa iniciativa de Biden ya era prueba de que los republicanos hab\u00edan logrado obligar al presidente de ceder a sus exigencias de tomar medidas extremas incluyendo \u201ccierres de la frontera\u201d para abordar la supuesta crisis migratoria contemplando medidas impulsadas por Trump cuando era presidente.<\/span><\/p>\n<p><span style=\"font-size: 14pt;\">Los republicanos insisten en que Biden ha dejado una \u201cfrontera abierta\u201d y que tiene que renovar el programa de Qu\u00e9date en Mexico implementado por Trump donde solicitantes de asilo en Estados Unidos son obligados a permanecer del lado mexicano mientras sus peticiones son evaluadas. Biden lo suspendi\u00f3 como contrario a las normas estadunidenses sobre refugiados, y M\u00e9xico ha declarado que no lo aceptar\u00e1 de nuevo.<\/span><\/p>\n<p><span style=\"font-size: 14pt;\">Pero tanto con el escenario de la frontera detr\u00e1s como alrededor del pa\u00eds, el debate no es sobre c\u00f3mo resolver el problema sino de c\u00f3mo usarlo en el teatro electoral. Los inmigrantes y sus experiencias son s\u00f3lo partes secundarias del reparto en esta obra.<\/span><\/p>\n<p><span style=\"font-size: 14pt;\">Por otro lado, pero tambi\u00e9n en Texas, un juez federal orden\u00f3 al gobierno estatal suspender una ley que otorga autoridad a la polic\u00eda para detener a individuos que sospechan de ser inmigrantes indocumentados. El gobierno estatal ha argumentado que enfrenta \u201cuna invasi\u00f3n\u201d por su frontera y que tiene el derecho de actuar de manera unilateral para enfrentarla. Pero el juez Allen Ezra afirm\u00f3 en su orden que esa ley \u201camenaza la noci\u00f3n fundamental de que Estados Unidos debe regular a la inmigraci\u00f3n con una sola voz\u201d, o sea, que es una funci\u00f3n federal.<\/span><\/p>\n<p><span style=\"font-size: 14pt;\">Pero al proceder esta elecci\u00f3n, esa \u201csola voz\u201d suena cada vez mas como la de Trump.<\/span><\/p>\n","protected":false},"excerpt":{"rendered":"<p>\u201cSomos Estados Unidos. M\u00e9xico har\u00e1 lo que nosotros digamos\u201d, declar\u00f3 el presidente de la c\u00e1mara baja, el republicano Mike Johnson<\/p>\n","protected":false},"author":4,"featured_media":32588,"comment_status":"closed","ping_status":"closed","sticky":false,"template":"","format":"standard","meta":{"colormag_page_container_layout":"default_layout","colormag_page_sidebar_layout":"default_layout","_jetpack_memberships_contains_paid_content":false,"footnotes":"","jetpack_publicize_message":"","jetpack_publicize_feature_enabled":true,"jetpack_social_post_already_shared":false,"jetpack_social_options":{"image_generator_settings":{"template":"highway","default_image_id":0,"font":"","enabled":false},"version":2}},"categories":[28],"tags":[1755,2617,1756],"class_list":["post-32587","post","type-post","status-publish","format-standard","has-post-thumbnail","hentry","category-internacional","tag-biden","tag-frontera-con-mexico","tag-trump"],"jetpack_publicize_connections":[],"jetpack_featured_media_url":"https:\/\/i0.wp.com\/politicosaldesnudo.com.mx\/wp-content\/uploads\/2024\/03\/la-frontera-con-mexico-al-centro-de-la-contienda-electoral-en-eu-7169html-trump-fronterajpg-1205html-97694a84-670d-4cf7-8a9b-09d1d01cc9b7.jpg?fit=640%2C427&ssl=1","jetpack-related-posts":[],"jetpack_sharing_enabled":true,"_links":{"self":[{"href":"https:\/\/politicosaldesnudo.com.mx\/index.php\/wp-json\/wp\/v2\/posts\/32587","targetHints":{"allow":["GET"]}}],"collection":[{"href":"https:\/\/politicosaldesnudo.com.mx\/index.php\/wp-json\/wp\/v2\/posts"}],"about":[{"href":"https:\/\/politicosaldesnudo.com.mx\/index.php\/wp-json\/wp\/v2\/types\/post"}],"author":[{"embeddable":true,"href":"https:\/\/politicosaldesnudo.com.mx\/index.php\/wp-json\/wp\/v2\/users\/4"}],"replies":[{"embeddable":true,"href":"https:\/\/politicosaldesnudo.com.mx\/index.php\/wp-json\/wp\/v2\/comments?post=32587"}],"version-history":[{"count":0,"href":"https:\/\/politicosaldesnudo.com.mx\/index.php\/wp-json\/wp\/v2\/posts\/32587\/revisions"}],"wp:featuredmedia":[{"embeddable":true,"href":"https:\/\/politicosaldesnudo.com.mx\/index.php\/wp-json\/wp\/v2\/media\/32588"}],"wp:attachment":[{"href":"https:\/\/politicosaldesnudo.com.mx\/index.php\/wp-json\/wp\/v2\/media?parent=32587"}],"wp:term":[{"taxonomy":"category","embeddable":true,"href":"https:\/\/politicosaldesnudo.com.mx\/index.php\/wp-json\/wp\/v2\/categories?post=32587"},{"taxonomy":"post_tag","embeddable":true,"href":"https:\/\/politicosaldesnudo.com.mx\/index.php\/wp-json\/wp\/v2\/tags?post=32587"}],"curies":[{"name":"wp","href":"https:\/\/api.w.org\/{rel}","templated":true}]}}